{"id":32534,"date":"2024-04-15T09:02:57","date_gmt":"2024-04-15T12:02:57","guid":{"rendered":"https:\/\/elfederalmendoza.com\/?p=32534"},"modified":"2024-04-15T09:02:58","modified_gmt":"2024-04-15T12:02:58","slug":"un-colectivo-lleno-de-pasajeros-choco-a-un-camion-en-el-acceso-este-y-varias-personas-resultaron-heridas","status":"publish","type":"post","link":"https:\/\/elfederalmendoza.com.ar\/index.php\/2024\/04\/15\/un-colectivo-lleno-de-pasajeros-choco-a-un-camion-en-el-acceso-este-y-varias-personas-resultaron-heridas\/","title":{"rendered":"Un colectivo lleno de pasajeros choc\u00f3 a un cami\u00f3n en el Acceso Este y varias personas resultaron heridas"},"content":{"rendered":"\n<p>Varias<strong>\u00a0personas resultaron heridas\u00a0<\/strong>luego que el colectivo en el que viajaban\u00a0<strong>choc\u00f3 de atr\u00e1s con un cami\u00f3n<\/strong>. Ocurri\u00f3 en el\u00a0<strong>Acceso Este y calle Tirasso, de Guaymall\u00e9n<\/strong>, donde armaron un amplio operativo para asistir a los pasajeros y para despejar la calzada. Pidieron circular con precauci\u00f3n y tomar v\u00edas alternativas hasta que terminen los peritajes.<\/p>\n\n\n\n<p>El accidente ocurri\u00f3 alrededor de las 7 de este lunes en\u00a0<strong>la mano Oeste del Acceso Este, calle Tirasso y Puente de Hierro, de Guaymall\u00e9n<\/strong>. Se trata de un micro de la empresa Dicetours que sali\u00f3 de La Paz con\u00a0<strong>46 pasajeros\u00a0<\/strong>y ten\u00eda como destino\u00a0<strong>la Ciudad de Mendoza.<\/strong><\/p>\n\n\n\n<p>Repentinamente el colectivo\u00a0<strong>choc\u00f3 por detr\u00e1s a un cami\u00f3n que circulaba en el mismo sentido<\/strong>, y la mayor\u00eda de los pasajeros sufrieron golpes. Indicaron que el camionero hab\u00eda bajado la velocidad debido a que<strong>\u00a0unos metros m\u00e1s adelante hab\u00eda otro accidente entre dos veh\u00edculos.<\/strong><\/p>\n\n\n\n<figure class=\"wp-block-image size-full\"><img loading=\"lazy\" decoding=\"async\" width=\"1012\" height=\"568\" src=\"https:\/\/elfederalmendoza.com\/wp-content\/uploads\/2024\/04\/ACC.jpg\" alt=\"\" class=\"wp-image-32536\" srcset=\"https:\/\/elfederalmendoza.com.ar\/wp-content\/uploads\/2024\/04\/ACC.jpg 1012w, https:\/\/elfederalmendoza.com.ar\/wp-content\/uploads\/2024\/04\/ACC-300x168.jpg 300w, https:\/\/elfederalmendoza.com.ar\/wp-content\/uploads\/2024\/04\/ACC-768x431.jpg 768w\" sizes=\"auto, (max-width: 1012px) 100vw, 1012px\" \/><\/figure>\n\n\n\n<p>El conductor del micro sufri\u00f3 algunas heridas pero est\u00e1 fuera de peligro, mientras que un&nbsp;<strong>hombre sufri\u00f3 una fractura en su tobillo, una mujer fue asistida por fracturas en sus piernas y un joven fue asistido por un fuerte golpe en su cabeza.<\/strong><\/p>\n\n\n\n<figure class=\"wp-block-image\"><img decoding=\"async\" src=\"https:\/\/media.diariouno.com.ar\/p\/5e3aad04511f99e4b4a3b76fae19bd9b\/adjuntos\/298\/imagenes\/009\/321\/0009321499\/1200x0\/smart\/accidentes-mendoza-acceso-este-y-tirasso-guaymallen-4jpg.jpg\" alt=\"Varias ambulancias llegaron al lugar del accidente en Acceso Este y calle Tirasso, de Guyamall\u00e9n para asistir a las v\u00edctimas.\" title=\"Varias ambulancias llegaron al lugar del accidente en Acceso Este y calle Tirasso, de Guyamall\u00e9n para asistir a las v\u00edctimas.\"\/><\/figure>\n\n\n\n<p>Varias ambulancias llegaron al lugar del accidente en Acceso Este y calle Tirasso, de Guyamall\u00e9n para asistir a las v\u00edctimas.<\/p>\n\n\n\n<p>Foto: Mat\u00edas Pascualetti\/ Radio Nihuil<\/p>\n\n\n\n<p>Por su parte, el chofer del cami\u00f3n oriundo de Paraguay que result\u00f3 ileso indic\u00f3: \u00abYo ven\u00eda a velocidad normal y a 200 metros mio hab\u00eda un choque.<strong>&nbsp;Fren\u00e9 normalmente y en ese momento el bus me impacto en el furg\u00f3n. Le prend\u00ed las luces y todo, pero ven\u00eda fuerte por eso no pudo frenar y atajar el furg\u00f3n<\/strong>. Cuando me di cuenta que hab\u00eda fila de veh\u00edculos hice la frenada, sino me iba a pasar lo mismo\u00bb.<\/p>\n\n\n\n<figure class=\"wp-block-image\"><img decoding=\"async\" src=\"https:\/\/media.diariouno.com.ar\/p\/1e5497018709a566c5c682dfce202edd\/adjuntos\/298\/imagenes\/009\/321\/0009321500\/1200x0\/smart\/accidentes-mendoza-acceso-este-y-tirasso-guaymallen-5jpg.jpg\" alt=\"Una pasajera indic\u00f3 que sab\u00edan que esto pod\u00eda pasar en cualquier momento por la velocidad en la que circulan por el Acceso Este.\" title=\"Una pasajera indic\u00f3 que sab\u00edan que esto pod\u00eda pasar en cualquier momento por la velocidad en la que circulan por el Acceso Este.\"\/><\/figure>\n\n\n\n<p>Una pasajera indic\u00f3 que sab\u00edan que esto pod\u00eda pasar en cualquier momento por la velocidad en la que circulan por el Acceso Este.<\/p>\n\n\n\n<p>Foto: Mat\u00edas Pascualetti\/ Radio Nihuil<\/p>\n\n\n\n<h2 class=\"wp-block-heading\">Gran operativo tras el accidente en el Acceso Este<\/h2>\n\n\n\n<p>Varias ambulancias del&nbsp;<strong>Servicio de Emergencias Coordinado, polic\u00edas, dos dotaciones de ambulancias y personal de Tr\u00e1nsito de Guaymall\u00e9n<\/strong>&nbsp;montaron un amplio operativo en el lugar del accidente.<\/p>\n\n\n\n<figure class=\"wp-block-image\"><img decoding=\"async\" src=\"https:\/\/media.diariouno.com.ar\/p\/426f637832db832a5a4e4ea6183e60ba\/adjuntos\/298\/imagenes\/009\/321\/0009321502\/1200x0\/smart\/accidentes-mendoza-acceso-este-y-tirasso-guaymallen-3jpg.jpg\" alt=\"Amplio despliegue policial para asistir a las personas y despejar la calzada.\" title=\"Amplio despliegue policial para asistir a las personas y despejar la calzada.\"\/><\/figure>\n\n\n\n<p>Amplio despliegue policial para asistir a las personas y despejar la calzada.<\/p>\n\n\n\n<p>Foto: Mat\u00edas Pascualetti\/ Radio Nihuil<\/p>\n\n\n\n<p>Por el accidente entre el micro y el cami\u00f3n, cortaron completamente la circulaci\u00f3n en ese tramo del Acceso Este y&nbsp;<strong>desviaron a todos los que circulaban al Oeste antes de calle Tirasso.<\/strong><\/p>\n\n\n\n<p>Una pasajera indic\u00f3 que iba mucha gente parada. En su caso, ella estaba sentada y dormida, y se despert\u00f3 en el momento del impacto. Se lastim\u00f3 las rodillas al golpearse con el asiento de adelante de ella. \u00ab<strong>Cuando mir\u00e9 vi mucha gente descompuesta, herida, tirada en el suelo<\/strong>\u00ab.<\/p>\n\n\n\n<p><\/p>\n","protected":false},"excerpt":{"rendered":"<p>Varias\u00a0personas resultaron heridas\u00a0luego que el colectivo en el que viajaban\u00a0choc\u00f3 de atr\u00e1s con un cami\u00f3n. Ocurri\u00f3 en el\u00a0Acceso Este y calle Tirasso, de Guaymall\u00e9n, donde armaron un amplio operativo para asistir a los pasajeros y para despejar la calzada. Pidieron circular con precauci\u00f3n y tomar v\u00edas alternativas hasta que terminen los peritajes. El accidente ocurri\u00f3<a class=\"read-more\" href=\"https:\/\/elfederalmendoza.com.ar\/index.php\/2024\/04\/15\/un-colectivo-lleno-de-pasajeros-choco-a-un-camion-en-el-acceso-este-y-varias-personas-resultaron-heridas\/\"> [&hellip;]<\/a><\/p>\n","protected":false},"author":2,"featured_media":32537,"comment_status":"open","ping_status":"open","sticky":false,"template":"","format":"standard","meta":{"footnotes":""},"categories":[1],"tags":[],"class_list":["post-32534","post","type-post","status-publish","format-standard","has-post-thumbnail","hentry","category-mza"],"rttpg_featured_image_url":{"full":["https:\/\/elfederalmendoza.com.ar\/wp-content\/uploads\/2024\/04\/ACC1.jpg",1325,734,false],"landscape":["https:\/\/elfederalmendoza.com.ar\/wp-content\/uploads\/2024\/04\/ACC1.jpg",1325,734,false],"portraits":["https:\/\/elfederalmendoza.com.ar\/wp-content\/uploads\/2024\/04\/ACC1.jpg",1325,734,false],"thumbnail":["https:\/\/elfederalmendoza.com.ar\/wp-content\/uploads\/2024\/04\/ACC1-150x150.jpg",150,150,true],"medium":["https:\/\/elfederalmendoza.com.ar\/wp-content\/uploads\/2024\/04\/ACC1-300x166.jpg",300,166,true],"large":["https:\/\/elfederalmendoza.com.ar\/wp-content\/uploads\/2024\/04\/ACC1-1024x567.jpg",640,354,true],"1536x1536":["https:\/\/elfederalmendoza.com.ar\/wp-content\/uploads\/2024\/04\/ACC1.jpg",1325,734,false],"2048x2048":["https:\/\/elfederalmendoza.com.ar\/wp-content\/uploads\/2024\/04\/ACC1.jpg",1325,734,false],"ultp_layout_landscape_large":["https:\/\/elfederalmendoza.com.ar\/wp-content\/uploads\/2024\/04\/ACC1-1200x734.jpg",1200,734,true],"ultp_layout_landscape":["https:\/\/elfederalmendoza.com.ar\/wp-content\/uploads\/2024\/04\/ACC1-870x570.jpg",870,570,true],"ultp_layout_portrait":["https:\/\/elfederalmendoza.com.ar\/wp-content\/uploads\/2024\/04\/ACC1-600x734.jpg",600,734,true],"ultp_layout_square":["https:\/\/elfederalmendoza.com.ar\/wp-content\/uploads\/2024\/04\/ACC1-600x600.jpg",600,600,true],"rpwe-thumbnail":["https:\/\/elfederalmendoza.com.ar\/wp-content\/uploads\/2024\/04\/ACC1-45x45.jpg",45,45,true],"advps-thumb-one":["https:\/\/elfederalmendoza.com.ar\/wp-content\/uploads\/2024\/04\/ACC1-1200x420.jpg",1200,420,true]},"rttpg_author":{"display_name":"Redacci\u00f3n El Federal","author_link":"https:\/\/elfederalmendoza.com.ar\/index.php\/author\/angelflores\/"},"rttpg_comment":0,"rttpg_category":"<a href=\"https:\/\/elfederalmendoza.com.ar\/index.php\/category\/mza\/\" rel=\"category tag\">Mendoza<\/a>","rttpg_excerpt":"Varias\u00a0personas resultaron heridas\u00a0luego que el colectivo en el que viajaban\u00a0choc\u00f3 de atr\u00e1s con un cami\u00f3n. Ocurri\u00f3 en el\u00a0Acceso Este y calle Tirasso, de Guaymall\u00e9n, donde armaron un amplio operativo para asistir a los pasajeros y para despejar la calzada. Pidieron circular con precauci\u00f3n y tomar v\u00edas alternativas hasta que terminen los peritajes. El accidente ocurri\u00f3&hellip;","_links":{"self":[{"href":"https:\/\/elfederalmendoza.com.ar\/index.php\/wp-json\/wp\/v2\/posts\/32534","targetHints":{"allow":["GET"]}}],"collection":[{"href":"https:\/\/elfederalmendoza.com.ar\/index.php\/wp-json\/wp\/v2\/posts"}],"about":[{"href":"https:\/\/elfederalmendoza.com.ar\/index.php\/wp-json\/wp\/v2\/types\/post"}],"author":[{"embeddable":true,"href":"https:\/\/elfederalmendoza.com.ar\/index.php\/wp-json\/wp\/v2\/users\/2"}],"replies":[{"embeddable":true,"href":"https:\/\/elfederalmendoza.com.ar\/index.php\/wp-json\/wp\/v2\/comments?post=32534"}],"version-history":[{"count":1,"href":"https:\/\/elfederalmendoza.com.ar\/index.php\/wp-json\/wp\/v2\/posts\/32534\/revisions"}],"predecessor-version":[{"id":32538,"href":"https:\/\/elfederalmendoza.com.ar\/index.php\/wp-json\/wp\/v2\/posts\/32534\/revisions\/32538"}],"wp:featuredmedia":[{"embeddable":true,"href":"https:\/\/elfederalmendoza.com.ar\/index.php\/wp-json\/wp\/v2\/media\/32537"}],"wp:attachment":[{"href":"https:\/\/elfederalmendoza.com.ar\/index.php\/wp-json\/wp\/v2\/media?parent=32534"}],"wp:term":[{"taxonomy":"category","embeddable":true,"href":"https:\/\/elfederalmendoza.com.ar\/index.php\/wp-json\/wp\/v2\/categories?post=32534"},{"taxonomy":"post_tag","embeddable":true,"href":"https:\/\/elfederalmendoza.com.ar\/index.php\/wp-json\/wp\/v2\/tags?post=32534"}],"curies":[{"name":"wp","href":"https:\/\/api.w.org\/{rel}","templated":true}]}}