{"id":32540,"date":"2024-04-15T11:24:32","date_gmt":"2024-04-15T14:24:32","guid":{"rendered":"https:\/\/elfederalmendoza.com\/?p=32540"},"modified":"2024-04-15T11:24:33","modified_gmt":"2024-04-15T14:24:33","slug":"alerta-naranja-por-posibles-ataques-terroristas-en-argentina","status":"publish","type":"post","link":"https:\/\/elfederalmendoza.com.ar\/index.php\/2024\/04\/15\/alerta-naranja-por-posibles-ataques-terroristas-en-argentina\/","title":{"rendered":"Alerta naranja por posibles ataques terroristas en Argentina"},"content":{"rendered":"\n<p>La fuerza federal a cargo de <strong>Patricia Bullrich<\/strong> redobl\u00f3 esfuerzos en puntos como la embajada del Estado jud\u00edo, as\u00ed como la protecci\u00f3n a funcionarios internacionales. La PSA reforz\u00f3 la protecci\u00f3n en aeropuertos. La Triple Frontera es otro punto caliente.<\/p>\n\n\n\n<p>La\u00a0<strong>Polic\u00eda Federal Argentina a cargo del Ministerio de Seguridad de Patricia Bullrich se declar\u00f3 en alerta naranja<\/strong>\u00a0tras los ataques a Israel cometidos por Ir\u00e1n el fin de semana \u00faltimo, seg\u00fan confirmaron fuentes oficiales a\u00a0<strong>Infobae<\/strong>. La medida fue tomada poco despu\u00e9s de que se conociera la noticia el s\u00e1bado por la tarde.<a href=\"https:\/\/www.infobae.com\/sociedad\/policiales\/2024\/04\/15\/aberrante-detuvieron-a-una-mujer-buscada-por-prostituir-a-sus-hijos-tras-verla-en-un-movil-de-television\/\" target=\"_blank\" rel=\"noreferrer noopener\"><\/a><\/p>\n\n\n\n<p>El estado de m\u00e1xima alerta&nbsp;<strong>incluy\u00f3 el refuerzo de la vigilancia existente en puntos como la Embajada de Israel, la Casa de Gobierno y diversos puntos de la comunidad jud\u00eda<\/strong>&nbsp;a lo largo del pa\u00eds. Tambi\u00e9n se dio especial foco a la custodia de funcionarios internacionales que viven en el pa\u00eds. La Triple Frontera, vigilada por una divisi\u00f3n espec\u00edfica creada por la Superintendencia de Investigaciones Federales en la gesti\u00f3n de An\u00edbal Fern\u00e1ndez, es otro punto caliente que la PFA supervisa.<\/p>\n\n\n\n<p>Las fuentes consultadas, por lo pronto,<strong>\u00a0no hablan de ning\u00fan operativo o despliegue especial por fuera de las estrategias usuales<\/strong>, solo de un incremento de recursos. La Divisi\u00f3n Custodia de la PFA -que se encarga, por ejemplo, de proteger edificios estatales y de la seguridad del presidente Javier Milei- es la principal afectada a la situaci\u00f3n, aunque, llegado el caso,\u00a0<strong>\u201ctoda la Polic\u00eda Federal se encuentra afectada\u201d<\/strong>, asegura un funcionario de alto rango.<a href=\"https:\/\/www.infobae.com\/sociedad\/policiales\/2024\/04\/15\/dos-detenidos-se-fugaron-de-una-comisaria-en-villa-urquiza-rompieron-los-barrotes-y-huyeron\/\" target=\"_blank\" rel=\"noreferrer noopener\"><\/a><\/p>\n\n\n\n<p>La&nbsp;<strong>PSA<\/strong>, por su parte,&nbsp;<strong>reforz\u00f3 la seguridad en aeropuertos.<\/strong><\/p>\n\n\n\n<p><img loading=\"lazy\" decoding=\"async\" alt=\"El presidente Milei y el embajador israel\u00ed Eyal Sela\" height=\"658\" width=\"1170\" class=\"\" src=\"https:\/\/www.infobae.com\/new-resizer\/Upvg-uuKWSbEvYbTQRZD99D4m4s=\/420x236\/filters:format(webp):quality(85)\/cloudfront-us-east-1.images.arcpublishing.com\/infobae\/ZZ43PPJBBJABLPHFJBFHJ2SWJE.jpg%20420w\" srcset=\"https:\/\/www.infobae.com\/new-resizer\/Upvg-uuKWSbEvYbTQRZD99D4m4s=\/420x236\/filters:format(webp):quality(85)\/cloudfront-us-east-1.images.arcpublishing.com\/infobae\/ZZ43PPJBBJABLPHFJBFHJ2SWJE.jpg 420w,https:\/\/www.infobae.com\/new-resizer\/sHQ7B-O3_qGOMZCfpIW6tP3D-Y0=\/768x432\/filters:format(webp):quality(85)\/cloudfront-us-east-1.images.arcpublishing.com\/infobae\/ZZ43PPJBBJABLPHFJBFHJ2SWJE.jpg 768w,https:\/\/www.infobae.com\/new-resizer\/jfSaoqw3deqSz0siTJ7BcIgir3Y=\/992x558\/filters:format(webp):quality(85)\/cloudfront-us-east-1.images.arcpublishing.com\/infobae\/ZZ43PPJBBJABLPHFJBFHJ2SWJE.jpg 992w,https:\/\/www.infobae.com\/new-resizer\/N2S4DeUexXWey9lA6U-hcBnMzaQ=\/1200x675\/filters:format(webp):quality(85)\/cloudfront-us-east-1.images.arcpublishing.com\/infobae\/ZZ43PPJBBJABLPHFJBFHJ2SWJE.jpg 1200w,https:\/\/www.infobae.com\/new-resizer\/Oj8tsKncxYtn4A7FWqH8hcPze7M=\/1440x810\/filters:format(webp):quality(85)\/cloudfront-us-east-1.images.arcpublishing.com\/infobae\/ZZ43PPJBBJABLPHFJBFHJ2SWJE.jpg 1440w\">El presidente Milei y el embajador israel\u00ed Eyal Sela<\/p>\n\n\n\n<p>La medida tomada por la PFA ocurre en sinton\u00edacon<strong>\u00a0el regreso del presidente Milei desde Estados Unidos<\/strong>, que interrumpi\u00f3 su viaje a Dinamarca a causa de los ataques, tras su visita en Texas al empresario Elon Musk.<a href=\"https:\/\/www.infobae.com\/sociedad\/policiales\/2024\/04\/14\/discusion-drogas-y-tiros-en-una-fiesta-privada-en-san-justo-un-muerto-un-detenido-y-un-profugo\/\" target=\"_blank\" rel=\"noreferrer noopener\"><\/a><\/p>\n\n\n\n<p>Al llegar, encabez\u00f3 una reuni\u00f3n de Gabinete, en la que analiz\u00f3 la&nbsp;<strong>seguridad nacional.&nbsp;<\/strong>Luego de escuchar las palabras del embajador de Israel en la Argentina,<strong>&nbsp;Eyal Sela<\/strong>, quien personalmente asisti\u00f3 para dar precisiones de los ataques iran\u00edes en su pa\u00eds, el Gabinete de ministros pas\u00f3 a conversar sobre&nbsp;<strong>las implicancias que ese conflicto podr\u00eda tener en la Argentina<\/strong>&nbsp;y sobre las acciones que cada \u00e1rea est\u00e1 llevando adelante al respecto de esta situaci\u00f3n.<\/p>\n\n\n\n<p>As\u00ed, los funcionarios nacionales analizaron en profundidad los<strong>&nbsp;informes de los enlaces de Inteligencia, Seguridad, Defensa, Canciller\u00eda, Interior y Estrategia<\/strong>&nbsp;del Gobierno, que alertaron sobre las debilidades que existen a nivel local frente a estos grupos terroristas. As\u00ed, Milei cre\u00f3<strong>&nbsp;un comit\u00e9 de crisis vinculado con las Fuerzas Armadas y de seguridad<\/strong>.<\/p>\n","protected":false},"excerpt":{"rendered":"<p>La fuerza federal a cargo de Patricia Bullrich redobl\u00f3 esfuerzos en puntos como la embajada del Estado jud\u00edo, as\u00ed como la protecci\u00f3n a funcionarios internacionales. La PSA reforz\u00f3 la protecci\u00f3n en aeropuertos. La Triple Frontera es otro punto caliente. La\u00a0Polic\u00eda Federal Argentina a cargo del Ministerio de Seguridad de Patricia Bullrich se declar\u00f3 en alerta<a class=\"read-more\" href=\"https:\/\/elfederalmendoza.com.ar\/index.php\/2024\/04\/15\/alerta-naranja-por-posibles-ataques-terroristas-en-argentina\/\"> [&hellip;]<\/a><\/p>\n","protected":false},"author":2,"featured_media":32542,"comment_status":"open","ping_status":"open","sticky":false,"template":"","format":"standard","meta":{"footnotes":""},"categories":[5618],"tags":[],"class_list":["post-32540","post","type-post","status-publish","format-standard","has-post-thumbnail","hentry","category-arg"],"rttpg_featured_image_url":{"full":["https:\/\/elfederalmendoza.com.ar\/wp-content\/uploads\/2024\/04\/pfa.jpg",1142,757,false],"landscape":["https:\/\/elfederalmendoza.com.ar\/wp-content\/uploads\/2024\/04\/pfa.jpg",1142,757,false],"portraits":["https:\/\/elfederalmendoza.com.ar\/wp-content\/uploads\/2024\/04\/pfa.jpg",1142,757,false],"thumbnail":["https:\/\/elfederalmendoza.com.ar\/wp-content\/uploads\/2024\/04\/pfa-150x150.jpg",150,150,true],"medium":["https:\/\/elfederalmendoza.com.ar\/wp-content\/uploads\/2024\/04\/pfa-300x199.jpg",300,199,true],"large":["https:\/\/elfederalmendoza.com.ar\/wp-content\/uploads\/2024\/04\/pfa-1024x679.jpg",640,424,true],"1536x1536":["https:\/\/elfederalmendoza.com.ar\/wp-content\/uploads\/2024\/04\/pfa.jpg",1142,757,false],"2048x2048":["https:\/\/elfederalmendoza.com.ar\/wp-content\/uploads\/2024\/04\/pfa.jpg",1142,757,false],"ultp_layout_landscape_large":["https:\/\/elfederalmendoza.com.ar\/wp-content\/uploads\/2024\/04\/pfa.jpg",1142,757,false],"ultp_layout_landscape":["https:\/\/elfederalmendoza.com.ar\/wp-content\/uploads\/2024\/04\/pfa-870x570.jpg",870,570,true],"ultp_layout_portrait":["https:\/\/elfederalmendoza.com.ar\/wp-content\/uploads\/2024\/04\/pfa-600x757.jpg",600,757,true],"ultp_layout_square":["https:\/\/elfederalmendoza.com.ar\/wp-content\/uploads\/2024\/04\/pfa-600x600.jpg",600,600,true],"rpwe-thumbnail":["https:\/\/elfederalmendoza.com.ar\/wp-content\/uploads\/2024\/04\/pfa-45x45.jpg",45,45,true],"advps-thumb-one":["https:\/\/elfederalmendoza.com.ar\/wp-content\/uploads\/2024\/04\/pfa-1142x420.jpg",1142,420,true]},"rttpg_author":{"display_name":"Redacci\u00f3n El Federal","author_link":"https:\/\/elfederalmendoza.com.ar\/index.php\/author\/angelflores\/"},"rttpg_comment":0,"rttpg_category":"<a href=\"https:\/\/elfederalmendoza.com.ar\/index.php\/category\/arg\/\" rel=\"category tag\">Argentina<\/a>","rttpg_excerpt":"La fuerza federal a cargo de Patricia Bullrich redobl\u00f3 esfuerzos en puntos como la embajada del Estado jud\u00edo, as\u00ed como la protecci\u00f3n a funcionarios internacionales. La PSA reforz\u00f3 la protecci\u00f3n en aeropuertos. La Triple Frontera es otro punto caliente. La\u00a0Polic\u00eda Federal Argentina a cargo del Ministerio de Seguridad de Patricia Bullrich se declar\u00f3 en alerta&hellip;","_links":{"self":[{"href":"https:\/\/elfederalmendoza.com.ar\/index.php\/wp-json\/wp\/v2\/posts\/32540","targetHints":{"allow":["GET"]}}],"collection":[{"href":"https:\/\/elfederalmendoza.com.ar\/index.php\/wp-json\/wp\/v2\/posts"}],"about":[{"href":"https:\/\/elfederalmendoza.com.ar\/index.php\/wp-json\/wp\/v2\/types\/post"}],"author":[{"embeddable":true,"href":"https:\/\/elfederalmendoza.com.ar\/index.php\/wp-json\/wp\/v2\/users\/2"}],"replies":[{"embeddable":true,"href":"https:\/\/elfederalmendoza.com.ar\/index.php\/wp-json\/wp\/v2\/comments?post=32540"}],"version-history":[{"count":1,"href":"https:\/\/elfederalmendoza.com.ar\/index.php\/wp-json\/wp\/v2\/posts\/32540\/revisions"}],"predecessor-version":[{"id":32543,"href":"https:\/\/elfederalmendoza.com.ar\/index.php\/wp-json\/wp\/v2\/posts\/32540\/revisions\/32543"}],"wp:featuredmedia":[{"embeddable":true,"href":"https:\/\/elfederalmendoza.com.ar\/index.php\/wp-json\/wp\/v2\/media\/32542"}],"wp:attachment":[{"href":"https:\/\/elfederalmendoza.com.ar\/index.php\/wp-json\/wp\/v2\/media?parent=32540"}],"wp:term":[{"taxonomy":"category","embeddable":true,"href":"https:\/\/elfederalmendoza.com.ar\/index.php\/wp-json\/wp\/v2\/categories?post=32540"},{"taxonomy":"post_tag","embeddable":true,"href":"https:\/\/elfederalmendoza.com.ar\/index.php\/wp-json\/wp\/v2\/tags?post=32540"}],"curies":[{"name":"wp","href":"https:\/\/api.w.org\/{rel}","templated":true}]}}