{"id":32545,"date":"2024-04-16T09:22:19","date_gmt":"2024-04-16T12:22:19","guid":{"rendered":"https:\/\/elfederalmendoza.com\/?p=32545"},"modified":"2024-04-16T09:22:20","modified_gmt":"2024-04-16T12:22:20","slug":"murio-un-nene-de-2-anos-ahogado-en-lujan","status":"publish","type":"post","link":"https:\/\/elfederalmendoza.com.ar\/index.php\/2024\/04\/16\/murio-un-nene-de-2-anos-ahogado-en-lujan\/","title":{"rendered":"Muri\u00f3 un nene de 2 a\u00f1os ahogado en Luj\u00e1n"},"content":{"rendered":"\n<p>Un ni\u00f1o de 2 a\u00f1os de edad muri\u00f3 esta lunes por la tarde en el departamento de Luj\u00e1n de Cuyo.<\/p>\n\n\n\n<p>El hecho ocurri\u00f3 pasadas las 18 en una casa de la <strong>manzana C del barrio Bertona<\/strong>. All\u00ed el chico se encontraba con sus padres de visita en la casa del t\u00edo.<\/p>\n\n\n\n<p>Los adultos perdieron de vista al peque\u00f1o y desesperados lo buscaron por toda la casa, encontr\u00e1ndolo dentro de la pileta ubicada al fondo de la vivienda.\u00a0<\/p>\n\n\n\n<p>Los padres lo sacaron del agua pero el chico no reaccionaba, por lo que lo llevaron al Centro de Salud N\u00b0 31 de Luj\u00e1n. <strong>Lamentablemente ingres\u00f3 sin signos vitales y constataron su fallecimiento.<\/strong><\/p>\n\n\n\n<figure class=\"wp-block-image is-resized\"><img decoding=\"async\" src=\"https:\/\/www.mendozapost.com\/files\/image\/562\/562617\/661e690f5abd7_570_352!.jpg?s=63332e2f7bb5d941573755028121fc16&amp;d=1713269079\" alt=\"\" style=\"width:840px;height:auto\"\/><\/figure>\n","protected":false},"excerpt":{"rendered":"<p>Un ni\u00f1o de 2 a\u00f1os de edad muri\u00f3 esta lunes por la tarde en el departamento de Luj\u00e1n de Cuyo. El hecho ocurri\u00f3 pasadas las 18 en una casa de la manzana C del barrio Bertona. All\u00ed el chico se encontraba con sus padres de visita en la casa del t\u00edo. Los adultos perdieron de<a class=\"read-more\" href=\"https:\/\/elfederalmendoza.com.ar\/index.php\/2024\/04\/16\/murio-un-nene-de-2-anos-ahogado-en-lujan\/\"> [&hellip;]<\/a><\/p>\n","protected":false},"author":2,"featured_media":32547,"comment_status":"open","ping_status":"open","sticky":false,"template":"","format":"standard","meta":{"footnotes":""},"categories":[1],"tags":[],"class_list":["post-32545","post","type-post","status-publish","format-standard","has-post-thumbnail","hentry","category-mza"],"rttpg_featured_image_url":{"full":["https:\/\/elfederalmendoza.com.ar\/wp-content\/uploads\/2024\/04\/lujan.jpg",1502,885,false],"landscape":["https:\/\/elfederalmendoza.com.ar\/wp-content\/uploads\/2024\/04\/lujan.jpg",1502,885,false],"portraits":["https:\/\/elfederalmendoza.com.ar\/wp-content\/uploads\/2024\/04\/lujan.jpg",1502,885,false],"thumbnail":["https:\/\/elfederalmendoza.com.ar\/wp-content\/uploads\/2024\/04\/lujan-150x150.jpg",150,150,true],"medium":["https:\/\/elfederalmendoza.com.ar\/wp-content\/uploads\/2024\/04\/lujan-300x177.jpg",300,177,true],"large":["https:\/\/elfederalmendoza.com.ar\/wp-content\/uploads\/2024\/04\/lujan-1024x603.jpg",640,377,true],"1536x1536":["https:\/\/elfederalmendoza.com.ar\/wp-content\/uploads\/2024\/04\/lujan.jpg",1502,885,false],"2048x2048":["https:\/\/elfederalmendoza.com.ar\/wp-content\/uploads\/2024\/04\/lujan.jpg",1502,885,false],"ultp_layout_landscape_large":["https:\/\/elfederalmendoza.com.ar\/wp-content\/uploads\/2024\/04\/lujan-1200x800.jpg",1200,800,true],"ultp_layout_landscape":["https:\/\/elfederalmendoza.com.ar\/wp-content\/uploads\/2024\/04\/lujan-870x570.jpg",870,570,true],"ultp_layout_portrait":["https:\/\/elfederalmendoza.com.ar\/wp-content\/uploads\/2024\/04\/lujan-600x885.jpg",600,885,true],"ultp_layout_square":["https:\/\/elfederalmendoza.com.ar\/wp-content\/uploads\/2024\/04\/lujan-600x600.jpg",600,600,true],"rpwe-thumbnail":["https:\/\/elfederalmendoza.com.ar\/wp-content\/uploads\/2024\/04\/lujan-45x45.jpg",45,45,true],"advps-thumb-one":["https:\/\/elfederalmendoza.com.ar\/wp-content\/uploads\/2024\/04\/lujan-1200x420.jpg",1200,420,true]},"rttpg_author":{"display_name":"Redacci\u00f3n El Federal","author_link":"https:\/\/elfederalmendoza.com.ar\/index.php\/author\/angelflores\/"},"rttpg_comment":0,"rttpg_category":"<a href=\"https:\/\/elfederalmendoza.com.ar\/index.php\/category\/mza\/\" rel=\"category tag\">Mendoza<\/a>","rttpg_excerpt":"Un ni\u00f1o de 2 a\u00f1os de edad muri\u00f3 esta lunes por la tarde en el departamento de Luj\u00e1n de Cuyo. El hecho ocurri\u00f3 pasadas las 18 en una casa de la manzana C del barrio Bertona. All\u00ed el chico se encontraba con sus padres de visita en la casa del t\u00edo. Los adultos perdieron de&hellip;","_links":{"self":[{"href":"https:\/\/elfederalmendoza.com.ar\/index.php\/wp-json\/wp\/v2\/posts\/32545","targetHints":{"allow":["GET"]}}],"collection":[{"href":"https:\/\/elfederalmendoza.com.ar\/index.php\/wp-json\/wp\/v2\/posts"}],"about":[{"href":"https:\/\/elfederalmendoza.com.ar\/index.php\/wp-json\/wp\/v2\/types\/post"}],"author":[{"embeddable":true,"href":"https:\/\/elfederalmendoza.com.ar\/index.php\/wp-json\/wp\/v2\/users\/2"}],"replies":[{"embeddable":true,"href":"https:\/\/elfederalmendoza.com.ar\/index.php\/wp-json\/wp\/v2\/comments?post=32545"}],"version-history":[{"count":1,"href":"https:\/\/elfederalmendoza.com.ar\/index.php\/wp-json\/wp\/v2\/posts\/32545\/revisions"}],"predecessor-version":[{"id":32548,"href":"https:\/\/elfederalmendoza.com.ar\/index.php\/wp-json\/wp\/v2\/posts\/32545\/revisions\/32548"}],"wp:featuredmedia":[{"embeddable":true,"href":"https:\/\/elfederalmendoza.com.ar\/index.php\/wp-json\/wp\/v2\/media\/32547"}],"wp:attachment":[{"href":"https:\/\/elfederalmendoza.com.ar\/index.php\/wp-json\/wp\/v2\/media?parent=32545"}],"wp:term":[{"taxonomy":"category","embeddable":true,"href":"https:\/\/elfederalmendoza.com.ar\/index.php\/wp-json\/wp\/v2\/categories?post=32545"},{"taxonomy":"post_tag","embeddable":true,"href":"https:\/\/elfederalmendoza.com.ar\/index.php\/wp-json\/wp\/v2\/tags?post=32545"}],"curies":[{"name":"wp","href":"https:\/\/api.w.org\/{rel}","templated":true}]}}