{"id":32550,"date":"2024-04-16T09:53:58","date_gmt":"2024-04-16T12:53:58","guid":{"rendered":"https:\/\/elfederalmendoza.com\/?p=32550"},"modified":"2024-04-16T09:53:59","modified_gmt":"2024-04-16T12:53:59","slug":"a-lo-top-gun-luis-petri-presento-la-compra-de-24-aviones-f-16","status":"publish","type":"post","link":"https:\/\/elfederalmendoza.com.ar\/index.php\/2024\/04\/16\/a-lo-top-gun-luis-petri-presento-la-compra-de-24-aviones-f-16\/","title":{"rendered":"A lo Top Gun: Luis Petri present\u00f3 la compra de 24 aviones F-16"},"content":{"rendered":"\n<p>El ministro de Defensa se encuentra en Dinamarca, donde firm\u00f3 el acuerdo entre las partes. Cu\u00e1nto pagar\u00e1 la Argentina.<\/p>\n\n\n\n<p>En un lapso de cinco a\u00f1os, el Gobierno de<strong>&nbsp;Javier Milei<\/strong>&nbsp;deber\u00e1 pagarle alrededor de 600 millones de d\u00f3lares a los Estados Unidos y a Dinamarca por la compra de 24 aviones de guerra F-16 y por armamento militar. El ministro de Defensa,&nbsp;<strong>Luis Petri<\/strong>, viaj\u00f3 al pa\u00eds n\u00f3rdico para firmar el acuerdo y con un look homenaje a la pel\u00edcula ochentosa,&nbsp;<strong>Top Gun<\/strong>.<\/p>\n\n\n\n<p>En las redes sociales, tanto Milei como Petri celebraron el acuerdo alcanzando por el Gobierno argentino, al que consideraron como un \u201chito\u201d para el pa\u00eds y para la preservaci\u00f3n de la soberan\u00eda. Sin embargo, lo que llam\u00f3 la atenci\u00f3n de los internautas fue el atuendo que vest\u00eda Petri, con un chaleco y uniforme militar y hasta con los cl\u00e1sicos\u00a0<strong>Aviator<\/strong>, los lentes de Ray-Ban que usaba Tom Cruise al interpretar a Pete Mitchell.<\/p>\n\n\n\n<figure class=\"wp-block-image size-large\"><img loading=\"lazy\" decoding=\"async\" width=\"1024\" height=\"646\" src=\"https:\/\/elfederalmendoza.com\/wp-content\/uploads\/2024\/04\/TOP-GUN-1024x646.jpg\" alt=\"\" class=\"wp-image-32552\" srcset=\"https:\/\/elfederalmendoza.com.ar\/wp-content\/uploads\/2024\/04\/TOP-GUN-1024x646.jpg 1024w, https:\/\/elfederalmendoza.com.ar\/wp-content\/uploads\/2024\/04\/TOP-GUN-300x189.jpg 300w, https:\/\/elfederalmendoza.com.ar\/wp-content\/uploads\/2024\/04\/TOP-GUN-768x484.jpg 768w, https:\/\/elfederalmendoza.com.ar\/wp-content\/uploads\/2024\/04\/TOP-GUN.jpg 1191w\" sizes=\"auto, (max-width: 1024px) 100vw, 1024px\" \/><\/figure>\n\n\n\n<p>\u00a0\u201c<em>Desde hoy, los argentinos, volvemos a tener fuerzas del cielo que nos protejan. Bajo el liderazgo del presidente Javier Milei y con el apoyo de aliados como Dinamarca y Estados Unidos, Argentina adquiere 24 aviones de combate F-16, marcando un hito en su defensa y fortaleciendo su Fuerza A\u00e9rea para preservar la soberan\u00eda y la liberta<\/em>d\u201d, exclam\u00f3 el dirigente radical.<\/p>\n\n\n\n<blockquote class=\"twitter-tweet\"><p lang=\"es\" dir=\"ltr\">Desde hoy, los argentinos, volvemos a tener fuerzas del cielo que nos protejan. <br><br>Bajo el liderazgo del presidente <a href=\"https:\/\/twitter.com\/JMilei?ref_src=twsrc%5Etfw\">@JMilei<\/a> y con el apoyo de aliados como Dinamarca y Estados Unidos, Argentina adquiere 24 aviones de combate F-16, marcando un hito en su defensa y fortaleciendo su\u2026 <a href=\"https:\/\/t.co\/ZiFiqxJO6V\">pic.twitter.com\/ZiFiqxJO6V<\/a><\/p>&mdash; Luis Petri (@luispetri) <a href=\"https:\/\/twitter.com\/luispetri\/status\/1780194086877602247?ref_src=twsrc%5Etfw\">April 16, 2024<\/a><\/blockquote> <script async src=\"https:\/\/platform.twitter.com\/widgets.js\" charset=\"utf-8\"><\/script>\n\n\n\n<p>Miembros del Ejecutivo revelaron que la Argentina se comprometi\u00f3 pagarle <strong>300 millones de d\u00f3lares a Dinamarca por la compra de los 24 aviones de guerra y otros 300 millones de la moneda extranjera a los Estados Unidos para la adquisici\u00f3n de armamentos para las aeronaves<\/strong>. Entre ellos se encuentran misiles AMRAAM y el ya probado AIM-9M Sidewinder, de corto alcance, adem\u00e1s de armas aire-tierra como bombas guiadas y ca\u00f1ones.<\/p>\n\n\n\n<p>Adem\u00e1s, desde\u00a0<strong>Casa Rosada<\/strong>\u00a0afirmaron que el pa\u00eds no necesit\u00f3 financiamiento para llevar la \u201cesta inversi\u00f3n\u201d para las Fuerzas A\u00e9reas y que el dinero saldr\u00e1 del presupuesto que tiene asignado el Ministerio de Defensa. En el plan de pago alcanzado, el Gobierno de Milei deber\u00e1 desembolsar para este a\u00f1o unos 40 millones d\u00f3lares, el resto se pagar\u00e1 en un lapso de cinco a\u00f1os.<\/p>\n\n\n\n<blockquote class=\"twitter-tweet\"><p lang=\"es\" dir=\"ltr\">El Presidente Javier Milei y el Ministro de Defensa, Luis Petri, anuncian la adquisici\u00f3n de 24 aviones de combate F-16 para la Fuerza A\u00e9rea Argentina. <a href=\"https:\/\/t.co\/dzlhsvizEh\">pic.twitter.com\/dzlhsvizEh<\/a><\/p>&mdash; Oficina del Presidente (@OPRArgentina) <a href=\"https:\/\/twitter.com\/OPRArgentina\/status\/1780191514192126069?ref_src=twsrc%5Etfw\">April 16, 2024<\/a><\/blockquote> <script async src=\"https:\/\/platform.twitter.com\/widgets.js\" charset=\"utf-8\"><\/script>\n\n\n\n<p>Dinamarca comenzar\u00e1 a preparar la entrega de las unidades \u00e1reas. La intenci\u00f3n de las partes es que antes de fin de a\u00f1os comiencen a llegar al pa\u00eds los primeros F-16. Se prev\u00e9 que lleguen seis aviones por a\u00f1o&nbsp;de ac\u00e1 a 2028. Las aeronaves tienen una vida \u00fatil hasta el a\u00f1o 2040. En paralelo al arribo de los aviones, llegar\u00e1n las armas desde los Estados Unidos.<\/p>\n\n\n\n<p>Desde la&nbsp;<strong>Fuerza A\u00e9rea Argentina<\/strong>&nbsp;adelantaron que una vez que las unidades lleguen al pa\u00eds implementar\u00e1n un cronograma de entrenamiento para los pilotos y mec\u00e1nicos argentinos para que conozcan el manejo y mec\u00e1nica de los aviones.<\/p>\n","protected":false},"excerpt":{"rendered":"<p>El ministro de Defensa se encuentra en Dinamarca, donde firm\u00f3 el acuerdo entre las partes. Cu\u00e1nto pagar\u00e1 la Argentina. En un lapso de cinco a\u00f1os, el Gobierno de&nbsp;Javier Milei&nbsp;deber\u00e1 pagarle alrededor de 600 millones de d\u00f3lares a los Estados Unidos y a Dinamarca por la compra de 24 aviones de guerra F-16 y por armamento<a class=\"read-more\" href=\"https:\/\/elfederalmendoza.com.ar\/index.php\/2024\/04\/16\/a-lo-top-gun-luis-petri-presento-la-compra-de-24-aviones-f-16\/\"> [&hellip;]<\/a><\/p>\n","protected":false},"author":2,"featured_media":32553,"comment_status":"open","ping_status":"open","sticky":false,"template":"","format":"standard","meta":{"footnotes":""},"categories":[5618],"tags":[],"class_list":["post-32550","post","type-post","status-publish","format-standard","has-post-thumbnail","hentry","category-arg"],"rttpg_featured_image_url":{"full":["https:\/\/elfederalmendoza.com.ar\/wp-content\/uploads\/2024\/04\/PETRI4.jpg",955,751,false],"landscape":["https:\/\/elfederalmendoza.com.ar\/wp-content\/uploads\/2024\/04\/PETRI4.jpg",955,751,false],"portraits":["https:\/\/elfederalmendoza.com.ar\/wp-content\/uploads\/2024\/04\/PETRI4.jpg",955,751,false],"thumbnail":["https:\/\/elfederalmendoza.com.ar\/wp-content\/uploads\/2024\/04\/PETRI4-150x150.jpg",150,150,true],"medium":["https:\/\/elfederalmendoza.com.ar\/wp-content\/uploads\/2024\/04\/PETRI4-300x236.jpg",300,236,true],"large":["https:\/\/elfederalmendoza.com.ar\/wp-content\/uploads\/2024\/04\/PETRI4.jpg",640,503,false],"1536x1536":["https:\/\/elfederalmendoza.com.ar\/wp-content\/uploads\/2024\/04\/PETRI4.jpg",955,751,false],"2048x2048":["https:\/\/elfederalmendoza.com.ar\/wp-content\/uploads\/2024\/04\/PETRI4.jpg",955,751,false],"ultp_layout_landscape_large":["https:\/\/elfederalmendoza.com.ar\/wp-content\/uploads\/2024\/04\/PETRI4.jpg",955,751,false],"ultp_layout_landscape":["https:\/\/elfederalmendoza.com.ar\/wp-content\/uploads\/2024\/04\/PETRI4-870x570.jpg",870,570,true],"ultp_layout_portrait":["https:\/\/elfederalmendoza.com.ar\/wp-content\/uploads\/2024\/04\/PETRI4-600x751.jpg",600,751,true],"ultp_layout_square":["https:\/\/elfederalmendoza.com.ar\/wp-content\/uploads\/2024\/04\/PETRI4-600x600.jpg",600,600,true],"rpwe-thumbnail":["https:\/\/elfederalmendoza.com.ar\/wp-content\/uploads\/2024\/04\/PETRI4-45x45.jpg",45,45,true],"advps-thumb-one":["https:\/\/elfederalmendoza.com.ar\/wp-content\/uploads\/2024\/04\/PETRI4-955x420.jpg",955,420,true]},"rttpg_author":{"display_name":"Redacci\u00f3n El Federal","author_link":"https:\/\/elfederalmendoza.com.ar\/index.php\/author\/angelflores\/"},"rttpg_comment":0,"rttpg_category":"<a href=\"https:\/\/elfederalmendoza.com.ar\/index.php\/category\/arg\/\" rel=\"category tag\">Argentina<\/a>","rttpg_excerpt":"El ministro de Defensa se encuentra en Dinamarca, donde firm\u00f3 el acuerdo entre las partes. Cu\u00e1nto pagar\u00e1 la Argentina. En un lapso de cinco a\u00f1os, el Gobierno de&nbsp;Javier Milei&nbsp;deber\u00e1 pagarle alrededor de 600 millones de d\u00f3lares a los Estados Unidos y a Dinamarca por la compra de 24 aviones de guerra F-16 y por armamento&hellip;","_links":{"self":[{"href":"https:\/\/elfederalmendoza.com.ar\/index.php\/wp-json\/wp\/v2\/posts\/32550","targetHints":{"allow":["GET"]}}],"collection":[{"href":"https:\/\/elfederalmendoza.com.ar\/index.php\/wp-json\/wp\/v2\/posts"}],"about":[{"href":"https:\/\/elfederalmendoza.com.ar\/index.php\/wp-json\/wp\/v2\/types\/post"}],"author":[{"embeddable":true,"href":"https:\/\/elfederalmendoza.com.ar\/index.php\/wp-json\/wp\/v2\/users\/2"}],"replies":[{"embeddable":true,"href":"https:\/\/elfederalmendoza.com.ar\/index.php\/wp-json\/wp\/v2\/comments?post=32550"}],"version-history":[{"count":1,"href":"https:\/\/elfederalmendoza.com.ar\/index.php\/wp-json\/wp\/v2\/posts\/32550\/revisions"}],"predecessor-version":[{"id":32554,"href":"https:\/\/elfederalmendoza.com.ar\/index.php\/wp-json\/wp\/v2\/posts\/32550\/revisions\/32554"}],"wp:featuredmedia":[{"embeddable":true,"href":"https:\/\/elfederalmendoza.com.ar\/index.php\/wp-json\/wp\/v2\/media\/32553"}],"wp:attachment":[{"href":"https:\/\/elfederalmendoza.com.ar\/index.php\/wp-json\/wp\/v2\/media?parent=32550"}],"wp:term":[{"taxonomy":"category","embeddable":true,"href":"https:\/\/elfederalmendoza.com.ar\/index.php\/wp-json\/wp\/v2\/categories?post=32550"},{"taxonomy":"post_tag","embeddable":true,"href":"https:\/\/elfederalmendoza.com.ar\/index.php\/wp-json\/wp\/v2\/tags?post=32550"}],"curies":[{"name":"wp","href":"https:\/\/api.w.org\/{rel}","templated":true}]}}