{"id":32556,"date":"2024-04-16T10:17:39","date_gmt":"2024-04-16T13:17:39","guid":{"rendered":"https:\/\/elfederalmendoza.com\/?p=32556"},"modified":"2024-04-16T10:17:40","modified_gmt":"2024-04-16T13:17:40","slug":"homicidio-como-sigue-la-investigacion-despues-del-hallazgo-de-una-cabeza-en-las-heras","status":"publish","type":"post","link":"https:\/\/elfederalmendoza.com.ar\/index.php\/2024\/04\/16\/homicidio-como-sigue-la-investigacion-despues-del-hallazgo-de-una-cabeza-en-las-heras\/","title":{"rendered":"\u00bfHomicidio? C\u00f3mo sigue la investigaci\u00f3n despu\u00e9s del hallazgo de una cabeza en Las Heras"},"content":{"rendered":"\n<p>Foto gentileza El Sol<\/p>\n\n\n\n<p>Si bien todav\u00eda restan algunas confirmaciones, los restos hallados en el medio de un camino ser\u00edan de una mujer. Analizar\u00e1n paraderos y desarrollar\u00e1n otras medidas.<\/p>\n\n\n\n<p><strong>El hallazgo de una cabeza humana conservada casi en tu totalidad<\/strong>\u00a0en una calle ubicada entre la planta de residuos de elementos patog\u00e9nicos y el basural de Las Heras, en zona de Capdevila,\u00a0gener\u00f3 una investigaci\u00f3n en la fiscal\u00eda de Homicidios de Carlos Torres, quien se encontraba de turno hasta este domingo.<\/p>\n\n\n\n<p>Ese d\u00eda, despu\u00e9s de las 15, un empleado de la empresa de seguridad La Primera dio con el cr\u00e1neo mientras realizaba con una movilidad un recorrido en la zona perimetral del sector, despu\u00e9s de que&nbsp;<strong>creyera que se trataba de la parte superior de una mu\u00f1eca<\/strong>. Dio aviso al 911 y polic\u00edas llegaron hasta la escena para desarrollar los trabajos correspondientes de preservaci\u00f3n de la escena.<\/p>\n\n\n\n<p>Si bien en un primer momento no sab\u00edan si estaban frente a restos de un var\u00f3n o una mujer,&nbsp;<mark>los investigadores policiales y judiciales manejan una hip\u00f3tesis m\u00e1s fuerte&nbsp;<\/mark>mientras esperan por confirmaci\u00f3n oficial del Cuerpo M\u00e9dico Forense.<\/p>\n\n\n\n<figure class=\"wp-block-image\"><img decoding=\"async\" src=\"https:\/\/i0.wp.com\/newspack-elsol.s3.amazonaws.com\/wp-content\/uploads\/2024\/04\/Policial-portada-3-1024x764.jpg?resize=780%2C582&amp;ssl=1\" alt=\"\" class=\"wp-image-1947487\"\/><figcaption class=\"wp-element-caption\">La cabeza en medio de la calle de tierra.<\/figcaption><\/figure>\n\n\n\n<p><strong>Por el an\u00e1lisis que hicieron de la cabeza, podr\u00eda tratarse de una mujer<\/strong>.&nbsp;<em>\u201cTen\u00eda cabellos largos te\u00f1idos de rubio y se examinar\u00e1 si presentaba lesiones\u201d<\/em>, contaron fuentes del caso consultadas por este diario.<\/p>\n\n\n\n<p>Debido a esto,&nbsp;<strong>iniciaron la instrucci\u00f3n con dos hip\u00f3tesis: homicidio u suicidio&nbsp;<\/strong>-la primera con m\u00e1s fuerza- y&nbsp;<mark>sometieron bajo an\u00e1lisis las denuncias por averiguaci\u00f3n de paradero radicadas entre los \u00faltimos seis meses en el Gran Mendoza.<\/mark><\/p>\n\n\n\n<p>Los efectivos de la jurisdicci\u00f3n que trabajaron en el lugar realizaron un rastrillaje a pie en las inmediaciones con el objetivo de encontrar las otras partes del cad\u00e1ver. Sin embargo, no hubo \u00e9xito.&nbsp;<strong>El cr\u00e1neo fue levantado despu\u00e9s de ser encontrado en el medio de un camino de tierra para ser trasladado hasta el Cuerpo M\u00e9dico Forense&nbsp;<\/strong>y no se desarrollaron otras medidas.<\/p>\n\n\n\n<p>En las pr\u00f3ximas horas, podr\u00eda haber maniobras en la zona del hallazgo de b\u00fasqueda con perros y otros procedimientos en domicilios cercanos.<strong>&nbsp;Tambi\u00e9n se buscar\u00e1 obtener rastros gen\u00e9ticos para futuros cotejos de ADN y estudiar las piezas dentarias<\/strong>, siempre para llegar a una identificaci\u00f3n con el aporte fundamental de antropolog\u00eda forense.<\/p>\n\n\n\n<p><em>\u201cTodo es posible. La causa est\u00e1 dando sus primeros pasos. Por el an\u00e1lisis de los huesos se puede determinar el tiempo aproximado que llevaban a la intemperie\u201d,&nbsp;<\/em>agregaron las fuentes.<\/p>\n\n\n\n<figure class=\"wp-block-image\"><a href=\"https:\/\/www.elsol.com.ar\/policiales\/macabro-hallazgo-de-una-cabeza-intacta-en-un-camino-de-las-heras\/\"><img decoding=\"async\" src=\"https:\/\/i0.wp.com\/newspack-elsol.s3.amazonaws.com\/wp-content\/uploads\/2024\/04\/Policia-portada-4-scaled.jpg?resize=1200%2C900&amp;ssl=1\" alt=\"Macabro hallazgo de una cabeza intacta en un camino de Las Heras\"\/><\/a><\/figure>\n\n\n\n<p>Primero pens\u00f3 que era una cabeza de mu\u00f1eca. Pero cuando se baj\u00f3 del auto en el que circulaba, se acerc\u00f3 a pocos metros y vio que hab\u00eda perros merodeando en el lugar, confirm\u00f3 que se trataba de una cabeza humana. Llam\u00f3\u2026<\/p>\n\n\n\n<p>Tal como revel\u00f3&nbsp;<strong><em>El Sol<\/em><\/strong>, el domingo por la tarde un empleado de una empresa de seguridad de 44 a\u00f1os ingres\u00f3 a las 15 para desarrollar trabajos en la planta y diez minutos despu\u00e9s inici\u00f3 un recorrido por el cierre perimetral en un Fiat Cronos.<\/p>\n\n\n\n<p>Cuando circulaba por el costado norte, observ\u00f3 un bulto en el medio del camino. Tambi\u00e9n detect\u00f3 algunos perros a pocos metros. En un primer momento, pens\u00f3 que se trataba de la cabeza de una mu\u00f1eca pero cuando se acerc\u00f3 confirm\u00f3 que era un cr\u00e1neo humano.&nbsp;<em>\u201cLos perros pueden haber trasladado la cabeza de un lugar a otro; por eso creemos que el resto del cad\u00e1ver debe estar en la zona, no muy lejos\u201d,&nbsp;<\/em>ampliaron.<\/p>\n\n\n\n<p>Llam\u00f3 al 911 y polic\u00edas llevaron hasta el lugar.<strong>&nbsp;Cient\u00edfica preserv\u00f3 la zona y levant\u00f3 los restos para luego trasladarlos hasta el Cuerpo M\u00e9dico Forense.<\/strong><\/p>\n\n\n\n<p>Con informaci\u00f3n de El Sol<\/p>\n","protected":false},"excerpt":{"rendered":"<p>Foto gentileza El Sol Si bien todav\u00eda restan algunas confirmaciones, los restos hallados en el medio de un camino ser\u00edan de una mujer. Analizar\u00e1n paraderos y desarrollar\u00e1n otras medidas. El hallazgo de una cabeza humana conservada casi en tu totalidad\u00a0en una calle ubicada entre la planta de residuos de elementos patog\u00e9nicos y el basural de<a class=\"read-more\" href=\"https:\/\/elfederalmendoza.com.ar\/index.php\/2024\/04\/16\/homicidio-como-sigue-la-investigacion-despues-del-hallazgo-de-una-cabeza-en-las-heras\/\"> [&hellip;]<\/a><\/p>\n","protected":false},"author":2,"featured_media":32557,"comment_status":"open","ping_status":"open","sticky":false,"template":"","format":"standard","meta":{"footnotes":""},"categories":[1],"tags":[],"class_list":["post-32556","post","type-post","status-publish","format-standard","has-post-thumbnail","hentry","category-mza"],"rttpg_featured_image_url":{"full":["https:\/\/elfederalmendoza.com.ar\/wp-content\/uploads\/2024\/04\/cabeza1.jpg",1423,822,false],"landscape":["https:\/\/elfederalmendoza.com.ar\/wp-content\/uploads\/2024\/04\/cabeza1.jpg",1423,822,false],"portraits":["https:\/\/elfederalmendoza.com.ar\/wp-content\/uploads\/2024\/04\/cabeza1.jpg",1423,822,false],"thumbnail":["https:\/\/elfederalmendoza.com.ar\/wp-content\/uploads\/2024\/04\/cabeza1-150x150.jpg",150,150,true],"medium":["https:\/\/elfederalmendoza.com.ar\/wp-content\/uploads\/2024\/04\/cabeza1-300x173.jpg",300,173,true],"large":["https:\/\/elfederalmendoza.com.ar\/wp-content\/uploads\/2024\/04\/cabeza1-1024x592.jpg",640,370,true],"1536x1536":["https:\/\/elfederalmendoza.com.ar\/wp-content\/uploads\/2024\/04\/cabeza1.jpg",1423,822,false],"2048x2048":["https:\/\/elfederalmendoza.com.ar\/wp-content\/uploads\/2024\/04\/cabeza1.jpg",1423,822,false],"ultp_layout_landscape_large":["https:\/\/elfederalmendoza.com.ar\/wp-content\/uploads\/2024\/04\/cabeza1-1200x800.jpg",1200,800,true],"ultp_layout_landscape":["https:\/\/elfederalmendoza.com.ar\/wp-content\/uploads\/2024\/04\/cabeza1-870x570.jpg",870,570,true],"ultp_layout_portrait":["https:\/\/elfederalmendoza.com.ar\/wp-content\/uploads\/2024\/04\/cabeza1-600x822.jpg",600,822,true],"ultp_layout_square":["https:\/\/elfederalmendoza.com.ar\/wp-content\/uploads\/2024\/04\/cabeza1-600x600.jpg",600,600,true],"rpwe-thumbnail":["https:\/\/elfederalmendoza.com.ar\/wp-content\/uploads\/2024\/04\/cabeza1-45x45.jpg",45,45,true],"advps-thumb-one":["https:\/\/elfederalmendoza.com.ar\/wp-content\/uploads\/2024\/04\/cabeza1-1200x420.jpg",1200,420,true]},"rttpg_author":{"display_name":"Redacci\u00f3n El Federal","author_link":"https:\/\/elfederalmendoza.com.ar\/index.php\/author\/angelflores\/"},"rttpg_comment":0,"rttpg_category":"<a href=\"https:\/\/elfederalmendoza.com.ar\/index.php\/category\/mza\/\" rel=\"category tag\">Mendoza<\/a>","rttpg_excerpt":"Foto gentileza El Sol Si bien todav\u00eda restan algunas confirmaciones, los restos hallados en el medio de un camino ser\u00edan de una mujer. Analizar\u00e1n paraderos y desarrollar\u00e1n otras medidas. El hallazgo de una cabeza humana conservada casi en tu totalidad\u00a0en una calle ubicada entre la planta de residuos de elementos patog\u00e9nicos y el basural de&hellip;","_links":{"self":[{"href":"https:\/\/elfederalmendoza.com.ar\/index.php\/wp-json\/wp\/v2\/posts\/32556","targetHints":{"allow":["GET"]}}],"collection":[{"href":"https:\/\/elfederalmendoza.com.ar\/index.php\/wp-json\/wp\/v2\/posts"}],"about":[{"href":"https:\/\/elfederalmendoza.com.ar\/index.php\/wp-json\/wp\/v2\/types\/post"}],"author":[{"embeddable":true,"href":"https:\/\/elfederalmendoza.com.ar\/index.php\/wp-json\/wp\/v2\/users\/2"}],"replies":[{"embeddable":true,"href":"https:\/\/elfederalmendoza.com.ar\/index.php\/wp-json\/wp\/v2\/comments?post=32556"}],"version-history":[{"count":1,"href":"https:\/\/elfederalmendoza.com.ar\/index.php\/wp-json\/wp\/v2\/posts\/32556\/revisions"}],"predecessor-version":[{"id":32559,"href":"https:\/\/elfederalmendoza.com.ar\/index.php\/wp-json\/wp\/v2\/posts\/32556\/revisions\/32559"}],"wp:featuredmedia":[{"embeddable":true,"href":"https:\/\/elfederalmendoza.com.ar\/index.php\/wp-json\/wp\/v2\/media\/32557"}],"wp:attachment":[{"href":"https:\/\/elfederalmendoza.com.ar\/index.php\/wp-json\/wp\/v2\/media?parent=32556"}],"wp:term":[{"taxonomy":"category","embeddable":true,"href":"https:\/\/elfederalmendoza.com.ar\/index.php\/wp-json\/wp\/v2\/categories?post=32556"},{"taxonomy":"post_tag","embeddable":true,"href":"https:\/\/elfederalmendoza.com.ar\/index.php\/wp-json\/wp\/v2\/tags?post=32556"}],"curies":[{"name":"wp","href":"https:\/\/api.w.org\/{rel}","templated":true}]}}