{"id":32561,"date":"2024-04-18T08:28:01","date_gmt":"2024-04-18T11:28:01","guid":{"rendered":"https:\/\/elfederalmendoza.com\/?p=32561"},"modified":"2024-04-18T08:28:02","modified_gmt":"2024-04-18T11:28:02","slug":"este-es-el-hombre-de-la-bomba-en-el-aeropuerto-fue-un-chiste-hermano-un-chiste","status":"publish","type":"post","link":"https:\/\/elfederalmendoza.com.ar\/index.php\/2024\/04\/18\/este-es-el-hombre-de-la-bomba-en-el-aeropuerto-fue-un-chiste-hermano-un-chiste\/","title":{"rendered":"Este es el hombre de la \u00abbomba\u00bb en el Aeropuerto: \u00abFue un chiste hermano, \u00a1un chiste!\u00bb"},"content":{"rendered":"\n<p>Este mi\u00e9rcoles por la tarde se produjo un\u00a0<strong>esc\u00e1ndalo en el Aeropuerto de El Plumerillo<\/strong>\u00a0que protagoniz\u00f3 el presidente de la Liga Mendocina de F\u00fatbol,<strong>\u00a0Omar Sperdutti<\/strong>. Dijo la palabra \u00ab<strong>bomba<\/strong>\u00bb antes de\u00a0<strong>abordar un avi\u00f3n<\/strong>\u00a0con el plantel de\u00a0Deportivo Maip\u00fa\u00a0y se activ\u00f3 el\u00a0<strong>protocolo de seguridad<\/strong>. La Polic\u00eda Aeroportuaria<strong>\u00a0lo requis\u00f3, lo retuvo y no lo dejaron abordar el vuelo<\/strong>. El dirigente fue consultado por el\u00a0<strong>POST<\/strong>\u00a0sobre este episodio, y confirm\u00f3:\u00a0<strong>\u00abDije un chiste, tengo una bomba para ma\u00f1ana\u00bb<\/strong>. Estas palabras fueron escuchadas por alguien en el lugar, inform\u00f3 a las autoridades de la\u00a0aeroestaci\u00f3n y se gener\u00f3 el sainete.<\/p>\n\n\n\n<p><strong>Sperdutti<\/strong>&nbsp;quer\u00eda dejar en claro que<strong>&nbsp;no estuvo detenido ni fue arrestado<\/strong>. Luego, confirm\u00f3 todo lo sucedido en el&nbsp;<strong>Aeropuerto<\/strong>&nbsp;Francisco Gabrielli.&nbsp;<strong>\u00abDije un chiste, yo tengo una bomba para ma\u00f1ana y era que iba a jugar mi hijo<\/strong>&nbsp;(por Copa Argentina) y&nbsp;<strong>alguien escuch\u00f3 &#8216;una bomba<\/strong>&#8216;. Fue un chiste hermano, un chiste\u00bb, se excus\u00f3.<\/p>\n\n\n\n<figure class=\"wp-block-image is-resized\"><img decoding=\"async\" src=\"https:\/\/www.mendozapost.com\/files\/image\/482\/482307\/6467ec0852fe2_570_427!.jpg?s=301a16356413a4122ec58dec61c68f6b&amp;d=1689076324\" alt=\"\" style=\"width:840px;height:auto\"\/><\/figure>\n\n\n\n<p>Esa palabra, seg\u00fan el dirigente, fue escuchada por alguna persona e inform\u00f3 al personal del aeropuerto. Entonces,&nbsp;<strong>aparecieron efectivos de la PSA y \u00abme dijeron que ten\u00edan que revisarme<\/strong>, me preguntaron<strong>&nbsp;&#8216;qu\u00e9 trae usted&#8217;<\/strong>. Les respond\u00ed que un bolso. Me llevaron<strong>, me revisaron<\/strong>&nbsp;el bolso, no me encontraron nada,<strong>&nbsp;pero no se quedaron con eso<\/strong>\u00ab.<\/p>\n\n\n\n<p><strong>Omar Sperdutti<\/strong>&nbsp;hace referencia a que los uniformados no se quedaron con eso porque<strong>&nbsp;le preguntaron qu\u00e9 es lo que hab\u00eda dicho y no pudo volar<\/strong>. Seg\u00fan \u00e9l, repiti\u00f3 la frase del chiste porque iba a hacer jugar el partido a uno de sus hijos, y aclar\u00f3: \u00ab<strong>No estoy procesado<\/strong>, no estuve detenido. Pero s\u00ed, el vuelo se demora por protocolo, aunque igual ven\u00eda atrasado\u00bb.<\/p>\n\n\n\n<p>El vuelo era de la empresa Flybondi, pero hubo<strong>\u00a0otros aviones que tuvieron que hacer tiempo en el aire y otra aeronave fue desviada a C\u00f3rdoba<\/strong>, justamente,<strong>\u00a0por protocolo como consecuencia del chiste<\/strong>\u00a0del presidente de la Liga.<\/p>\n\n\n\n<figure class=\"wp-block-image size-large\"><img loading=\"lazy\" decoding=\"async\" width=\"1024\" height=\"553\" src=\"https:\/\/elfederalmendoza.com\/wp-content\/uploads\/2024\/04\/sperdutti1-1024x553.jpg\" alt=\"\" class=\"wp-image-32563\" srcset=\"https:\/\/elfederalmendoza.com.ar\/wp-content\/uploads\/2024\/04\/sperdutti1-1024x553.jpg 1024w, https:\/\/elfederalmendoza.com.ar\/wp-content\/uploads\/2024\/04\/sperdutti1-300x162.jpg 300w, https:\/\/elfederalmendoza.com.ar\/wp-content\/uploads\/2024\/04\/sperdutti1-768x415.jpg 768w, https:\/\/elfederalmendoza.com.ar\/wp-content\/uploads\/2024\/04\/sperdutti1.jpg 1331w\" sizes=\"auto, (max-width: 1024px) 100vw, 1024px\" \/><figcaption class=\"wp-element-caption\">Omar Sperdutti<\/figcaption><\/figure>\n\n\n\n<p><strong>Sperdutti<\/strong>&nbsp;le asegur\u00f3 al&nbsp;<strong>POST<\/strong>&nbsp;que s\u00ed<strong>&nbsp;le confeccionaron un acta<\/strong>, pero que no le entregaron ninguna citaci\u00f3n. Tambi\u00e9n neg\u00f3 la existencia de US$ 4.000 d\u00f3lares en su poder: \u00abDecime d\u00f3nde est\u00e1n as\u00ed los voy a buscar, s\u00ed ten\u00eda $300.000. Todo lo dem\u00e1s, que pas\u00f3, pas\u00f3, y&nbsp;<strong>estoy arrepentido de haber dicho esa palabra, pero fue en tono de chiste<\/strong>\u00ab.<\/p>\n\n\n\n<p>En otro momento, Omar Sperdutti dijo que esto lo da\u00f1a enormemente en su trabajo, porque nunca estuvo preso por esta situaci\u00f3n, y agreg\u00f3:&nbsp;<strong>\u00ab\u00bfQuer\u00e9s saber c\u00f3mo estoy? Estoy hecho pelota<\/strong>&nbsp;por esto, porque yo no he querido da\u00f1ar a nadie\u00bb.<\/p>\n","protected":false},"excerpt":{"rendered":"<p>Este mi\u00e9rcoles por la tarde se produjo un\u00a0esc\u00e1ndalo en el Aeropuerto de El Plumerillo\u00a0que protagoniz\u00f3 el presidente de la Liga Mendocina de F\u00fatbol,\u00a0Omar Sperdutti. Dijo la palabra \u00abbomba\u00bb antes de\u00a0abordar un avi\u00f3n\u00a0con el plantel de\u00a0Deportivo Maip\u00fa\u00a0y se activ\u00f3 el\u00a0protocolo de seguridad. La Polic\u00eda Aeroportuaria\u00a0lo requis\u00f3, lo retuvo y no lo dejaron abordar el vuelo. El<a class=\"read-more\" href=\"https:\/\/elfederalmendoza.com.ar\/index.php\/2024\/04\/18\/este-es-el-hombre-de-la-bomba-en-el-aeropuerto-fue-un-chiste-hermano-un-chiste\/\"> [&hellip;]<\/a><\/p>\n","protected":false},"author":2,"featured_media":32564,"comment_status":"open","ping_status":"open","sticky":false,"template":"","format":"standard","meta":{"footnotes":""},"categories":[1],"tags":[],"class_list":["post-32561","post","type-post","status-publish","format-standard","has-post-thumbnail","hentry","category-mza"],"rttpg_featured_image_url":{"full":["https:\/\/elfederalmendoza.com.ar\/wp-content\/uploads\/2024\/04\/sperdutti.jpg",1388,798,false],"landscape":["https:\/\/elfederalmendoza.com.ar\/wp-content\/uploads\/2024\/04\/sperdutti.jpg",1388,798,false],"portraits":["https:\/\/elfederalmendoza.com.ar\/wp-content\/uploads\/2024\/04\/sperdutti.jpg",1388,798,false],"thumbnail":["https:\/\/elfederalmendoza.com.ar\/wp-content\/uploads\/2024\/04\/sperdutti-150x150.jpg",150,150,true],"medium":["https:\/\/elfederalmendoza.com.ar\/wp-content\/uploads\/2024\/04\/sperdutti-300x172.jpg",300,172,true],"large":["https:\/\/elfederalmendoza.com.ar\/wp-content\/uploads\/2024\/04\/sperdutti-1024x589.jpg",640,368,true],"1536x1536":["https:\/\/elfederalmendoza.com.ar\/wp-content\/uploads\/2024\/04\/sperdutti.jpg",1388,798,false],"2048x2048":["https:\/\/elfederalmendoza.com.ar\/wp-content\/uploads\/2024\/04\/sperdutti.jpg",1388,798,false],"ultp_layout_landscape_large":["https:\/\/elfederalmendoza.com.ar\/wp-content\/uploads\/2024\/04\/sperdutti-1200x798.jpg",1200,798,true],"ultp_layout_landscape":["https:\/\/elfederalmendoza.com.ar\/wp-content\/uploads\/2024\/04\/sperdutti-870x570.jpg",870,570,true],"ultp_layout_portrait":["https:\/\/elfederalmendoza.com.ar\/wp-content\/uploads\/2024\/04\/sperdutti-600x798.jpg",600,798,true],"ultp_layout_square":["https:\/\/elfederalmendoza.com.ar\/wp-content\/uploads\/2024\/04\/sperdutti-600x600.jpg",600,600,true],"rpwe-thumbnail":["https:\/\/elfederalmendoza.com.ar\/wp-content\/uploads\/2024\/04\/sperdutti-45x45.jpg",45,45,true],"advps-thumb-one":["https:\/\/elfederalmendoza.com.ar\/wp-content\/uploads\/2024\/04\/sperdutti-1200x420.jpg",1200,420,true]},"rttpg_author":{"display_name":"Redacci\u00f3n El Federal","author_link":"https:\/\/elfederalmendoza.com.ar\/index.php\/author\/angelflores\/"},"rttpg_comment":0,"rttpg_category":"<a href=\"https:\/\/elfederalmendoza.com.ar\/index.php\/category\/mza\/\" rel=\"category tag\">Mendoza<\/a>","rttpg_excerpt":"Este mi\u00e9rcoles por la tarde se produjo un\u00a0esc\u00e1ndalo en el Aeropuerto de El Plumerillo\u00a0que protagoniz\u00f3 el presidente de la Liga Mendocina de F\u00fatbol,\u00a0Omar Sperdutti. Dijo la palabra \u00abbomba\u00bb antes de\u00a0abordar un avi\u00f3n\u00a0con el plantel de\u00a0Deportivo Maip\u00fa\u00a0y se activ\u00f3 el\u00a0protocolo de seguridad. La Polic\u00eda Aeroportuaria\u00a0lo requis\u00f3, lo retuvo y no lo dejaron abordar el vuelo. El&hellip;","_links":{"self":[{"href":"https:\/\/elfederalmendoza.com.ar\/index.php\/wp-json\/wp\/v2\/posts\/32561","targetHints":{"allow":["GET"]}}],"collection":[{"href":"https:\/\/elfederalmendoza.com.ar\/index.php\/wp-json\/wp\/v2\/posts"}],"about":[{"href":"https:\/\/elfederalmendoza.com.ar\/index.php\/wp-json\/wp\/v2\/types\/post"}],"author":[{"embeddable":true,"href":"https:\/\/elfederalmendoza.com.ar\/index.php\/wp-json\/wp\/v2\/users\/2"}],"replies":[{"embeddable":true,"href":"https:\/\/elfederalmendoza.com.ar\/index.php\/wp-json\/wp\/v2\/comments?post=32561"}],"version-history":[{"count":1,"href":"https:\/\/elfederalmendoza.com.ar\/index.php\/wp-json\/wp\/v2\/posts\/32561\/revisions"}],"predecessor-version":[{"id":32565,"href":"https:\/\/elfederalmendoza.com.ar\/index.php\/wp-json\/wp\/v2\/posts\/32561\/revisions\/32565"}],"wp:featuredmedia":[{"embeddable":true,"href":"https:\/\/elfederalmendoza.com.ar\/index.php\/wp-json\/wp\/v2\/media\/32564"}],"wp:attachment":[{"href":"https:\/\/elfederalmendoza.com.ar\/index.php\/wp-json\/wp\/v2\/media?parent=32561"}],"wp:term":[{"taxonomy":"category","embeddable":true,"href":"https:\/\/elfederalmendoza.com.ar\/index.php\/wp-json\/wp\/v2\/categories?post=32561"},{"taxonomy":"post_tag","embeddable":true,"href":"https:\/\/elfederalmendoza.com.ar\/index.php\/wp-json\/wp\/v2\/tags?post=32561"}],"curies":[{"name":"wp","href":"https:\/\/api.w.org\/{rel}","templated":true}]}}