{"id":32567,"date":"2024-04-19T07:33:12","date_gmt":"2024-04-19T10:33:12","guid":{"rendered":"https:\/\/elfederalmendoza.com\/?p=32567"},"modified":"2024-04-19T07:33:14","modified_gmt":"2024-04-19T10:33:14","slug":"el-sueldo-bruto-de-los-senadores-superara-los-7-millones-la-trama-detras-de-una-votacion-polemica","status":"publish","type":"post","link":"https:\/\/elfederalmendoza.com.ar\/index.php\/2024\/04\/19\/el-sueldo-bruto-de-los-senadores-superara-los-7-millones-la-trama-detras-de-una-votacion-polemica\/","title":{"rendered":"El sueldo bruto de los senadores superar\u00e1 los $7 millones: la trama detr\u00e1s de una votaci\u00f3n pol\u00e9mica"},"content":{"rendered":"\n<p>Ser\u00e1 el salario de mayo, a cobrar en junio. El neto es de 4,5 millones de pesos. El total se calcula con una base de la dieta, m\u00e1s los gastos de representaci\u00f3n y desarraigo. Si el Gobierno no hubiera forzado la desactivaci\u00f3n del aumento de febrero, dicha cifra hubiese pasado a $3,5 millones. Enojo de Villarruel.<\/p>\n\n\n\n<p><strong>Los senadores se subieron la dieta a m\u00e1s de $7 millones brutos para mayo, o cerca de $4,5 millones en mano a partir de junio pr\u00f3ximo, en una pol\u00e9mica votaci\u00f3n sin debate y a mano alzada, que se habilit\u00f3 en menos de un minuto<\/strong>\u00a0y con dudas por la cantidad de legisladores que despu\u00e9s salieron a aclarar, desesperados, para reafirmar su rechazo. Lo m\u00e1s curioso de todo esto es que, si el Gobierno no hubiera forzado a desactivar el aumento otorgado por\u00a0<strong>Victoria Villarruel<\/strong>\u00a0y\u00a0<strong>Mart\u00edn Menem<\/strong>\u00a0a fines de febrero pasado, la cifra a cobrar ser\u00eda la mitad, es decir, $3,5 millones desde mitad de a\u00f1o.<a href=\"https:\/\/www.infobae.com\/politica\/2024\/04\/19\/el-aumento-de-dietas-en-el-senado-reavivo-el-malestar-entre-los-diputados-pero-descartan-llevar-el-tema-al-recinto\/\" target=\"_blank\" rel=\"noreferrer noopener\"><\/a><\/p>\n\n\n\n<p>El embrollo comenz\u00f3 ayer, durante la reuni\u00f3n de Labor Parlamentaria realizada por jefes de bloque y varios legisladores junto a Villarruel. All\u00ed surgi\u00f3 el tema, aunque&nbsp;<strong>varios lo continuaron tras la partida del convite de la Vicepresidenta. Al ser un proyecto de resoluci\u00f3n, ella no tuvo voz ni voto en la decisi\u00f3n adoptada<\/strong>.<\/p>\n\n\n\n<p>Villarruel s\u00ed defendi\u00f3 la suba otorgada en febrero pasado, que tras acusaciones diversas desde la Casa Rosada desactiv\u00f3 junto a Menem. Hab\u00eda sido, en esa ocasi\u00f3n, una resoluci\u00f3n conjunta. El riojano s\u00ed se pleg\u00f3 r\u00e1pido en ese entonces por temor a quedar del otro lado de los deseos del Ejecutivo.<a href=\"https:\/\/www.infobae.com\/economia\/2024\/04\/18\/jornada-financiera-con-mayor-oferta-de-divisas-el-bcra-extendio-las-compras-y-subieron-los-bonos\/\" target=\"_blank\" rel=\"noreferrer noopener\"><\/a><\/p>\n\n\n\n<p>Las conversaciones continuaron durante toda la tarde de ayer. Se defini\u00f3 mantenerlo en privado y presentar un proyecto de resoluci\u00f3n que tom\u00f3 estado parlamentario al mediod\u00eda de hoy. Inclu\u00eda la firma de varios legisladores de la oposici\u00f3n y tambi\u00e9n de uno del oficialismo,&nbsp;<strong>Bruno Olivera Lucero<\/strong>. Tras la sesi\u00f3n, el jefe libertario en la C\u00e1mara alta,&nbsp;<strong>Ezequiel Atauche<\/strong>, inform\u00f3 a los periodistas acreditados que nadie de la bancada vot\u00f3 la iniciativa en cuesti\u00f3n. \u201c<strong>Queremos ganar lo mismo que -el vocero presidencial, Manuel- Adorni. A \u00e9l tambi\u00e9n le subieron hace poco<\/strong>\u201d, desliz\u00f3 a<strong>&nbsp;Infobae<\/strong>&nbsp;un experimentado senador.<\/p>\n\n\n\n<p>En el lote de firmantes tambi\u00e9n aparecen el titular del bloque kirchnerista,\u00a0<strong>Jos\u00e9 Mayans<\/strong>, los peronistas disidentes\u00a0<strong>Juan Carlos Romero<\/strong>\u00a0y\u00a0<strong>Carlos Esp\u00ednola<\/strong>, la neuquina\u00a0<strong>Lucila Crexell<\/strong>, el radical\u00a0<strong>Pablo Blanco<\/strong>\u00a0y la misionera renovadora -no massista-\u00a0<strong>Sonia Rojas Decut<\/strong>, entre otros.<a href=\"https:\/\/www.infobae.com\/politica\/2024\/04\/19\/el-gobierno-anuncio-que-llego-a-un-acuerdo-con-las-universidades-para-el-aumento-en-las-partidas-presupuestarias\/\" target=\"_blank\" rel=\"noreferrer noopener\"><\/a><\/p>\n\n\n\n<p><img loading=\"lazy\" decoding=\"async\" alt=\"El titular del Frente de Todos en la C\u00e1mara alta, Jos\u00e9 Mayans \" height=\"2633\" width=\"3543\" class=\"\" src=\"https:\/\/www.infobae.com\/new-resizer\/vxUQobyjWv_zC8EXiZHcY3UiDXY=\/420x315\/filters:format(webp):quality(85)\/cloudfront-us-east-1.images.arcpublishing.com\/infobae\/FBRTAPJQ2JDMVO6C5V6DJTSE2U.jpg%20420w\" srcset=\"https:\/\/www.infobae.com\/new-resizer\/vxUQobyjWv_zC8EXiZHcY3UiDXY=\/420x315\/filters:format(webp):quality(85)\/cloudfront-us-east-1.images.arcpublishing.com\/infobae\/FBRTAPJQ2JDMVO6C5V6DJTSE2U.jpg 420w,https:\/\/www.infobae.com\/new-resizer\/StqsxLMlhfYKyRz69YvabADd45Y=\/768x576\/filters:format(webp):quality(85)\/cloudfront-us-east-1.images.arcpublishing.com\/infobae\/FBRTAPJQ2JDMVO6C5V6DJTSE2U.jpg 768w,https:\/\/www.infobae.com\/new-resizer\/IUV0slRGzbNMm0HhOHdrefr7FNA=\/992x744\/filters:format(webp):quality(85)\/cloudfront-us-east-1.images.arcpublishing.com\/infobae\/FBRTAPJQ2JDMVO6C5V6DJTSE2U.jpg 992w,https:\/\/www.infobae.com\/new-resizer\/0l2mYUS1dVmft1km0HsN89V87oQ=\/1200x900\/filters:format(webp):quality(85)\/cloudfront-us-east-1.images.arcpublishing.com\/infobae\/FBRTAPJQ2JDMVO6C5V6DJTSE2U.jpg 1200w,https:\/\/www.infobae.com\/new-resizer\/W3KEVaDZNkt8P2w9oQRgCzcII4I=\/1440x1080\/filters:format(webp):quality(85)\/cloudfront-us-east-1.images.arcpublishing.com\/infobae\/FBRTAPJQ2JDMVO6C5V6DJTSE2U.jpg 1440w\">El titular del Frente de Todos en la C\u00e1mara alta, Jos\u00e9 Mayans<\/p>\n\n\n\n<p>Si de n\u00fameros se trata, el texto establece que las dietas pasar\u00e1n a estar conformadas por 2.500 m\u00f3dulos -de $1.800-, m\u00e1s un adicional de 1.000 m\u00f3dulos por gastos de representaci\u00f3n y 500 m\u00f3dulos de adicional por desarraigo. Sobre este \u00faltimo punto, s\u00f3lo cuatro no lo cobran en la actualidad. Adem\u00e1s,&nbsp;<strong>se agregar\u00e1 una dieta m\u00e1s a las 12 actuales para compensar el aguinaldo. Seg\u00fan confiaron desde un despacho a este medio, la pretensi\u00f3n inicial apuntaba a una mayor cantidad de m\u00f3dulos<\/strong>.<\/p>\n\n\n\n<p>Durante la ma\u00f1ana de hoy se realiz\u00f3 un nuevo encuentro entre distintas fuerzas para reforzar el proyecto y blindarlo.&nbsp;<strong>En el recinto, quien tom\u00f3 la posta fue Romero, que solicit\u00f3 la incorporaci\u00f3n del tema y pidi\u00f3 habilitarlo sobre tablas. Se necesitaban dos tercios. Villarruel puso la definici\u00f3n a mano alzada y, pese a que algunos legisladores no lo hicieron, qued\u00f3 convalidada. Sin debate, se volvi\u00f3 a votar la iniciativa de manera formal y qued\u00f3 aprobada<\/strong>.<\/p>\n\n\n\n<p>Bajo estos par\u00e1metros, el concepto final en bruto desde mayo pr\u00f3ximo -a cobrar en junio- ser\u00e1: dieta de 2.500 m\u00f3dulos de $1.800, que dan $4,5 millones; desarraigo de 500 m\u00f3dulos, $900.000s; y gastos de representaci\u00f3n, $1,8 millones.<strong>&nbsp;Da un total de $7,2 millones. En mano, cerca de $4,5 millones<\/strong>.<\/p>\n\n\n\n<p>Lo ocurrido este jueves moviliz\u00f3 los sentimientos de varios diputados en la C\u00e1mara que maneja Menem. En el Senado, desde un despacho se escuch\u00f3 por la tarde: \u201c<strong>Al final, si dejaban el aumento con el que tanto esc\u00e1ndalo se arm\u00f3, todo esto no pasaba<\/strong>\u201d.<\/p>\n\n\n\n<p><img loading=\"lazy\" decoding=\"async\" alt=\"La vicepresidenta y titular de la C\u00e1mara alta, Victoria Villarruel (NA)\" height=\"2515\" width=\"3543\" class=\"\" src=\"https:\/\/www.infobae.com\/new-resizer\/f6Z-levcQMhMJ8RRZAM6BytUP_0=\/420x280\/filters:format(webp):quality(85)\/cloudfront-us-east-1.images.arcpublishing.com\/infobae\/ZK44V2R3IRFR7PNSGDVWHV47EA.jpg%20420w\" srcset=\"https:\/\/www.infobae.com\/new-resizer\/f6Z-levcQMhMJ8RRZAM6BytUP_0=\/420x280\/filters:format(webp):quality(85)\/cloudfront-us-east-1.images.arcpublishing.com\/infobae\/ZK44V2R3IRFR7PNSGDVWHV47EA.jpg 420w,https:\/\/www.infobae.com\/new-resizer\/pIep9c04h7xq00V4APKxia6XgRc=\/768x512\/filters:format(webp):quality(85)\/cloudfront-us-east-1.images.arcpublishing.com\/infobae\/ZK44V2R3IRFR7PNSGDVWHV47EA.jpg 768w,https:\/\/www.infobae.com\/new-resizer\/NW03iWcQXFYmNqpxJMXvRbB4eic=\/992x661\/filters:format(webp):quality(85)\/cloudfront-us-east-1.images.arcpublishing.com\/infobae\/ZK44V2R3IRFR7PNSGDVWHV47EA.jpg 992w,https:\/\/www.infobae.com\/new-resizer\/HbwYmH41L1BXWOgeLkfooK1cnQw=\/1200x800\/filters:format(webp):quality(85)\/cloudfront-us-east-1.images.arcpublishing.com\/infobae\/ZK44V2R3IRFR7PNSGDVWHV47EA.jpg 1200w,https:\/\/www.infobae.com\/new-resizer\/er8GCmXuvGhuJRcSMz73cY6ejaE=\/1440x960\/filters:format(webp):quality(85)\/cloudfront-us-east-1.images.arcpublishing.com\/infobae\/ZK44V2R3IRFR7PNSGDVWHV47EA.jpg 1440w\">La vicepresidenta y titular de la C\u00e1mara alta, Victoria Villarruel (NA)<\/p>\n\n\n\n<p>Horas despu\u00e9s de la sesi\u00f3n aparecieron repercusiones de Milei, Villarruel y de senadores que ahora le piden a la presidenta de la C\u00e1mara alta \u201cla posibilidad de no incluir el aumento autorizado\u201d en sus dietas, como el caso de los radicales mendocinos&nbsp;<strong>Mariana Juri<\/strong>&nbsp;y&nbsp;<strong>Rodolfo Suarez<\/strong>. A todo esto debe agregarse las declaraciones del oficialismo sobre el rechazo en el recinto, as\u00ed como el Pro en su totalidad.<\/p>\n\n\n\n<p><strong>En la bolsa de escombros de la jornada de hoy se pueden encontrar varias cuestiones. Primero, legisladores que se mostraron de acuerdo y despu\u00e9s sacaron los pies del plato; segundo, dos votaciones -una requer\u00eda los dos tercios- a mano alzada y r\u00e1pidas, sin ninguna solicitud para que ambas fueran por medios electr\u00f3nicos, para que no quedara constancia de cada decisi\u00f3n; y tercero, senadores que juguetearon con la mano para no mostrar, en realidad, qu\u00e9 era lo que avalaban<\/strong>.<\/p>\n\n\n\n<p>\u201cMuchos se quejan o rechazan, pero vamos a ver si donan o no este aumento.&nbsp;<strong>Al final, los kirchneristas y peronistas fueron mucho m\u00e1s org\u00e1nicos que el resto del recinto y bancaron la parada<\/strong>\u201d, se sincer\u00f3 un legislador ante la prensa acreditada al t\u00e9rmino de la sesi\u00f3n.<\/p>\n","protected":false},"excerpt":{"rendered":"<p>Ser\u00e1 el salario de mayo, a cobrar en junio. El neto es de 4,5 millones de pesos. El total se calcula con una base de la dieta, m\u00e1s los gastos de representaci\u00f3n y desarraigo. Si el Gobierno no hubiera forzado la desactivaci\u00f3n del aumento de febrero, dicha cifra hubiese pasado a $3,5 millones. Enojo de<a class=\"read-more\" href=\"https:\/\/elfederalmendoza.com.ar\/index.php\/2024\/04\/19\/el-sueldo-bruto-de-los-senadores-superara-los-7-millones-la-trama-detras-de-una-votacion-polemica\/\"> [&hellip;]<\/a><\/p>\n","protected":false},"author":2,"featured_media":32569,"comment_status":"open","ping_status":"open","sticky":false,"template":"","format":"standard","meta":{"footnotes":""},"categories":[5618],"tags":[],"class_list":["post-32567","post","type-post","status-publish","format-standard","has-post-thumbnail","hentry","category-arg"],"rttpg_featured_image_url":{"full":["https:\/\/elfederalmendoza.com.ar\/wp-content\/uploads\/2024\/04\/senadores2.jpg",1250,833,false],"landscape":["https:\/\/elfederalmendoza.com.ar\/wp-content\/uploads\/2024\/04\/senadores2.jpg",1250,833,false],"portraits":["https:\/\/elfederalmendoza.com.ar\/wp-content\/uploads\/2024\/04\/senadores2.jpg",1250,833,false],"thumbnail":["https:\/\/elfederalmendoza.com.ar\/wp-content\/uploads\/2024\/04\/senadores2-150x150.jpg",150,150,true],"medium":["https:\/\/elfederalmendoza.com.ar\/wp-content\/uploads\/2024\/04\/senadores2-300x200.jpg",300,200,true],"large":["https:\/\/elfederalmendoza.com.ar\/wp-content\/uploads\/2024\/04\/senadores2-1024x682.jpg",640,426,true],"1536x1536":["https:\/\/elfederalmendoza.com.ar\/wp-content\/uploads\/2024\/04\/senadores2.jpg",1250,833,false],"2048x2048":["https:\/\/elfederalmendoza.com.ar\/wp-content\/uploads\/2024\/04\/senadores2.jpg",1250,833,false],"ultp_layout_landscape_large":["https:\/\/elfederalmendoza.com.ar\/wp-content\/uploads\/2024\/04\/senadores2-1200x800.jpg",1200,800,true],"ultp_layout_landscape":["https:\/\/elfederalmendoza.com.ar\/wp-content\/uploads\/2024\/04\/senadores2-870x570.jpg",870,570,true],"ultp_layout_portrait":["https:\/\/elfederalmendoza.com.ar\/wp-content\/uploads\/2024\/04\/senadores2-600x833.jpg",600,833,true],"ultp_layout_square":["https:\/\/elfederalmendoza.com.ar\/wp-content\/uploads\/2024\/04\/senadores2-600x600.jpg",600,600,true],"rpwe-thumbnail":["https:\/\/elfederalmendoza.com.ar\/wp-content\/uploads\/2024\/04\/senadores2-45x45.jpg",45,45,true],"advps-thumb-one":["https:\/\/elfederalmendoza.com.ar\/wp-content\/uploads\/2024\/04\/senadores2-1200x420.jpg",1200,420,true]},"rttpg_author":{"display_name":"Redacci\u00f3n El Federal","author_link":"https:\/\/elfederalmendoza.com.ar\/index.php\/author\/angelflores\/"},"rttpg_comment":0,"rttpg_category":"<a href=\"https:\/\/elfederalmendoza.com.ar\/index.php\/category\/arg\/\" rel=\"category tag\">Argentina<\/a>","rttpg_excerpt":"Ser\u00e1 el salario de mayo, a cobrar en junio. El neto es de 4,5 millones de pesos. El total se calcula con una base de la dieta, m\u00e1s los gastos de representaci\u00f3n y desarraigo. Si el Gobierno no hubiera forzado la desactivaci\u00f3n del aumento de febrero, dicha cifra hubiese pasado a $3,5 millones. Enojo de&hellip;","_links":{"self":[{"href":"https:\/\/elfederalmendoza.com.ar\/index.php\/wp-json\/wp\/v2\/posts\/32567","targetHints":{"allow":["GET"]}}],"collection":[{"href":"https:\/\/elfederalmendoza.com.ar\/index.php\/wp-json\/wp\/v2\/posts"}],"about":[{"href":"https:\/\/elfederalmendoza.com.ar\/index.php\/wp-json\/wp\/v2\/types\/post"}],"author":[{"embeddable":true,"href":"https:\/\/elfederalmendoza.com.ar\/index.php\/wp-json\/wp\/v2\/users\/2"}],"replies":[{"embeddable":true,"href":"https:\/\/elfederalmendoza.com.ar\/index.php\/wp-json\/wp\/v2\/comments?post=32567"}],"version-history":[{"count":1,"href":"https:\/\/elfederalmendoza.com.ar\/index.php\/wp-json\/wp\/v2\/posts\/32567\/revisions"}],"predecessor-version":[{"id":32570,"href":"https:\/\/elfederalmendoza.com.ar\/index.php\/wp-json\/wp\/v2\/posts\/32567\/revisions\/32570"}],"wp:featuredmedia":[{"embeddable":true,"href":"https:\/\/elfederalmendoza.com.ar\/index.php\/wp-json\/wp\/v2\/media\/32569"}],"wp:attachment":[{"href":"https:\/\/elfederalmendoza.com.ar\/index.php\/wp-json\/wp\/v2\/media?parent=32567"}],"wp:term":[{"taxonomy":"category","embeddable":true,"href":"https:\/\/elfederalmendoza.com.ar\/index.php\/wp-json\/wp\/v2\/categories?post=32567"},{"taxonomy":"post_tag","embeddable":true,"href":"https:\/\/elfederalmendoza.com.ar\/index.php\/wp-json\/wp\/v2\/tags?post=32567"}],"curies":[{"name":"wp","href":"https:\/\/api.w.org\/{rel}","templated":true}]}}