{"id":32580,"date":"2024-04-20T10:20:52","date_gmt":"2024-04-20T13:20:52","guid":{"rendered":"https:\/\/elfederalmendoza.com\/?p=32580"},"modified":"2024-04-20T10:20:54","modified_gmt":"2024-04-20T13:20:54","slug":"dos-horas-de-enfrentamientos-entre-la-banda-narco-wachos-atrevidos-con-la-policia-en-las-heras","status":"publish","type":"post","link":"https:\/\/elfederalmendoza.com.ar\/index.php\/2024\/04\/20\/dos-horas-de-enfrentamientos-entre-la-banda-narco-wachos-atrevidos-con-la-policia-en-las-heras\/","title":{"rendered":"Dos horas de enfrentamientos entre la banda narco \u00abWachos Atrevidos\u00bb con la polic\u00eda en Las Heras"},"content":{"rendered":"\n<p>Se trata de Bel\u00e9n D\u00edaz, quien a\u00f1os atr\u00e1s fue condenada junto a su hijo y otros miembros de la banda por venta de drogas. Cay\u00f3 durante una serie de allanamientos en el barrio 26 de Enero. Su hija tambi\u00e9n fue capturada y hubo ataques contra los polic\u00edas.<\/p>\n\n\n\n<p>Desde hace m\u00e1s de una d\u00e9cada que\u00a0<strong>Mar\u00eda Bel\u00e9n D\u00edaz\u00a0<\/strong>viene siendo detenida por casos de narcocriminalidad. Incluso,\u00a0no hace mucho fue condenada en una causa de venta de drogas junto a uno de sus hijos\u00a0y otros miembros de la banda conocida como los\u00a0<em><strong>Wachos Atrevidos<\/strong><\/em>, sindicados por asaltos y otros il\u00edcitos.<\/p>\n\n\n\n<p>Durante la noche del jueves, la mujer de 49 a\u00f1os volvi\u00f3 a caer durante un importante operativo que desarroll\u00f3 personal de la\u00a0<strong>Polic\u00eda Contra el Narcotr\u00e1fico\u00a0<\/strong>(<strong>PCN<\/strong>) en el\u00a0<strong>barrio 26 de Enero<\/strong>, donde tiene base.<\/p>\n\n\n\n<p>Las tareas para capturar a la\u00a0<em>Bel\u00e9n<\/em>, como es conocida en la zona, no fueron para nada sencillas, ya que malvivientes buscaron frustrar el procedimiento atacando a los efectivos.<\/p>\n\n\n\n<figure class=\"wp-block-image size-full\"><img loading=\"lazy\" decoding=\"async\" width=\"801\" height=\"696\" src=\"https:\/\/elfederalmendoza.com\/wp-content\/uploads\/2024\/04\/wachi2.jpg\" alt=\"\" class=\"wp-image-32583\" srcset=\"https:\/\/elfederalmendoza.com.ar\/wp-content\/uploads\/2024\/04\/wachi2.jpg 801w, https:\/\/elfederalmendoza.com.ar\/wp-content\/uploads\/2024\/04\/wachi2-300x261.jpg 300w, https:\/\/elfederalmendoza.com.ar\/wp-content\/uploads\/2024\/04\/wachi2-768x667.jpg 768w\" sizes=\"auto, (max-width: 801px) 100vw, 801px\" \/><\/figure>\n\n\n\n<p><mark><strong>Durante m\u00e1s de dos horas un grupo de sujetos que reside en esa barriada les arroj\u00f3 elementos contundentes<\/strong><\/mark>, provocando da\u00f1os en una camioneta del\u00a0<strong>Grupo Especial de Seguridad<\/strong>\u00a0(<strong>GES<\/strong>), que particip\u00f3 de las medidas para brindarle seguridad a sus colegas de la PCN.<\/p>\n\n\n\n<p>Debido a eso, se escucharon m\u00faltiples detonaciones de arma de fuego, ya que los polic\u00edas debieron responder utilizando sus armas largas y as\u00ed lograron controlar el hostil comportamiento de los residentes del complejo.<\/p>\n\n\n\n<figure class=\"wp-block-image is-resized\"><img decoding=\"async\" src=\"https:\/\/i0.wp.com\/newspack-elsol.s3.amazonaws.com\/wp-content\/uploads\/2024\/04\/WhatsApp-Image-2024-04-19-at-09.53.50-576x1024.jpeg?resize=576%2C1024&amp;ssl=1\" alt=\"\" class=\"wp-image-1949643\" style=\"width:840px;height:auto\"\/><figcaption class=\"wp-element-caption\">Dinero y drogas incautadas en el procedimiento.<\/figcaption><\/figure>\n\n\n\n<p>M\u00e1s all\u00e1 de eso, en los allanamientos a tres puntos de comercializaci\u00f3n de estupefacientes los sabuesos lograron secuestrar&nbsp;<mark>213 ravioles de coca\u00edna (100 gramos), 14 envoltorios de nailon con la misma sustancia (90 gramos), un trozo de marihuana compactada (25 gramos), 250.000 pesos en efectivo<\/mark>, dos balanzas digitales, celulares y elementos de fraccionamiento.<\/p>\n\n\n\n<p>Las actuaciones no s\u00f3lo permitieron atrapar a la\u00a0<em>Bel\u00e9n<\/em>, sino que tambi\u00e9n fue detenida una de sus hijas, identificad como\u00a0<strong>Katherina Ail\u00e9n Sosa D\u00edaz<\/strong>, de 22 a\u00f1os, quien tambi\u00e9n cuenta con antecedentes por infracci\u00f3n a la\u00a0<strong>Ley 23.737<\/strong>\u00a0(de estupefacientes).<\/p>\n\n\n\n<figure class=\"wp-block-image size-full is-resized\"><img loading=\"lazy\" decoding=\"async\" width=\"774\" height=\"683\" src=\"https:\/\/elfederalmendoza.com\/wp-content\/uploads\/2024\/04\/wachi1.jpg\" alt=\"\" class=\"wp-image-32582\" style=\"width:840px;height:auto\" srcset=\"https:\/\/elfederalmendoza.com.ar\/wp-content\/uploads\/2024\/04\/wachi1.jpg 774w, https:\/\/elfederalmendoza.com.ar\/wp-content\/uploads\/2024\/04\/wachi1-300x265.jpg 300w, https:\/\/elfederalmendoza.com.ar\/wp-content\/uploads\/2024\/04\/wachi1-768x678.jpg 768w\" sizes=\"auto, (max-width: 774px) 100vw, 774px\" \/><\/figure>\n\n\n\n<p>Adem\u00e1s, la joven es hija de&nbsp;<strong>Marcelo Fabi\u00e1n&nbsp;<em>Petete&nbsp;<\/em>Sosa<\/strong>, ex pareja de la Bel\u00e9n, y que desde hace tiempo se encuentra en prisi\u00f3n por tema de drogas.<\/p>\n\n\n\n<p><strong>Marcelo Fabi\u00e1n Sosa (49)<\/strong> es uno de los narcos m\u00e1s conocidos de Mendoza. Este sujeto, que es de f\u00e1cil identificaci\u00f3n \u2013tiene gran parte de su cuerpo tatuado y su ex mujer y sus hijos est\u00e1n presos\u2013, se mueve por Las Heras.<\/p>\n\n\n\n<h2 class=\"wp-block-heading\" id=\"h-reciente-sentencia\">Reciente sentencia<\/h2>\n\n\n\n<p>El 16 de junio de 2020, la Justicia federal conden\u00f3 a la Bel\u00e9n a 8 de a\u00f1os de c\u00e1rcel por una investigaci\u00f3n de tr\u00e1fico de drogas en la que se incaut\u00f3 m\u00e1s de 6 kilos de marihuana y dinero proveniente de la venta de sustancias.<\/p>\n\n\n\n<p>En ese debate tambi\u00e9n sentenciaron a su hijo,\u00a0<strong>Luciano Pereyra D\u00edaz<\/strong>, la cara visible de los\u00a0<em>Wachos Atrevidos<\/em>, quien recibi\u00f3 una pena de 4 a\u00f1os de reclusi\u00f3n.<\/p>\n\n\n\n<p>Personal de la Unidad Investigativa de Las Heras detuvo este martes a cuatro personas que pertenec\u00edan a la banda de los \u201cWachos Atrevidos\u201d, una organizaci\u00f3n dedicada a la venta de estupefacientes en el barrio 26 de Enero. Est\u00e1n se\u00f1alados por varios\u2026<\/p>\n\n\n\n<p>Otros miembros de la banda, identificados como<strong>&nbsp;Juan Eduardo Medina y Katherina Alejandra M\u00e9ndez<\/strong>, resultaron condenados durante ese proceso a 6 y 4 a\u00f1os de prisi\u00f3n, respectivamente.<\/p>\n","protected":false},"excerpt":{"rendered":"<p>Se trata de Bel\u00e9n D\u00edaz, quien a\u00f1os atr\u00e1s fue condenada junto a su hijo y otros miembros de la banda por venta de drogas. Cay\u00f3 durante una serie de allanamientos en el barrio 26 de Enero. Su hija tambi\u00e9n fue capturada y hubo ataques contra los polic\u00edas. Desde hace m\u00e1s de una d\u00e9cada que\u00a0Mar\u00eda Bel\u00e9n<a class=\"read-more\" href=\"https:\/\/elfederalmendoza.com.ar\/index.php\/2024\/04\/20\/dos-horas-de-enfrentamientos-entre-la-banda-narco-wachos-atrevidos-con-la-policia-en-las-heras\/\"> [&hellip;]<\/a><\/p>\n","protected":false},"author":2,"featured_media":32585,"comment_status":"open","ping_status":"open","sticky":false,"template":"","format":"standard","meta":{"footnotes":""},"categories":[1],"tags":[],"class_list":["post-32580","post","type-post","status-publish","format-standard","has-post-thumbnail","hentry","category-mza"],"rttpg_featured_image_url":{"full":["https:\/\/elfederalmendoza.com.ar\/wp-content\/uploads\/2024\/04\/wachi4.jpg",801,696,false],"landscape":["https:\/\/elfederalmendoza.com.ar\/wp-content\/uploads\/2024\/04\/wachi4.jpg",801,696,false],"portraits":["https:\/\/elfederalmendoza.com.ar\/wp-content\/uploads\/2024\/04\/wachi4.jpg",801,696,false],"thumbnail":["https:\/\/elfederalmendoza.com.ar\/wp-content\/uploads\/2024\/04\/wachi4-150x150.jpg",150,150,true],"medium":["https:\/\/elfederalmendoza.com.ar\/wp-content\/uploads\/2024\/04\/wachi4-300x261.jpg",300,261,true],"large":["https:\/\/elfederalmendoza.com.ar\/wp-content\/uploads\/2024\/04\/wachi4.jpg",640,556,false],"1536x1536":["https:\/\/elfederalmendoza.com.ar\/wp-content\/uploads\/2024\/04\/wachi4.jpg",801,696,false],"2048x2048":["https:\/\/elfederalmendoza.com.ar\/wp-content\/uploads\/2024\/04\/wachi4.jpg",801,696,false],"ultp_layout_landscape_large":["https:\/\/elfederalmendoza.com.ar\/wp-content\/uploads\/2024\/04\/wachi4.jpg",801,696,false],"ultp_layout_landscape":["https:\/\/elfederalmendoza.com.ar\/wp-content\/uploads\/2024\/04\/wachi4-801x570.jpg",801,570,true],"ultp_layout_portrait":["https:\/\/elfederalmendoza.com.ar\/wp-content\/uploads\/2024\/04\/wachi4-600x696.jpg",600,696,true],"ultp_layout_square":["https:\/\/elfederalmendoza.com.ar\/wp-content\/uploads\/2024\/04\/wachi4-600x600.jpg",600,600,true],"rpwe-thumbnail":["https:\/\/elfederalmendoza.com.ar\/wp-content\/uploads\/2024\/04\/wachi4-45x45.jpg",45,45,true],"advps-thumb-one":["https:\/\/elfederalmendoza.com.ar\/wp-content\/uploads\/2024\/04\/wachi4-801x420.jpg",801,420,true]},"rttpg_author":{"display_name":"Redacci\u00f3n El Federal","author_link":"https:\/\/elfederalmendoza.com.ar\/index.php\/author\/angelflores\/"},"rttpg_comment":0,"rttpg_category":"<a href=\"https:\/\/elfederalmendoza.com.ar\/index.php\/category\/mza\/\" rel=\"category tag\">Mendoza<\/a>","rttpg_excerpt":"Se trata de Bel\u00e9n D\u00edaz, quien a\u00f1os atr\u00e1s fue condenada junto a su hijo y otros miembros de la banda por venta de drogas. Cay\u00f3 durante una serie de allanamientos en el barrio 26 de Enero. Su hija tambi\u00e9n fue capturada y hubo ataques contra los polic\u00edas. Desde hace m\u00e1s de una d\u00e9cada que\u00a0Mar\u00eda Bel\u00e9n&hellip;","_links":{"self":[{"href":"https:\/\/elfederalmendoza.com.ar\/index.php\/wp-json\/wp\/v2\/posts\/32580","targetHints":{"allow":["GET"]}}],"collection":[{"href":"https:\/\/elfederalmendoza.com.ar\/index.php\/wp-json\/wp\/v2\/posts"}],"about":[{"href":"https:\/\/elfederalmendoza.com.ar\/index.php\/wp-json\/wp\/v2\/types\/post"}],"author":[{"embeddable":true,"href":"https:\/\/elfederalmendoza.com.ar\/index.php\/wp-json\/wp\/v2\/users\/2"}],"replies":[{"embeddable":true,"href":"https:\/\/elfederalmendoza.com.ar\/index.php\/wp-json\/wp\/v2\/comments?post=32580"}],"version-history":[{"count":1,"href":"https:\/\/elfederalmendoza.com.ar\/index.php\/wp-json\/wp\/v2\/posts\/32580\/revisions"}],"predecessor-version":[{"id":32586,"href":"https:\/\/elfederalmendoza.com.ar\/index.php\/wp-json\/wp\/v2\/posts\/32580\/revisions\/32586"}],"wp:featuredmedia":[{"embeddable":true,"href":"https:\/\/elfederalmendoza.com.ar\/index.php\/wp-json\/wp\/v2\/media\/32585"}],"wp:attachment":[{"href":"https:\/\/elfederalmendoza.com.ar\/index.php\/wp-json\/wp\/v2\/media?parent=32580"}],"wp:term":[{"taxonomy":"category","embeddable":true,"href":"https:\/\/elfederalmendoza.com.ar\/index.php\/wp-json\/wp\/v2\/categories?post=32580"},{"taxonomy":"post_tag","embeddable":true,"href":"https:\/\/elfederalmendoza.com.ar\/index.php\/wp-json\/wp\/v2\/tags?post=32580"}],"curies":[{"name":"wp","href":"https:\/\/api.w.org\/{rel}","templated":true}]}}