{"id":32588,"date":"2024-04-21T10:57:53","date_gmt":"2024-04-21T13:57:53","guid":{"rendered":"https:\/\/elfederalmendoza.com\/?p=32588"},"modified":"2024-04-21T10:57:55","modified_gmt":"2024-04-21T13:57:55","slug":"el-gobierno-ratifico-que-auditara-el-dinero-que-va-a-todas-las-universidades-del-pais","status":"publish","type":"post","link":"https:\/\/elfederalmendoza.com.ar\/index.php\/2024\/04\/21\/el-gobierno-ratifico-que-auditara-el-dinero-que-va-a-todas-las-universidades-del-pais\/","title":{"rendered":"El Gobierno ratific\u00f3 que auditar\u00e1 el dinero que va a todas las universidades del pa\u00eds"},"content":{"rendered":"\n<p>Alejandro \u00c1lvarez, subsecretario de Pol\u00edticas Universitarias, dijo que la \u00abfiscalizaci\u00f3n\u00bb del gasto est\u00e1 en la ley de Educaci\u00f3n Superior. <strong>La publicaci\u00f3n del funcionario fue replicada por el Presidente.<\/strong><\/p>\n\n\n\n<p>El subsecretario de Pol\u00edticas Universitarias, <strong>Alejandro \u00c1lvarez<\/strong>, lanz\u00f3 este s\u00e1bado una nueva advertencia en medio del conflicto con las casas de estudio y dijo que \u00abhagan lo que hagan\u00bb el Gobierno nacional va a \u00abauditar\u00bb a las\u00a0<strong>universidades<\/strong>.<\/p>\n\n\n\n<p>\u00abUn aviso importante: pase lo que pase, hagan lo que hagan, por lo menos mientras\u00a0<strong>Javier Milei<\/strong>\u00a0sea presidente, el dinero de la gente que va a las universidades se va a AUDITAR, la fiscalizaci\u00f3n del gasto en las universidades est\u00e1 en la ley de Educaci\u00f3n Superior\u00bb, asegur\u00f3 \u00c1lvarez a trav\u00e9s de las redes sociales.<\/p>\n\n\n\n<p>En esa l\u00ednea, el funcionario de la secretar\u00eda de Educaci\u00f3n expres\u00f3: \u00abTodo, TODO, el Estado tiene doble auditoria: SIGEN Y AGN, dice \u00b4directa e indelegable\u00b4, no dice \u00b4\u00fanicamente\u00b4, \u00b4de manera exclusiva\u00b4 o \u00b4solamente\u00b4\u00bb.<\/p>\n\n\n\n<p>\u00abAdem\u00e1s, el art. anterior las pone \u00b4dentro del r\u00e9gimen de la ley 24.156, de administraci\u00f3n financiera y sistemas de control del sector p\u00fablico nacional\u00b4\u00bb, argument\u00f3.<\/p>\n\n\n\n<figure class=\"wp-block-image is-resized\"><img decoding=\"async\" src=\"https:\/\/www.mendozapost.com\/files\/image\/563\/563937\/6624dbfd935d9_570_299!.jpg?s=a56d0ffbc30ca9c2085f6587611f439e&amp;d=1713691649\" alt=\"\" style=\"width:840px;height:auto\"\/><figcaption class=\"wp-element-caption\">Alejandro \u00c1lvarez, subsecretario de Pol\u00edticas Universitarias.<\/figcaption><\/figure>\n\n\n\n<p>A su vez, \u00c1lvarez indic\u00f3 en un comentario a otro usuario X que est\u00e1n \u00abarmando un \u00e1rea de fiscalizaci\u00f3n y auditor\u00eda que NO EXIST\u00cdA\u00bb.<\/p>\n\n\n\n<p>Por otra parte, en el mismo posteo, el subsecretario afirm\u00f3: \u00abTienen de rehenes a los alumnos y los van a usar para defenderse, tenemos que cuidar a los alumnos y a los docentes que dan clases\u00bb.<\/p>\n\n\n\n<p>Las expresiones del funcionario de la cartera de Educaci\u00f3n se dieron en el marco del conflicto entre el Ejecutivo y las autoridades universitarias por el recorte presupuestario.<\/p>\n\n\n\n<blockquote class=\"twitter-tweet\"><p lang=\"es\" dir=\"ltr\">Un aviso importante: pase lo que pase, hagan lo que hagan, por lo menos mientras <a href=\"https:\/\/twitter.com\/JMilei?ref_src=twsrc%5Etfw\">@JMilei<\/a> sea presidente, el dinero de la gente que va a las universidades se va a AUDITAR, la fiscalizaci\u00f3n del gasto en las universidades esta en la ley de Educaci\u00f3n Superior. <a href=\"https:\/\/t.co\/EZufqYPRuc\">pic.twitter.com\/EZufqYPRuc<\/a><\/p>&mdash; Alejandro Alvarez (h.) (@AleCiroAlvarez) <a href=\"https:\/\/twitter.com\/AleCiroAlvarez\/status\/1781684547794370617?ref_src=twsrc%5Etfw\">April 20, 2024<\/a><\/blockquote> <script async src=\"https:\/\/platform.twitter.com\/widgets.js\" charset=\"utf-8\"><\/script>\n\n\n\n<p>En medio de la tensi\u00f3n con las casas de estudio, el Gobierno hab\u00eda anunciado el pasado jueves un acuerdo que luego fue desmentido por el Consejo Interuniversitario Nacional (CIN).<\/p>\n\n\n\n<p>En tanto, desde la secretar\u00eda de Educaci\u00f3n insisten con haber arribado a una serie de \u00abconsensos\u00bb con las autoridades educativas y confirmaron que tienen planeada una reuni\u00f3n con el Consejo Interuniversitario el 30 de abril.<\/p>\n","protected":false},"excerpt":{"rendered":"<p>Alejandro \u00c1lvarez, subsecretario de Pol\u00edticas Universitarias, dijo que la \u00abfiscalizaci\u00f3n\u00bb del gasto est\u00e1 en la ley de Educaci\u00f3n Superior. La publicaci\u00f3n del funcionario fue replicada por el Presidente. El subsecretario de Pol\u00edticas Universitarias, Alejandro \u00c1lvarez, lanz\u00f3 este s\u00e1bado una nueva advertencia en medio del conflicto con las casas de estudio y dijo que \u00abhagan lo<a class=\"read-more\" href=\"https:\/\/elfederalmendoza.com.ar\/index.php\/2024\/04\/21\/el-gobierno-ratifico-que-auditara-el-dinero-que-va-a-todas-las-universidades-del-pais\/\"> [&hellip;]<\/a><\/p>\n","protected":false},"author":2,"featured_media":32590,"comment_status":"open","ping_status":"open","sticky":false,"template":"","format":"standard","meta":{"footnotes":""},"categories":[5618],"tags":[],"class_list":["post-32588","post","type-post","status-publish","format-standard","has-post-thumbnail","hentry","category-arg"],"rttpg_featured_image_url":{"full":["https:\/\/elfederalmendoza.com.ar\/wp-content\/uploads\/2024\/04\/estudiantes-scaled.jpg",2560,1707,false],"landscape":["https:\/\/elfederalmendoza.com.ar\/wp-content\/uploads\/2024\/04\/estudiantes-scaled.jpg",2560,1707,false],"portraits":["https:\/\/elfederalmendoza.com.ar\/wp-content\/uploads\/2024\/04\/estudiantes-scaled.jpg",2560,1707,false],"thumbnail":["https:\/\/elfederalmendoza.com.ar\/wp-content\/uploads\/2024\/04\/estudiantes-150x150.jpg",150,150,true],"medium":["https:\/\/elfederalmendoza.com.ar\/wp-content\/uploads\/2024\/04\/estudiantes-300x200.jpg",300,200,true],"large":["https:\/\/elfederalmendoza.com.ar\/wp-content\/uploads\/2024\/04\/estudiantes-1024x683.jpg",640,427,true],"1536x1536":["https:\/\/elfederalmendoza.com.ar\/wp-content\/uploads\/2024\/04\/estudiantes-1536x1024.jpg",1536,1024,true],"2048x2048":["https:\/\/elfederalmendoza.com.ar\/wp-content\/uploads\/2024\/04\/estudiantes-2048x1365.jpg",2048,1365,true],"ultp_layout_landscape_large":["https:\/\/elfederalmendoza.com.ar\/wp-content\/uploads\/2024\/04\/estudiantes-1200x800.jpg",1200,800,true],"ultp_layout_landscape":["https:\/\/elfederalmendoza.com.ar\/wp-content\/uploads\/2024\/04\/estudiantes-870x570.jpg",870,570,true],"ultp_layout_portrait":["https:\/\/elfederalmendoza.com.ar\/wp-content\/uploads\/2024\/04\/estudiantes-600x900.jpg",600,900,true],"ultp_layout_square":["https:\/\/elfederalmendoza.com.ar\/wp-content\/uploads\/2024\/04\/estudiantes-600x600.jpg",600,600,true],"rpwe-thumbnail":["https:\/\/elfederalmendoza.com.ar\/wp-content\/uploads\/2024\/04\/estudiantes-45x45.jpg",45,45,true],"advps-thumb-one":["https:\/\/elfederalmendoza.com.ar\/wp-content\/uploads\/2024\/04\/estudiantes-1200x420.jpg",1200,420,true]},"rttpg_author":{"display_name":"Redacci\u00f3n El Federal","author_link":"https:\/\/elfederalmendoza.com.ar\/index.php\/author\/angelflores\/"},"rttpg_comment":0,"rttpg_category":"<a href=\"https:\/\/elfederalmendoza.com.ar\/index.php\/category\/arg\/\" rel=\"category tag\">Argentina<\/a>","rttpg_excerpt":"Alejandro \u00c1lvarez, subsecretario de Pol\u00edticas Universitarias, dijo que la \u00abfiscalizaci\u00f3n\u00bb del gasto est\u00e1 en la ley de Educaci\u00f3n Superior. La publicaci\u00f3n del funcionario fue replicada por el Presidente. El subsecretario de Pol\u00edticas Universitarias, Alejandro \u00c1lvarez, lanz\u00f3 este s\u00e1bado una nueva advertencia en medio del conflicto con las casas de estudio y dijo que \u00abhagan lo&hellip;","_links":{"self":[{"href":"https:\/\/elfederalmendoza.com.ar\/index.php\/wp-json\/wp\/v2\/posts\/32588","targetHints":{"allow":["GET"]}}],"collection":[{"href":"https:\/\/elfederalmendoza.com.ar\/index.php\/wp-json\/wp\/v2\/posts"}],"about":[{"href":"https:\/\/elfederalmendoza.com.ar\/index.php\/wp-json\/wp\/v2\/types\/post"}],"author":[{"embeddable":true,"href":"https:\/\/elfederalmendoza.com.ar\/index.php\/wp-json\/wp\/v2\/users\/2"}],"replies":[{"embeddable":true,"href":"https:\/\/elfederalmendoza.com.ar\/index.php\/wp-json\/wp\/v2\/comments?post=32588"}],"version-history":[{"count":1,"href":"https:\/\/elfederalmendoza.com.ar\/index.php\/wp-json\/wp\/v2\/posts\/32588\/revisions"}],"predecessor-version":[{"id":32591,"href":"https:\/\/elfederalmendoza.com.ar\/index.php\/wp-json\/wp\/v2\/posts\/32588\/revisions\/32591"}],"wp:featuredmedia":[{"embeddable":true,"href":"https:\/\/elfederalmendoza.com.ar\/index.php\/wp-json\/wp\/v2\/media\/32590"}],"wp:attachment":[{"href":"https:\/\/elfederalmendoza.com.ar\/index.php\/wp-json\/wp\/v2\/media?parent=32588"}],"wp:term":[{"taxonomy":"category","embeddable":true,"href":"https:\/\/elfederalmendoza.com.ar\/index.php\/wp-json\/wp\/v2\/categories?post=32588"},{"taxonomy":"post_tag","embeddable":true,"href":"https:\/\/elfederalmendoza.com.ar\/index.php\/wp-json\/wp\/v2\/tags?post=32588"}],"curies":[{"name":"wp","href":"https:\/\/api.w.org\/{rel}","templated":true}]}}