{"id":32593,"date":"2024-04-22T11:02:45","date_gmt":"2024-04-22T14:02:45","guid":{"rendered":"https:\/\/elfederalmendoza.com\/?p=32593"},"modified":"2024-04-22T11:02:47","modified_gmt":"2024-04-22T14:02:47","slug":"detuvieron-a-un-chico-de-14-anos-con-cocaina-en-las-heras","status":"publish","type":"post","link":"https:\/\/elfederalmendoza.com.ar\/index.php\/2024\/04\/22\/detuvieron-a-un-chico-de-14-anos-con-cocaina-en-las-heras\/","title":{"rendered":"Detuvieron a un chico de 14 a\u00f1os con coca\u00edna en Las Heras"},"content":{"rendered":"\n<p>Un adolescente de 14 a\u00f1os fue\u00a0<strong>detenido<\/strong>\u00a0con\u00a0<strong>coca\u00edna<\/strong>\u00a0en\u00a0<strong>Las Heras<\/strong>. Cargaba 200 envoltorios de papel glas\u00e9 en la moto, en la que iba junto a un hombre de 26 a\u00f1os.\u00a0<\/p>\n\n\n\n<p>El hecho ocurri\u00f3 este domingo a las 16.15, cuando efectivos de la Unidad de Acci\u00f3n Preventiva (UAP) estaban patrullando y vieron a los dos sujetos andando en moto por calles<strong> Col\u00f3n y Santa Rosa<\/strong>.<\/p>\n\n\n\n<figure class=\"wp-block-image is-resized\"><img decoding=\"async\" src=\"https:\/\/www.mendozapost.com\/files\/image\/564\/564223\/6626594f82e8d_570_320!.jpg?s=2629dbd72e7ebe97ffe8d5bd8400b063&amp;d=1713789266\" alt=\"\" style=\"width:840px;height:auto\"\/><figcaption class=\"wp-element-caption\">Droga secuestrada a los detenidos.<\/figcaption><\/figure>\n\n\n\n<p>Los polic\u00edas los frenaron y les pidieron que se identifiquen. Al requisarlos, entre su ropa les encontraron la\u00a0<strong>coca\u00edna<\/strong>\u00a0empaquetada. Pesada, la\u00a0<strong>droga<\/strong>\u00a0totalizaba la cantidad de 127,48 gramos, informaron fuentes policiales.<\/p>\n\n\n\n<p>El mayor qued\u00f3 detenido a cargo de la Justicia. El adolescente es inimputable por ser menor de 16, <strong>por lo quedar\u00e1 libre.<\/strong> Interviene en el caso el Juzgado Federal N\u00b01.<\/p>\n","protected":false},"excerpt":{"rendered":"<p>Un adolescente de 14 a\u00f1os fue\u00a0detenido\u00a0con\u00a0coca\u00edna\u00a0en\u00a0Las Heras. Cargaba 200 envoltorios de papel glas\u00e9 en la moto, en la que iba junto a un hombre de 26 a\u00f1os.\u00a0 El hecho ocurri\u00f3 este domingo a las 16.15, cuando efectivos de la Unidad de Acci\u00f3n Preventiva (UAP) estaban patrullando y vieron a los dos sujetos andando en moto<a class=\"read-more\" href=\"https:\/\/elfederalmendoza.com.ar\/index.php\/2024\/04\/22\/detuvieron-a-un-chico-de-14-anos-con-cocaina-en-las-heras\/\"> [&hellip;]<\/a><\/p>\n","protected":false},"author":2,"featured_media":32595,"comment_status":"open","ping_status":"open","sticky":false,"template":"","format":"standard","meta":{"footnotes":""},"categories":[1],"tags":[],"class_list":["post-32593","post","type-post","status-publish","format-standard","has-post-thumbnail","hentry","category-mza"],"rttpg_featured_image_url":{"full":["https:\/\/elfederalmendoza.com.ar\/wp-content\/uploads\/2024\/04\/catorse1.jpg",1125,733,false],"landscape":["https:\/\/elfederalmendoza.com.ar\/wp-content\/uploads\/2024\/04\/catorse1.jpg",1125,733,false],"portraits":["https:\/\/elfederalmendoza.com.ar\/wp-content\/uploads\/2024\/04\/catorse1.jpg",1125,733,false],"thumbnail":["https:\/\/elfederalmendoza.com.ar\/wp-content\/uploads\/2024\/04\/catorse1-150x150.jpg",150,150,true],"medium":["https:\/\/elfederalmendoza.com.ar\/wp-content\/uploads\/2024\/04\/catorse1-300x195.jpg",300,195,true],"large":["https:\/\/elfederalmendoza.com.ar\/wp-content\/uploads\/2024\/04\/catorse1-1024x667.jpg",640,417,true],"1536x1536":["https:\/\/elfederalmendoza.com.ar\/wp-content\/uploads\/2024\/04\/catorse1.jpg",1125,733,false],"2048x2048":["https:\/\/elfederalmendoza.com.ar\/wp-content\/uploads\/2024\/04\/catorse1.jpg",1125,733,false],"ultp_layout_landscape_large":["https:\/\/elfederalmendoza.com.ar\/wp-content\/uploads\/2024\/04\/catorse1.jpg",1125,733,false],"ultp_layout_landscape":["https:\/\/elfederalmendoza.com.ar\/wp-content\/uploads\/2024\/04\/catorse1-870x570.jpg",870,570,true],"ultp_layout_portrait":["https:\/\/elfederalmendoza.com.ar\/wp-content\/uploads\/2024\/04\/catorse1-600x733.jpg",600,733,true],"ultp_layout_square":["https:\/\/elfederalmendoza.com.ar\/wp-content\/uploads\/2024\/04\/catorse1-600x600.jpg",600,600,true],"rpwe-thumbnail":["https:\/\/elfederalmendoza.com.ar\/wp-content\/uploads\/2024\/04\/catorse1-45x45.jpg",45,45,true],"advps-thumb-one":["https:\/\/elfederalmendoza.com.ar\/wp-content\/uploads\/2024\/04\/catorse1-1125x420.jpg",1125,420,true]},"rttpg_author":{"display_name":"Redacci\u00f3n El Federal","author_link":"https:\/\/elfederalmendoza.com.ar\/index.php\/author\/angelflores\/"},"rttpg_comment":0,"rttpg_category":"<a href=\"https:\/\/elfederalmendoza.com.ar\/index.php\/category\/mza\/\" rel=\"category tag\">Mendoza<\/a>","rttpg_excerpt":"Un adolescente de 14 a\u00f1os fue\u00a0detenido\u00a0con\u00a0coca\u00edna\u00a0en\u00a0Las Heras. Cargaba 200 envoltorios de papel glas\u00e9 en la moto, en la que iba junto a un hombre de 26 a\u00f1os.\u00a0 El hecho ocurri\u00f3 este domingo a las 16.15, cuando efectivos de la Unidad de Acci\u00f3n Preventiva (UAP) estaban patrullando y vieron a los dos sujetos andando en moto&hellip;","_links":{"self":[{"href":"https:\/\/elfederalmendoza.com.ar\/index.php\/wp-json\/wp\/v2\/posts\/32593","targetHints":{"allow":["GET"]}}],"collection":[{"href":"https:\/\/elfederalmendoza.com.ar\/index.php\/wp-json\/wp\/v2\/posts"}],"about":[{"href":"https:\/\/elfederalmendoza.com.ar\/index.php\/wp-json\/wp\/v2\/types\/post"}],"author":[{"embeddable":true,"href":"https:\/\/elfederalmendoza.com.ar\/index.php\/wp-json\/wp\/v2\/users\/2"}],"replies":[{"embeddable":true,"href":"https:\/\/elfederalmendoza.com.ar\/index.php\/wp-json\/wp\/v2\/comments?post=32593"}],"version-history":[{"count":1,"href":"https:\/\/elfederalmendoza.com.ar\/index.php\/wp-json\/wp\/v2\/posts\/32593\/revisions"}],"predecessor-version":[{"id":32596,"href":"https:\/\/elfederalmendoza.com.ar\/index.php\/wp-json\/wp\/v2\/posts\/32593\/revisions\/32596"}],"wp:featuredmedia":[{"embeddable":true,"href":"https:\/\/elfederalmendoza.com.ar\/index.php\/wp-json\/wp\/v2\/media\/32595"}],"wp:attachment":[{"href":"https:\/\/elfederalmendoza.com.ar\/index.php\/wp-json\/wp\/v2\/media?parent=32593"}],"wp:term":[{"taxonomy":"category","embeddable":true,"href":"https:\/\/elfederalmendoza.com.ar\/index.php\/wp-json\/wp\/v2\/categories?post=32593"},{"taxonomy":"post_tag","embeddable":true,"href":"https:\/\/elfederalmendoza.com.ar\/index.php\/wp-json\/wp\/v2\/tags?post=32593"}],"curies":[{"name":"wp","href":"https:\/\/api.w.org\/{rel}","templated":true}]}}