{"id":32606,"date":"2024-04-24T12:40:03","date_gmt":"2024-04-24T15:40:03","guid":{"rendered":"https:\/\/elfederalmendoza.com\/?p=32606"},"modified":"2024-04-24T12:40:05","modified_gmt":"2024-04-24T15:40:05","slug":"llegan-a-mendoza-desde-california-los-tranvias-para-los-tramos-lujan-de-cuyo-y-el-aeropuerto-francisco-gabrielli","status":"publish","type":"post","link":"https:\/\/elfederalmendoza.com.ar\/index.php\/2024\/04\/24\/llegan-a-mendoza-desde-california-los-tranvias-para-los-tramos-lujan-de-cuyo-y-el-aeropuerto-francisco-gabrielli\/","title":{"rendered":"Llegan a Mendoza desde California los tranv\u00edas para los tramos Luj\u00e1n de Cuyo y el Aeropuerto Francisco Gabrielli"},"content":{"rendered":"\n<p>Son parte de las<strong> 39 formaciones<\/strong> usadas que fueron donadas a la provincia por STM San Diego, en los EE.UU. Las unidades arribar\u00e1n proximamente a la provincia y se pondr\u00e1n a punto para ser parte de la nueva traza, que tambi\u00e9n llegar\u00e1 hasta Chacras de Coria.<\/p>\n\n\n\n<p>El Gobierno de Mendoza\u00a0 autoriz\u00f3 el desembolso de<strong>\u00a0$660 millones para afrontar los gastos de\u00a0 traslado de tres duplas<\/strong>\u00a0m\u00e1s,\u00a0 para reforzar el sistema del Metrotranv\u00eda en Mendoza y llegar hasta Luj\u00e1n y el Aeropuerto Francisco Gabrielli. Lo hizo por medio del decreto 719, publicado este mi\u00e9rcoles en el Bolet\u00edn Oficial.<\/p>\n\n\n\n<p>Son<strong>&nbsp;parte de las 39 formaciones que La Sociedad de Transportes Mendoza&nbsp; acord\u00f3 en el 2022<\/strong>&nbsp;con MST (Metropolitan Transit System), el Sistema Metropolitano de Transporte &nbsp;de San Diego, California, en los Estados Unidos.&nbsp; Justamente en el mes de mayo de ese a\u00f1o, arrib\u00f3 a la provincia el primer lote con tres unidades.&nbsp; Y en el convenio, la provincia se comprometi\u00f3 a a afrontar los costos de traslado, ya que las duplas vienen en barco desde la costa oeste de los Estados Unidos hasta un puerto de Antofagasta, Chile y desde ah\u00ed ingresan a la Argentina a trav\u00e9s de Jujuy.&nbsp;&nbsp;<\/p>\n\n\n\n<figure class=\"wp-block-image is-resized\"><img decoding=\"async\" src=\"https:\/\/www.mendozapost.com\/files\/image\/564\/564811\/66291d5547ed1_570_380!.jpg?s=6b4ad55e6a7863843d0858157fdf0a73&amp;d=1713970698\" alt=\"\" style=\"width:840px;height:auto\"\/><\/figure>\n\n\n\n<p>Desde el Gobierno informaron<strong><em>&nbsp;al Post&nbsp;<\/em><\/strong>que \u00abcon el arribo de los nuevos veh\u00edculos, se&nbsp;cuadriplicar\u00e1 la flota del Metrotranv\u00eda en Mendoza. Desde la segunda mitad de 2022 hasta la fecha,&nbsp; se han sumado al sistema 12 duplas, operativas en el servicio p\u00fablico de transporte. En marzo de ese a\u00f1o, a trav\u00e9s del decreto 192\/2022, el Gobierno de Mendoza acept\u00f3 \u00abla donaci\u00f3n de treinta y nueve (39) carros de riel largo (LRV) conforme al certificado suscripto por Metropolitan Transit System\u00bb.&nbsp;<\/p>\n\n\n\n<h2 class=\"wp-block-heading\"><strong>Caracter\u00edsticas de las nuevas duplas<\/strong><\/h2>\n\n\n\n<p>Los nuevos veh\u00edculos que incorpora Mendoza<strong>&nbsp;tienen un largo de 25 metros por dupla, 8 puertas para ascenso y descenso, rampa para discapacitados, y una capacidad de 64 asientos<\/strong>.&nbsp;<\/p>\n\n\n\n<p>\u00abLa incorporaci\u00f3n de nuevas duplas para el Metrotranv\u00eda&nbsp;<strong>permitir\u00e1 la extensi\u00f3n de la traza del servicio desde Godoy Cruz a Luj\u00e1n<\/strong>, con una variante a Chacras de Coria, y&nbsp;<strong>desde Las Heras al Aeropuerto<\/strong>. En el norte se realizar\u00e1 la continuaci\u00f3n de 6 kil\u00f3metros desde la estaci\u00f3n Avellaneda de Panquehua (inaugurada en mayo del 2019) hasta el Aeropuerto Francisco Gabrielli\u00bb, informaron.&nbsp;<\/p>\n\n\n\n<p>En el tramo sur se desprender\u00e1 un ramal de 8 kil\u00f3metros en la zona de Pellegrini y Pedro Pascual Segura, en Godoy Cruz, donde se realizar\u00e1n los trabajos hacia el sur a Chacras de Coria, en calle San Mart\u00edn y Pueyrred\u00f3n, hasta finalmente llegar al Parque Ferri de Luj\u00e1n de Cuyo.&nbsp;<\/p>\n\n\n\n<figure class=\"wp-block-image is-resized\"><img decoding=\"async\" src=\"https:\/\/www.mendozapost.com\/files\/image\/564\/564815\/66291ec997680_570_206!.jpg?s=3d30d5d3083bfe8c81ecbb77188946a1&amp;d=1713970892\" alt=\"\" style=\"width:840px;height:auto\"\/><\/figure>\n","protected":false},"excerpt":{"rendered":"<p>Son parte de las 39 formaciones usadas que fueron donadas a la provincia por STM San Diego, en los EE.UU. Las unidades arribar\u00e1n proximamente a la provincia y se pondr\u00e1n a punto para ser parte de la nueva traza, que tambi\u00e9n llegar\u00e1 hasta Chacras de Coria. El Gobierno de Mendoza\u00a0 autoriz\u00f3 el desembolso de\u00a0$660 millones<a class=\"read-more\" href=\"https:\/\/elfederalmendoza.com.ar\/index.php\/2024\/04\/24\/llegan-a-mendoza-desde-california-los-tranvias-para-los-tramos-lujan-de-cuyo-y-el-aeropuerto-francisco-gabrielli\/\"> [&hellip;]<\/a><\/p>\n","protected":false},"author":2,"featured_media":32609,"comment_status":"open","ping_status":"open","sticky":false,"template":"","format":"standard","meta":{"footnotes":""},"categories":[1],"tags":[],"class_list":["post-32606","post","type-post","status-publish","format-standard","has-post-thumbnail","hentry","category-mza"],"rttpg_featured_image_url":{"full":["https:\/\/elfederalmendoza.com.ar\/wp-content\/uploads\/2024\/04\/mts.jpg",1044,834,false],"landscape":["https:\/\/elfederalmendoza.com.ar\/wp-content\/uploads\/2024\/04\/mts.jpg",1044,834,false],"portraits":["https:\/\/elfederalmendoza.com.ar\/wp-content\/uploads\/2024\/04\/mts.jpg",1044,834,false],"thumbnail":["https:\/\/elfederalmendoza.com.ar\/wp-content\/uploads\/2024\/04\/mts-150x150.jpg",150,150,true],"medium":["https:\/\/elfederalmendoza.com.ar\/wp-content\/uploads\/2024\/04\/mts-300x240.jpg",300,240,true],"large":["https:\/\/elfederalmendoza.com.ar\/wp-content\/uploads\/2024\/04\/mts-1024x818.jpg",640,511,true],"1536x1536":["https:\/\/elfederalmendoza.com.ar\/wp-content\/uploads\/2024\/04\/mts.jpg",1044,834,false],"2048x2048":["https:\/\/elfederalmendoza.com.ar\/wp-content\/uploads\/2024\/04\/mts.jpg",1044,834,false],"ultp_layout_landscape_large":["https:\/\/elfederalmendoza.com.ar\/wp-content\/uploads\/2024\/04\/mts-1044x800.jpg",1044,800,true],"ultp_layout_landscape":["https:\/\/elfederalmendoza.com.ar\/wp-content\/uploads\/2024\/04\/mts-870x570.jpg",870,570,true],"ultp_layout_portrait":["https:\/\/elfederalmendoza.com.ar\/wp-content\/uploads\/2024\/04\/mts-600x834.jpg",600,834,true],"ultp_layout_square":["https:\/\/elfederalmendoza.com.ar\/wp-content\/uploads\/2024\/04\/mts-600x600.jpg",600,600,true],"rpwe-thumbnail":["https:\/\/elfederalmendoza.com.ar\/wp-content\/uploads\/2024\/04\/mts-45x45.jpg",45,45,true],"advps-thumb-one":["https:\/\/elfederalmendoza.com.ar\/wp-content\/uploads\/2024\/04\/mts-1044x420.jpg",1044,420,true]},"rttpg_author":{"display_name":"Redacci\u00f3n El Federal","author_link":"https:\/\/elfederalmendoza.com.ar\/index.php\/author\/angelflores\/"},"rttpg_comment":0,"rttpg_category":"<a href=\"https:\/\/elfederalmendoza.com.ar\/index.php\/category\/mza\/\" rel=\"category tag\">Mendoza<\/a>","rttpg_excerpt":"Son parte de las 39 formaciones usadas que fueron donadas a la provincia por STM San Diego, en los EE.UU. Las unidades arribar\u00e1n proximamente a la provincia y se pondr\u00e1n a punto para ser parte de la nueva traza, que tambi\u00e9n llegar\u00e1 hasta Chacras de Coria. El Gobierno de Mendoza\u00a0 autoriz\u00f3 el desembolso de\u00a0$660 millones&hellip;","_links":{"self":[{"href":"https:\/\/elfederalmendoza.com.ar\/index.php\/wp-json\/wp\/v2\/posts\/32606","targetHints":{"allow":["GET"]}}],"collection":[{"href":"https:\/\/elfederalmendoza.com.ar\/index.php\/wp-json\/wp\/v2\/posts"}],"about":[{"href":"https:\/\/elfederalmendoza.com.ar\/index.php\/wp-json\/wp\/v2\/types\/post"}],"author":[{"embeddable":true,"href":"https:\/\/elfederalmendoza.com.ar\/index.php\/wp-json\/wp\/v2\/users\/2"}],"replies":[{"embeddable":true,"href":"https:\/\/elfederalmendoza.com.ar\/index.php\/wp-json\/wp\/v2\/comments?post=32606"}],"version-history":[{"count":1,"href":"https:\/\/elfederalmendoza.com.ar\/index.php\/wp-json\/wp\/v2\/posts\/32606\/revisions"}],"predecessor-version":[{"id":32610,"href":"https:\/\/elfederalmendoza.com.ar\/index.php\/wp-json\/wp\/v2\/posts\/32606\/revisions\/32610"}],"wp:featuredmedia":[{"embeddable":true,"href":"https:\/\/elfederalmendoza.com.ar\/index.php\/wp-json\/wp\/v2\/media\/32609"}],"wp:attachment":[{"href":"https:\/\/elfederalmendoza.com.ar\/index.php\/wp-json\/wp\/v2\/media?parent=32606"}],"wp:term":[{"taxonomy":"category","embeddable":true,"href":"https:\/\/elfederalmendoza.com.ar\/index.php\/wp-json\/wp\/v2\/categories?post=32606"},{"taxonomy":"post_tag","embeddable":true,"href":"https:\/\/elfederalmendoza.com.ar\/index.php\/wp-json\/wp\/v2\/tags?post=32606"}],"curies":[{"name":"wp","href":"https:\/\/api.w.org\/{rel}","templated":true}]}}