{"id":32612,"date":"2024-04-24T12:57:15","date_gmt":"2024-04-24T15:57:15","guid":{"rendered":"https:\/\/elfederalmendoza.com\/?p=32612"},"modified":"2024-04-24T12:57:16","modified_gmt":"2024-04-24T15:57:16","slug":"alberto-fernandez-cada-vez-mas-complicado-ercolini-ordeno-el-entrecruzamiento-de-todos-los-llamados-de-su-celular","status":"publish","type":"post","link":"https:\/\/elfederalmendoza.com.ar\/index.php\/2024\/04\/24\/alberto-fernandez-cada-vez-mas-complicado-ercolini-ordeno-el-entrecruzamiento-de-todos-los-llamados-de-su-celular\/","title":{"rendered":"Alberto Fern\u00e1ndez cada vez m\u00e1s complicado: Ercolini orden\u00f3 el entrecruzamiento de todos los llamados\u00a0de su celular"},"content":{"rendered":"\n<p>El juez que investiga el esc\u00e1ndalo con la contrataci\u00f3n obligatoria de seguros, elev\u00f3 una medida para entrecruzar los llamados de Alberto Fern\u00e1ndez con otros imputados en la causa.<\/p>\n\n\n\n<p>En la&nbsp;<strong>investigaci\u00f3n por los seguros obligatorios&nbsp;<\/strong>que deb\u00edan contratar las dependencias estatales por decreto de&nbsp;<strong>Alberto Fern\u00e1ndez<\/strong>, el juez&nbsp;<strong>Juli\u00e1n Ercolini orden\u00f3 el entrecruzamiento de toda las llamadas<\/strong>&nbsp;llamadas entre el ex presidente, su ex secretaria Mar\u00eda Cantero, el ex presidente de Naci\u00f3n Seguros Alberto Pagliano y el broker H\u00e9ctor Mart\u00ednez, junto con otros empresarios del sector.<\/p>\n\n\n\n<p>Seg\u00fan public\u00f3&nbsp;<em>Infobae<\/em>,<strong>&nbsp;m\u00e1s de 45 l\u00edneas telef\u00f3nicas est\u00e1n involucradas en este entrecruzamiento,&nbsp;<\/strong>pero esto es solo el comienzo, ya que el juez solicit\u00f3 informaci\u00f3n adicional a la Secretar\u00eda General de la Presidencia y a las compa\u00f1\u00edas telef\u00f3nicas, lo que podr\u00eda resultar en la inclusi\u00f3n de otros n\u00fameros en el corto plazo.<\/p>\n\n\n\n<p>La pericia estar\u00e1 a cargo de la&nbsp;<strong>Divisi\u00f3n An\u00e1lisis y Prospectiva del Narcotr\u00e1fico de la Polic\u00eda Federal<\/strong>&nbsp;e incluir\u00e1 los mensajes de texto y las llamadas realizadas por los imputados&nbsp;<strong>desde diciembre de 2019,<\/strong>&nbsp;momento en que Alberto Fern\u00e1ndez asumi\u00f3 la presidencia.<\/p>\n\n\n\n<figure class=\"wp-block-image is-resized\"><img decoding=\"async\" src=\"https:\/\/www.mendozapost.com\/files\/image\/552\/552167\/65e1151c2593a_570_376!.jpg?s=9f019152c7ba1432dc012d9f3ee131a2&amp;d=1713965816\" alt=\"\" style=\"width:840px;height:auto\"\/><figcaption class=\"wp-element-caption\">Alberto Fern\u00e1ndez sostiene que no hizo \u00abnada malo\u00bb<\/figcaption><\/figure>\n\n\n\n<p>Adem\u00e1s del ex presidente y su secretaria, Ercolini incluy\u00f3 en la pericia los tel\u00e9fonos de dos funcionarios de Naci\u00f3n Seguros que fueron despedidos,&nbsp;<strong>Marcos Eufemio y Mauro Tanos<\/strong>, as\u00ed como varios empresarios investigados, como&nbsp;<strong>Pablo Torres Garc\u00eda, Mart\u00ednez Sosa y Oscar Castello,<\/strong>&nbsp;entre otros.<\/p>\n\n\n\n<p>Adem\u00e1s, el juez pidi\u00f3 incluir en la pericia varios n\u00fameros que estaban agendados en un tel\u00e9fono \u00abSamsung\u00bb de Mar\u00eda Cantero, hist\u00f3rica secretaria de Fern\u00e1ndez y esposa de Mart\u00ednez Sosa. Uno de estos n\u00fameros pertenece a&nbsp;<strong>Alfredo Del Corro, uno de los \u00abdue\u00f1os\u00bb de la cooperativa 7 de mayo<\/strong>, que est\u00e1 bajo investigaci\u00f3n por presunto lavado de dinero.<\/p>\n\n\n\n<p>Los investigadores llegaron a la cooperativa a ra\u00edz de una situaci\u00f3n peculiar que se dio en un operativo en una de las sedes de la empresa San Ignacio, relacionada con una p\u00f3liza de la ANSES. Durante el operativo, un abogado entreg\u00f3 a la Polic\u00eda Federal dos cajas con documentaci\u00f3n, pero luego se descubri\u00f3 que&nbsp;<strong>estas cajas hab\u00edan sido entregadas unos minutos antes en un auto<\/strong>, un Citro\u00ebn C4 Cactus.&nbsp;<strong>El seguimiento de este auto llev\u00f3 a la casa de Del Corro<\/strong>, donde se encontraron camionetas Jeep Commander relacionadas con Tanos, uno de los funcionarios de Naci\u00f3n Seguros despedidos.<\/p>\n\n\n\n<p>El juez Ercolini allan\u00f3 hace dos semanas la sede de la cooperativa 7 de mayo y la casa de Del Corro en el country \u00abDiciembre\u00bb, en Campana. Este \u00faltimo llev\u00f3 a los investigadores a otro auto de alta gama, un Mini Cooper, inscripto a nombre de la&nbsp;<strong>cooperativa de Trabajo IRIGOIN,<\/strong>&nbsp;que aparentemente ser\u00eda una pantalla para esconder bienes de lujo.<\/p>\n\n\n\n<figure class=\"wp-block-image is-resized\"><img decoding=\"async\" src=\"https:\/\/www.mendozapost.com\/files\/image\/0\/747\/5478423136c5b.jpg\" alt=\"\" style=\"width:840px;height:auto\"\/><figcaption class=\"wp-element-caption\">Juli\u00e1n Ercolini&nbsp;<\/figcaption><\/figure>\n","protected":false},"excerpt":{"rendered":"<p>El juez que investiga el esc\u00e1ndalo con la contrataci\u00f3n obligatoria de seguros, elev\u00f3 una medida para entrecruzar los llamados de Alberto Fern\u00e1ndez con otros imputados en la causa. En la&nbsp;investigaci\u00f3n por los seguros obligatorios&nbsp;que deb\u00edan contratar las dependencias estatales por decreto de&nbsp;Alberto Fern\u00e1ndez, el juez&nbsp;Juli\u00e1n Ercolini orden\u00f3 el entrecruzamiento de toda las llamadas&nbsp;llamadas entre el<a class=\"read-more\" href=\"https:\/\/elfederalmendoza.com.ar\/index.php\/2024\/04\/24\/alberto-fernandez-cada-vez-mas-complicado-ercolini-ordeno-el-entrecruzamiento-de-todos-los-llamados-de-su-celular\/\"> [&hellip;]<\/a><\/p>\n","protected":false},"author":2,"featured_media":32614,"comment_status":"open","ping_status":"open","sticky":false,"template":"","format":"standard","meta":{"footnotes":""},"categories":[5618],"tags":[],"class_list":["post-32612","post","type-post","status-publish","format-standard","has-post-thumbnail","hentry","category-arg"],"rttpg_featured_image_url":{"full":["https:\/\/elfederalmendoza.com.ar\/wp-content\/uploads\/2024\/04\/fer.jpg",1265,845,false],"landscape":["https:\/\/elfederalmendoza.com.ar\/wp-content\/uploads\/2024\/04\/fer.jpg",1265,845,false],"portraits":["https:\/\/elfederalmendoza.com.ar\/wp-content\/uploads\/2024\/04\/fer.jpg",1265,845,false],"thumbnail":["https:\/\/elfederalmendoza.com.ar\/wp-content\/uploads\/2024\/04\/fer-150x150.jpg",150,150,true],"medium":["https:\/\/elfederalmendoza.com.ar\/wp-content\/uploads\/2024\/04\/fer-300x200.jpg",300,200,true],"large":["https:\/\/elfederalmendoza.com.ar\/wp-content\/uploads\/2024\/04\/fer-1024x684.jpg",640,428,true],"1536x1536":["https:\/\/elfederalmendoza.com.ar\/wp-content\/uploads\/2024\/04\/fer.jpg",1265,845,false],"2048x2048":["https:\/\/elfederalmendoza.com.ar\/wp-content\/uploads\/2024\/04\/fer.jpg",1265,845,false],"ultp_layout_landscape_large":["https:\/\/elfederalmendoza.com.ar\/wp-content\/uploads\/2024\/04\/fer-1200x800.jpg",1200,800,true],"ultp_layout_landscape":["https:\/\/elfederalmendoza.com.ar\/wp-content\/uploads\/2024\/04\/fer-870x570.jpg",870,570,true],"ultp_layout_portrait":["https:\/\/elfederalmendoza.com.ar\/wp-content\/uploads\/2024\/04\/fer-600x845.jpg",600,845,true],"ultp_layout_square":["https:\/\/elfederalmendoza.com.ar\/wp-content\/uploads\/2024\/04\/fer-600x600.jpg",600,600,true],"rpwe-thumbnail":["https:\/\/elfederalmendoza.com.ar\/wp-content\/uploads\/2024\/04\/fer-45x45.jpg",45,45,true],"advps-thumb-one":["https:\/\/elfederalmendoza.com.ar\/wp-content\/uploads\/2024\/04\/fer-1200x420.jpg",1200,420,true]},"rttpg_author":{"display_name":"Redacci\u00f3n El Federal","author_link":"https:\/\/elfederalmendoza.com.ar\/index.php\/author\/angelflores\/"},"rttpg_comment":0,"rttpg_category":"<a href=\"https:\/\/elfederalmendoza.com.ar\/index.php\/category\/arg\/\" rel=\"category tag\">Argentina<\/a>","rttpg_excerpt":"El juez que investiga el esc\u00e1ndalo con la contrataci\u00f3n obligatoria de seguros, elev\u00f3 una medida para entrecruzar los llamados de Alberto Fern\u00e1ndez con otros imputados en la causa. En la&nbsp;investigaci\u00f3n por los seguros obligatorios&nbsp;que deb\u00edan contratar las dependencias estatales por decreto de&nbsp;Alberto Fern\u00e1ndez, el juez&nbsp;Juli\u00e1n Ercolini orden\u00f3 el entrecruzamiento de toda las llamadas&nbsp;llamadas entre el&hellip;","_links":{"self":[{"href":"https:\/\/elfederalmendoza.com.ar\/index.php\/wp-json\/wp\/v2\/posts\/32612","targetHints":{"allow":["GET"]}}],"collection":[{"href":"https:\/\/elfederalmendoza.com.ar\/index.php\/wp-json\/wp\/v2\/posts"}],"about":[{"href":"https:\/\/elfederalmendoza.com.ar\/index.php\/wp-json\/wp\/v2\/types\/post"}],"author":[{"embeddable":true,"href":"https:\/\/elfederalmendoza.com.ar\/index.php\/wp-json\/wp\/v2\/users\/2"}],"replies":[{"embeddable":true,"href":"https:\/\/elfederalmendoza.com.ar\/index.php\/wp-json\/wp\/v2\/comments?post=32612"}],"version-history":[{"count":1,"href":"https:\/\/elfederalmendoza.com.ar\/index.php\/wp-json\/wp\/v2\/posts\/32612\/revisions"}],"predecessor-version":[{"id":32615,"href":"https:\/\/elfederalmendoza.com.ar\/index.php\/wp-json\/wp\/v2\/posts\/32612\/revisions\/32615"}],"wp:featuredmedia":[{"embeddable":true,"href":"https:\/\/elfederalmendoza.com.ar\/index.php\/wp-json\/wp\/v2\/media\/32614"}],"wp:attachment":[{"href":"https:\/\/elfederalmendoza.com.ar\/index.php\/wp-json\/wp\/v2\/media?parent=32612"}],"wp:term":[{"taxonomy":"category","embeddable":true,"href":"https:\/\/elfederalmendoza.com.ar\/index.php\/wp-json\/wp\/v2\/categories?post=32612"},{"taxonomy":"post_tag","embeddable":true,"href":"https:\/\/elfederalmendoza.com.ar\/index.php\/wp-json\/wp\/v2\/tags?post=32612"}],"curies":[{"name":"wp","href":"https:\/\/api.w.org\/{rel}","templated":true}]}}