{"id":32617,"date":"2024-04-24T14:53:43","date_gmt":"2024-04-24T17:53:43","guid":{"rendered":"https:\/\/elfederalmendoza.com\/?p=32617"},"modified":"2024-04-24T14:53:44","modified_gmt":"2024-04-24T17:53:44","slug":"se-confirmo-que-el-craneo-hallado-en-las-heras-es-de-una-mujer-pero-todavia-no-se-pudo-determinar-su-identidad","status":"publish","type":"post","link":"https:\/\/elfederalmendoza.com.ar\/index.php\/2024\/04\/24\/se-confirmo-que-el-craneo-hallado-en-las-heras-es-de-una-mujer-pero-todavia-no-se-pudo-determinar-su-identidad\/","title":{"rendered":"Se confirm\u00f3 que el cr\u00e1neo hallado en Las Heras es de una mujer, pero todav\u00eda no se pudo determinar su identidad"},"content":{"rendered":"\n<p>Los primeros ex\u00e1menes forenses realizados en\u00a0una cabeza humana hallada hace diez d\u00edas en Las Heras\u00a0no resolvieron la gran duda de los investigadores. Si bien se confirm\u00f3 que se trataba de una mujer y que el resto \u00f3seo es de antigua data,\u00a0<strong>a\u00fan no se logr\u00f3 determinar su identidad.<\/strong><\/p>\n\n\n\n<p>Fuentes oficiales destacaron que los an\u00e1lisis<em>&nbsp;\u201cno arrojaron resultados positivos respecto de aquellas personas cuya desaparici\u00f3n se denunci\u00f3 recientemente y cuyos perfiles se encuentran asentados en la base de datos del Registro Provincial de Huellas Gen\u00e9ticas\u201d.<\/em><\/p>\n\n\n\n<p>Por ese motivo, desde el&nbsp;<strong>Ministerio P\u00fablico Fiscal&nbsp;<\/strong>se\u00f1alaron que aquellas personas que deseen proporcionar voluntariamente muestras para que sean comparadas con el perfil gen\u00e9tico del resto \u00f3seo, podr\u00e1n acercarse al Registro de Huellas Gen\u00e9ticas (calle Belgrano y Virgen de Cuyo, de Ciudad), de lunes a viernes entre las 7.30 y 14.<\/p>\n\n\n\n<h2 class=\"wp-block-heading\" id=\"h-el-caso\">El caso<\/h2>\n\n\n\n<p>El pasado domingo 15 de abril a la siesta, un empleado de una empresa de seguridad privada que realizaba un rond\u00edn encontr\u00f3&nbsp;<strong>una cabeza humana<\/strong>, conservada casi en tu totalidad y con la mayor\u00eda de las piezas dentales,&nbsp;en una calle ubicada entre la planta de residuos de elementos patog\u00e9nicos y el basural de Las Heras, en zona de Capdevila.<\/p>\n\n\n\n<p>Dio aviso al 911 y polic\u00edas llegaron hasta la escena para desarrollar los trabajos correspondientes de preservaci\u00f3n de la escena. Tambi\u00e9n realizaron un rastrillaje a pie en las inmediaciones, buscando otras partes del cad\u00e1ver. Sin embargo,&nbsp;<strong>no hubo \u00e9xito.&nbsp;<\/strong><\/p>\n\n\n\n<p><em>\u201cTen\u00eda cabellos largos te\u00f1idos de rubio y se examinar\u00e1 si presentaba lesiones\u201d<\/em>, informaron fuentes del caso que es investigado en la fiscal\u00eda de Homicidios de<strong>\u00a0Carlos Torres<\/strong>, bajo dos hip\u00f3tesis principales:\u00a0homicidio u suicidio.<\/p>\n\n\n\n<p>El cr\u00e1neo fue levantado y trasladado hasta el Cuerpo M\u00e9dico Forense para\u00a0<strong>ser analizado y comparar su perfil gen\u00e9tico<\/strong>\u00a0con las muestras consignadas en la base de datos del Registro Provincial de Huellas Gen\u00e9ticas, pertenecientes a personas denunciadas como desaparecidas en los \u00faltimos seis meses en Mendoza.\u00a0<strong>El resultado fue negativo.<\/strong><\/p>\n\n\n\n<p><em>Fuente: El Sol<\/em><\/p>\n","protected":false},"excerpt":{"rendered":"<p>Los primeros ex\u00e1menes forenses realizados en\u00a0una cabeza humana hallada hace diez d\u00edas en Las Heras\u00a0no resolvieron la gran duda de los investigadores. Si bien se confirm\u00f3 que se trataba de una mujer y que el resto \u00f3seo es de antigua data,\u00a0a\u00fan no se logr\u00f3 determinar su identidad. Fuentes oficiales destacaron que los an\u00e1lisis&nbsp;\u201cno arrojaron resultados<a class=\"read-more\" href=\"https:\/\/elfederalmendoza.com.ar\/index.php\/2024\/04\/24\/se-confirmo-que-el-craneo-hallado-en-las-heras-es-de-una-mujer-pero-todavia-no-se-pudo-determinar-su-identidad\/\"> [&hellip;]<\/a><\/p>\n","protected":false},"author":2,"featured_media":32620,"comment_status":"open","ping_status":"open","sticky":false,"template":"","format":"standard","meta":{"footnotes":""},"categories":[1],"tags":[],"class_list":["post-32617","post","type-post","status-publish","format-standard","has-post-thumbnail","hentry","category-mza"],"rttpg_featured_image_url":{"full":["https:\/\/elfederalmendoza.com.ar\/wp-content\/uploads\/2024\/04\/unnamed.jpg",512,319,false],"landscape":["https:\/\/elfederalmendoza.com.ar\/wp-content\/uploads\/2024\/04\/unnamed.jpg",512,319,false],"portraits":["https:\/\/elfederalmendoza.com.ar\/wp-content\/uploads\/2024\/04\/unnamed.jpg",512,319,false],"thumbnail":["https:\/\/elfederalmendoza.com.ar\/wp-content\/uploads\/2024\/04\/unnamed-150x150.jpg",150,150,true],"medium":["https:\/\/elfederalmendoza.com.ar\/wp-content\/uploads\/2024\/04\/unnamed-300x187.jpg",300,187,true],"large":["https:\/\/elfederalmendoza.com.ar\/wp-content\/uploads\/2024\/04\/unnamed.jpg",512,319,false],"1536x1536":["https:\/\/elfederalmendoza.com.ar\/wp-content\/uploads\/2024\/04\/unnamed.jpg",512,319,false],"2048x2048":["https:\/\/elfederalmendoza.com.ar\/wp-content\/uploads\/2024\/04\/unnamed.jpg",512,319,false],"ultp_layout_landscape_large":["https:\/\/elfederalmendoza.com.ar\/wp-content\/uploads\/2024\/04\/unnamed.jpg",512,319,false],"ultp_layout_landscape":["https:\/\/elfederalmendoza.com.ar\/wp-content\/uploads\/2024\/04\/unnamed.jpg",512,319,false],"ultp_layout_portrait":["https:\/\/elfederalmendoza.com.ar\/wp-content\/uploads\/2024\/04\/unnamed.jpg",512,319,false],"ultp_layout_square":["https:\/\/elfederalmendoza.com.ar\/wp-content\/uploads\/2024\/04\/unnamed.jpg",512,319,false],"rpwe-thumbnail":["https:\/\/elfederalmendoza.com.ar\/wp-content\/uploads\/2024\/04\/unnamed-45x45.jpg",45,45,true],"advps-thumb-one":["https:\/\/elfederalmendoza.com.ar\/wp-content\/uploads\/2024\/04\/unnamed.jpg",512,319,false]},"rttpg_author":{"display_name":"Redacci\u00f3n El Federal","author_link":"https:\/\/elfederalmendoza.com.ar\/index.php\/author\/angelflores\/"},"rttpg_comment":0,"rttpg_category":"<a href=\"https:\/\/elfederalmendoza.com.ar\/index.php\/category\/mza\/\" rel=\"category tag\">Mendoza<\/a>","rttpg_excerpt":"Los primeros ex\u00e1menes forenses realizados en\u00a0una cabeza humana hallada hace diez d\u00edas en Las Heras\u00a0no resolvieron la gran duda de los investigadores. Si bien se confirm\u00f3 que se trataba de una mujer y que el resto \u00f3seo es de antigua data,\u00a0a\u00fan no se logr\u00f3 determinar su identidad. Fuentes oficiales destacaron que los an\u00e1lisis&nbsp;\u201cno arrojaron resultados&hellip;","_links":{"self":[{"href":"https:\/\/elfederalmendoza.com.ar\/index.php\/wp-json\/wp\/v2\/posts\/32617","targetHints":{"allow":["GET"]}}],"collection":[{"href":"https:\/\/elfederalmendoza.com.ar\/index.php\/wp-json\/wp\/v2\/posts"}],"about":[{"href":"https:\/\/elfederalmendoza.com.ar\/index.php\/wp-json\/wp\/v2\/types\/post"}],"author":[{"embeddable":true,"href":"https:\/\/elfederalmendoza.com.ar\/index.php\/wp-json\/wp\/v2\/users\/2"}],"replies":[{"embeddable":true,"href":"https:\/\/elfederalmendoza.com.ar\/index.php\/wp-json\/wp\/v2\/comments?post=32617"}],"version-history":[{"count":1,"href":"https:\/\/elfederalmendoza.com.ar\/index.php\/wp-json\/wp\/v2\/posts\/32617\/revisions"}],"predecessor-version":[{"id":32621,"href":"https:\/\/elfederalmendoza.com.ar\/index.php\/wp-json\/wp\/v2\/posts\/32617\/revisions\/32621"}],"wp:featuredmedia":[{"embeddable":true,"href":"https:\/\/elfederalmendoza.com.ar\/index.php\/wp-json\/wp\/v2\/media\/32620"}],"wp:attachment":[{"href":"https:\/\/elfederalmendoza.com.ar\/index.php\/wp-json\/wp\/v2\/media?parent=32617"}],"wp:term":[{"taxonomy":"category","embeddable":true,"href":"https:\/\/elfederalmendoza.com.ar\/index.php\/wp-json\/wp\/v2\/categories?post=32617"},{"taxonomy":"post_tag","embeddable":true,"href":"https:\/\/elfederalmendoza.com.ar\/index.php\/wp-json\/wp\/v2\/tags?post=32617"}],"curies":[{"name":"wp","href":"https:\/\/api.w.org\/{rel}","templated":true}]}}