{"id":32623,"date":"2024-04-25T10:50:07","date_gmt":"2024-04-25T13:50:07","guid":{"rendered":"https:\/\/elfederalmendoza.com\/?p=32623"},"modified":"2024-04-25T10:50:09","modified_gmt":"2024-04-25T13:50:09","slug":"el-concejo-deliberante-de-la-capital-de-mendoza-prohibio-fumar-en-plazas-parques-y-cerca-de-los-colegios","status":"publish","type":"post","link":"https:\/\/elfederalmendoza.com.ar\/index.php\/2024\/04\/25\/el-concejo-deliberante-de-la-capital-de-mendoza-prohibio-fumar-en-plazas-parques-y-cerca-de-los-colegios\/","title":{"rendered":"El Concejo Deliberante de la capital de Mendoza prohibi\u00f3 fumar en plazas, parques y cerca de los colegios"},"content":{"rendered":"\n<p>El Consejo Deliberante aprob\u00f3 la modificaci\u00f3n del C\u00f3digo de Convivencia ciudadana y le puso l\u00edmites a los fumadores.<\/p>\n\n\n\n<p>La Ciudad de Mendoza le puso l\u00edmites a los fumadores y ya no podr\u00e1n encender un&nbsp;<strong>cigarrillo en plazas, parques, en la puerta de las escuelas y hogares<\/strong>&nbsp;para ancianos.<\/p>\n\n\n\n<p>A trav\u00e9s de la Ordenanza 4.170, que fue aprobada el martes por el Honorable Consejo Deliberante, se derog\u00f3 el art\u00edculo 1 de la norma 3999\/2020, modificando, de esta manera, el C\u00f3digo de Convivencia Ciudadana.<\/p>\n\n\n\n<figure class=\"wp-block-image size-large\"><img loading=\"lazy\" decoding=\"async\" width=\"1024\" height=\"567\" src=\"https:\/\/elfederalmendoza.com\/wp-content\/uploads\/2024\/04\/fumar1-1024x567.jpg\" alt=\"\" class=\"wp-image-32626\" srcset=\"https:\/\/elfederalmendoza.com.ar\/wp-content\/uploads\/2024\/04\/fumar1-1024x567.jpg 1024w, https:\/\/elfederalmendoza.com.ar\/wp-content\/uploads\/2024\/04\/fumar1-300x166.jpg 300w, https:\/\/elfederalmendoza.com.ar\/wp-content\/uploads\/2024\/04\/fumar1-768x425.jpg 768w, https:\/\/elfederalmendoza.com.ar\/wp-content\/uploads\/2024\/04\/fumar1.jpg 1168w\" sizes=\"auto, (max-width: 1024px) 100vw, 1024px\" \/><\/figure>\n\n\n\n<p>La medida abarca tambi\u00e9n a<strong>&nbsp;cigarrillos electr\u00f3nicos y otros sistemas de vapulaci\u00f3n electr\u00f3nica.<\/strong><\/p>\n\n\n\n<p>\u201c<em>Fumar expone a numerosas sustancias perjudiciales para la salud, provocando una dependencia peligrosa siendo una de las principales causas de muerte en el mundo y Argentina, calculando una cantidad de 40.000 muertes cada a\u00f1o, esto produce da\u00f1o en el sistema vascular y la disminuci\u00f3n del transporte de ox\u00edgeno a los tejidos de nuestro organismo, generando enfermedades cardiovasculares, pulmonares, reproductiva, corporales, cancer\u00edgenas y llega hasta el deceso de la persona<\/em>\u201c, destaca la norma en los considerandos.<\/p>\n\n\n\n<p>A su vez, se\u00f1ala que \u201cel tabaquismo no solo afecta a fumadores, sino tambi\u00e9n a personas no fumadoras que est\u00e1n expuestas al humo de tabaco por convivir con fumadores. En especial, esta situaci\u00f3n resulta sumamente perjudicial para los ni\u00f1os, ni\u00f1as y adolescentes en los que puede llegar a causar complicaciones de salud y trastornos en el desarrollo y comportamiento\u201d.<\/p>\n\n\n\n<h2 class=\"wp-block-heading\" id=\"h-los-horarios-y-lugares-donde-no-se-podra-fumar\">Los horarios y lugares donde no se podr\u00e1 fumar<\/h2>\n\n\n\n<p>El art\u00edculo 2 de la Ordenanza se\u00f1ala que no se podr\u00e1 fumar en las<strong>&nbsp;plazas, parques y paseos p\u00fablicos<\/strong>&nbsp;en que haya \u00e1reas de juego para ni\u00f1os y areneros.<\/p>\n\n\n\n<p>Tampoco se podr\u00e1 hacer en lugares con&nbsp;<strong>circuitos aer\u00f3bicos&nbsp;<\/strong>y\/o sectores para la pr\u00e1ctica de deportes y recreaci\u00f3n infantil.<\/p>\n\n\n\n<p>A su vez, qued\u00f3 prohibido encender cigarrillos en veredas de&nbsp;<strong>establecimientos de atenci\u00f3n e internaci\u00f3n de ni\u00f1os<\/strong>&nbsp;y adultos y en las de hogares para ancianos las 24 horas.<\/p>\n\n\n\n<p>Lo mismo que en centros de&nbsp;<strong>ense\u00f1anza&nbsp;<\/strong>de cualquier nivel, inclusive instituciones donde se realicen pr\u00e1cticas docentes en cualquiera de sus formas mientras permanezcan abiertos.<\/p>\n\n\n\n<p>Cada uno de estos lugares quedar\u00e1n delimitados por el Departamento Ejecutivo Municipal como espacios p\u00fablicos \u201c<strong>libres de humo<\/strong>\u201d.<\/p>\n","protected":false},"excerpt":{"rendered":"<p>El Consejo Deliberante aprob\u00f3 la modificaci\u00f3n del C\u00f3digo de Convivencia ciudadana y le puso l\u00edmites a los fumadores. La Ciudad de Mendoza le puso l\u00edmites a los fumadores y ya no podr\u00e1n encender un&nbsp;cigarrillo en plazas, parques, en la puerta de las escuelas y hogares&nbsp;para ancianos. A trav\u00e9s de la Ordenanza 4.170, que fue aprobada<a class=\"read-more\" href=\"https:\/\/elfederalmendoza.com.ar\/index.php\/2024\/04\/25\/el-concejo-deliberante-de-la-capital-de-mendoza-prohibio-fumar-en-plazas-parques-y-cerca-de-los-colegios\/\"> [&hellip;]<\/a><\/p>\n","protected":false},"author":2,"featured_media":32625,"comment_status":"open","ping_status":"open","sticky":false,"template":"","format":"standard","meta":{"footnotes":""},"categories":[1],"tags":[],"class_list":["post-32623","post","type-post","status-publish","format-standard","has-post-thumbnail","hentry","category-mza"],"rttpg_featured_image_url":{"full":["https:\/\/elfederalmendoza.com.ar\/wp-content\/uploads\/2024\/04\/fumar.jpg",1200,740,false],"landscape":["https:\/\/elfederalmendoza.com.ar\/wp-content\/uploads\/2024\/04\/fumar.jpg",1200,740,false],"portraits":["https:\/\/elfederalmendoza.com.ar\/wp-content\/uploads\/2024\/04\/fumar.jpg",1200,740,false],"thumbnail":["https:\/\/elfederalmendoza.com.ar\/wp-content\/uploads\/2024\/04\/fumar-150x150.jpg",150,150,true],"medium":["https:\/\/elfederalmendoza.com.ar\/wp-content\/uploads\/2024\/04\/fumar-300x185.jpg",300,185,true],"large":["https:\/\/elfederalmendoza.com.ar\/wp-content\/uploads\/2024\/04\/fumar-1024x631.jpg",640,394,true],"1536x1536":["https:\/\/elfederalmendoza.com.ar\/wp-content\/uploads\/2024\/04\/fumar.jpg",1200,740,false],"2048x2048":["https:\/\/elfederalmendoza.com.ar\/wp-content\/uploads\/2024\/04\/fumar.jpg",1200,740,false],"ultp_layout_landscape_large":["https:\/\/elfederalmendoza.com.ar\/wp-content\/uploads\/2024\/04\/fumar.jpg",1200,740,false],"ultp_layout_landscape":["https:\/\/elfederalmendoza.com.ar\/wp-content\/uploads\/2024\/04\/fumar-870x570.jpg",870,570,true],"ultp_layout_portrait":["https:\/\/elfederalmendoza.com.ar\/wp-content\/uploads\/2024\/04\/fumar-600x740.jpg",600,740,true],"ultp_layout_square":["https:\/\/elfederalmendoza.com.ar\/wp-content\/uploads\/2024\/04\/fumar-600x600.jpg",600,600,true],"rpwe-thumbnail":["https:\/\/elfederalmendoza.com.ar\/wp-content\/uploads\/2024\/04\/fumar-45x45.jpg",45,45,true],"advps-thumb-one":["https:\/\/elfederalmendoza.com.ar\/wp-content\/uploads\/2024\/04\/fumar-1200x420.jpg",1200,420,true]},"rttpg_author":{"display_name":"Redacci\u00f3n El Federal","author_link":"https:\/\/elfederalmendoza.com.ar\/index.php\/author\/angelflores\/"},"rttpg_comment":0,"rttpg_category":"<a href=\"https:\/\/elfederalmendoza.com.ar\/index.php\/category\/mza\/\" rel=\"category tag\">Mendoza<\/a>","rttpg_excerpt":"El Consejo Deliberante aprob\u00f3 la modificaci\u00f3n del C\u00f3digo de Convivencia ciudadana y le puso l\u00edmites a los fumadores. La Ciudad de Mendoza le puso l\u00edmites a los fumadores y ya no podr\u00e1n encender un&nbsp;cigarrillo en plazas, parques, en la puerta de las escuelas y hogares&nbsp;para ancianos. A trav\u00e9s de la Ordenanza 4.170, que fue aprobada&hellip;","_links":{"self":[{"href":"https:\/\/elfederalmendoza.com.ar\/index.php\/wp-json\/wp\/v2\/posts\/32623","targetHints":{"allow":["GET"]}}],"collection":[{"href":"https:\/\/elfederalmendoza.com.ar\/index.php\/wp-json\/wp\/v2\/posts"}],"about":[{"href":"https:\/\/elfederalmendoza.com.ar\/index.php\/wp-json\/wp\/v2\/types\/post"}],"author":[{"embeddable":true,"href":"https:\/\/elfederalmendoza.com.ar\/index.php\/wp-json\/wp\/v2\/users\/2"}],"replies":[{"embeddable":true,"href":"https:\/\/elfederalmendoza.com.ar\/index.php\/wp-json\/wp\/v2\/comments?post=32623"}],"version-history":[{"count":1,"href":"https:\/\/elfederalmendoza.com.ar\/index.php\/wp-json\/wp\/v2\/posts\/32623\/revisions"}],"predecessor-version":[{"id":32627,"href":"https:\/\/elfederalmendoza.com.ar\/index.php\/wp-json\/wp\/v2\/posts\/32623\/revisions\/32627"}],"wp:featuredmedia":[{"embeddable":true,"href":"https:\/\/elfederalmendoza.com.ar\/index.php\/wp-json\/wp\/v2\/media\/32625"}],"wp:attachment":[{"href":"https:\/\/elfederalmendoza.com.ar\/index.php\/wp-json\/wp\/v2\/media?parent=32623"}],"wp:term":[{"taxonomy":"category","embeddable":true,"href":"https:\/\/elfederalmendoza.com.ar\/index.php\/wp-json\/wp\/v2\/categories?post=32623"},{"taxonomy":"post_tag","embeddable":true,"href":"https:\/\/elfederalmendoza.com.ar\/index.php\/wp-json\/wp\/v2\/tags?post=32623"}],"curies":[{"name":"wp","href":"https:\/\/api.w.org\/{rel}","templated":true}]}}