{"id":32632,"date":"2024-04-25T17:38:44","date_gmt":"2024-04-25T20:38:44","guid":{"rendered":"https:\/\/elfederalmendoza.com\/?p=32632"},"modified":"2024-04-25T17:38:45","modified_gmt":"2024-04-25T20:38:45","slug":"prohibieron-fumar-en-las-plazas-y-en-la-puerta-de-los-colegios-de-la-ciudad-de-mendoza","status":"publish","type":"post","link":"https:\/\/elfederalmendoza.com.ar\/index.php\/2024\/04\/25\/prohibieron-fumar-en-las-plazas-y-en-la-puerta-de-los-colegios-de-la-ciudad-de-mendoza\/","title":{"rendered":"Prohibieron fumar en las plazas y en la puerta de los colegios de la Ciudad de Mendoza"},"content":{"rendered":"\n<p>La Municipalidad de la\u00a0<strong>Ciudad de Mendoza modific\u00f3 una ordenanza\u00a0<\/strong>y desde ahora, con la nueva redacci\u00f3n,<strong>\u00a0no\u00a0se podr\u00e1 fumar\u00a0m\u00e1s en las plazas y parques<\/strong>\u00a0entre otros lugares. La iniciativa est\u00e1 enmarcada en las pol\u00edticas del cuidado del ambiente y la salud.<\/p>\n\n\n\n<p><strong>La nueva redacci\u00f3n de la normativa dice lo siguiente<\/strong>: \u00abFumar o sostener tabaco encendido, cigarrillos electr\u00f3nicos u otros sistemas de vapulaci\u00f3n electr\u00f3nica, en las plazas, parques, paseos p\u00fablicos, en que haya \u00e1reas de juego para ni\u00f1os y ni\u00f1as areneros y lugares con circuitos aer\u00f3bicos y\/o sectores para la pr\u00e1ctica de deportes y recreaci\u00f3n infantil, as\u00ed como en veredas de establecimientos de atenci\u00f3n e internaci\u00f3n de ni\u00f1os y adultos y en las de hogares para ancianos las 24 horas y veredas de centros de ense\u00f1anza de cualquier nivel inclusive instituciones donde se realicen pr\u00e1cticas docentes en cualquiera de sus formas mientras permanezcan abiertos, delimitados por el Departamento Ejecutivo Municipal (ser\u00e1n considerados) como espacios p\u00fablicos libres de humo\u201d.<\/p>\n\n\n\n<p><strong>Hace 11 a\u00f1os la Provincia de Mendoza fue la primera provincia en reglamentar la Ley nacional 26.687 de espacios libres de humo\u00a0<\/strong>y desde all\u00ed las comunas se fueron sumado con ordenanzas. Las acciones comenzaron premiando a unas 50 empresas que hab\u00edan convertido sus oficinas en espacios libres de tabaco.<\/p>\n\n\n\n<p>La ordenanza de la Comuna de Ciudad argumenta \u00abque fumar expone a numerosas sustancias perjudiciales para la salud, provocando una dependencia peligrosa siendo una de las principales causas de muerte en el mundo y Argentina, calculando una cantidad de&nbsp;<strong>40.000 muertes cada a\u00f1o<\/strong>, esto produce da\u00f1o en el sistema vascular y la disminuci\u00f3n del transporte de ox\u00edgeno a los tejidos de nuestro organismo, generando enfermedades cardiovasculares, pulmonares, reproductiva, corporales, cancer\u00edgenas y llega hasta el deceso de la persona\u00bb.<\/p>\n\n\n\n<p>Tambi\u00e9n explicita \u00abque el tabaquismo no solo afecta a fumadores, sino tambi\u00e9n a personas no fumadoras que est\u00e1n expuestas al humo de tabaco por convivir con fumadores. En especial, esta&nbsp;<strong>situaci\u00f3n resulta sumamente perjudicial para los ni\u00f1os, ni\u00f1as y adolescentes&nbsp;<\/strong>en los que puede llegar a causar complicaciones de salud y trastornos en el desarrollo y comportamiento\u00bb.<\/p>\n\n\n\n<p>Se hizo hincapi\u00e9 en la importancia en que se contemple el horario de las entradas y salidas de las instituciones educativas por ser fuentes de reuni\u00f3n de padres, familiares, docentes y alumnos, donde \u00abla acci\u00f3n de fumar puede afectar a quienes est\u00e9n en el c\u00edrculo y a externos al mismo\u00bb.<\/p>\n","protected":false},"excerpt":{"rendered":"<p>La Municipalidad de la\u00a0Ciudad de Mendoza modific\u00f3 una ordenanza\u00a0y desde ahora, con la nueva redacci\u00f3n,\u00a0no\u00a0se podr\u00e1 fumar\u00a0m\u00e1s en las plazas y parques\u00a0entre otros lugares. La iniciativa est\u00e1 enmarcada en las pol\u00edticas del cuidado del ambiente y la salud. La nueva redacci\u00f3n de la normativa dice lo siguiente: \u00abFumar o sostener tabaco encendido, cigarrillos electr\u00f3nicos u<a class=\"read-more\" href=\"https:\/\/elfederalmendoza.com.ar\/index.php\/2024\/04\/25\/prohibieron-fumar-en-las-plazas-y-en-la-puerta-de-los-colegios-de-la-ciudad-de-mendoza\/\"> [&hellip;]<\/a><\/p>\n","protected":false},"author":2,"featured_media":32634,"comment_status":"open","ping_status":"open","sticky":false,"template":"","format":"standard","meta":{"footnotes":""},"categories":[1],"tags":[],"class_list":["post-32632","post","type-post","status-publish","format-standard","has-post-thumbnail","hentry","category-mza"],"rttpg_featured_image_url":{"full":["https:\/\/elfederalmendoza.com.ar\/wp-content\/uploads\/2024\/04\/12-1170x630-1.jpg",1170,630,false],"landscape":["https:\/\/elfederalmendoza.com.ar\/wp-content\/uploads\/2024\/04\/12-1170x630-1.jpg",1170,630,false],"portraits":["https:\/\/elfederalmendoza.com.ar\/wp-content\/uploads\/2024\/04\/12-1170x630-1.jpg",1170,630,false],"thumbnail":["https:\/\/elfederalmendoza.com.ar\/wp-content\/uploads\/2024\/04\/12-1170x630-1-150x150.jpg",150,150,true],"medium":["https:\/\/elfederalmendoza.com.ar\/wp-content\/uploads\/2024\/04\/12-1170x630-1-300x162.jpg",300,162,true],"large":["https:\/\/elfederalmendoza.com.ar\/wp-content\/uploads\/2024\/04\/12-1170x630-1-1024x551.jpg",640,344,true],"1536x1536":["https:\/\/elfederalmendoza.com.ar\/wp-content\/uploads\/2024\/04\/12-1170x630-1.jpg",1170,630,false],"2048x2048":["https:\/\/elfederalmendoza.com.ar\/wp-content\/uploads\/2024\/04\/12-1170x630-1.jpg",1170,630,false],"ultp_layout_landscape_large":["https:\/\/elfederalmendoza.com.ar\/wp-content\/uploads\/2024\/04\/12-1170x630-1.jpg",1170,630,false],"ultp_layout_landscape":["https:\/\/elfederalmendoza.com.ar\/wp-content\/uploads\/2024\/04\/12-1170x630-1-870x570.jpg",870,570,true],"ultp_layout_portrait":["https:\/\/elfederalmendoza.com.ar\/wp-content\/uploads\/2024\/04\/12-1170x630-1-600x630.jpg",600,630,true],"ultp_layout_square":["https:\/\/elfederalmendoza.com.ar\/wp-content\/uploads\/2024\/04\/12-1170x630-1-600x600.jpg",600,600,true],"rpwe-thumbnail":["https:\/\/elfederalmendoza.com.ar\/wp-content\/uploads\/2024\/04\/12-1170x630-1-45x45.jpg",45,45,true],"advps-thumb-one":["https:\/\/elfederalmendoza.com.ar\/wp-content\/uploads\/2024\/04\/12-1170x630-1-1170x420.jpg",1170,420,true]},"rttpg_author":{"display_name":"Redacci\u00f3n El Federal","author_link":"https:\/\/elfederalmendoza.com.ar\/index.php\/author\/angelflores\/"},"rttpg_comment":0,"rttpg_category":"<a href=\"https:\/\/elfederalmendoza.com.ar\/index.php\/category\/mza\/\" rel=\"category tag\">Mendoza<\/a>","rttpg_excerpt":"La Municipalidad de la\u00a0Ciudad de Mendoza modific\u00f3 una ordenanza\u00a0y desde ahora, con la nueva redacci\u00f3n,\u00a0no\u00a0se podr\u00e1 fumar\u00a0m\u00e1s en las plazas y parques\u00a0entre otros lugares. La iniciativa est\u00e1 enmarcada en las pol\u00edticas del cuidado del ambiente y la salud. La nueva redacci\u00f3n de la normativa dice lo siguiente: \u00abFumar o sostener tabaco encendido, cigarrillos electr\u00f3nicos u&hellip;","_links":{"self":[{"href":"https:\/\/elfederalmendoza.com.ar\/index.php\/wp-json\/wp\/v2\/posts\/32632","targetHints":{"allow":["GET"]}}],"collection":[{"href":"https:\/\/elfederalmendoza.com.ar\/index.php\/wp-json\/wp\/v2\/posts"}],"about":[{"href":"https:\/\/elfederalmendoza.com.ar\/index.php\/wp-json\/wp\/v2\/types\/post"}],"author":[{"embeddable":true,"href":"https:\/\/elfederalmendoza.com.ar\/index.php\/wp-json\/wp\/v2\/users\/2"}],"replies":[{"embeddable":true,"href":"https:\/\/elfederalmendoza.com.ar\/index.php\/wp-json\/wp\/v2\/comments?post=32632"}],"version-history":[{"count":1,"href":"https:\/\/elfederalmendoza.com.ar\/index.php\/wp-json\/wp\/v2\/posts\/32632\/revisions"}],"predecessor-version":[{"id":32635,"href":"https:\/\/elfederalmendoza.com.ar\/index.php\/wp-json\/wp\/v2\/posts\/32632\/revisions\/32635"}],"wp:featuredmedia":[{"embeddable":true,"href":"https:\/\/elfederalmendoza.com.ar\/index.php\/wp-json\/wp\/v2\/media\/32634"}],"wp:attachment":[{"href":"https:\/\/elfederalmendoza.com.ar\/index.php\/wp-json\/wp\/v2\/media?parent=32632"}],"wp:term":[{"taxonomy":"category","embeddable":true,"href":"https:\/\/elfederalmendoza.com.ar\/index.php\/wp-json\/wp\/v2\/categories?post=32632"},{"taxonomy":"post_tag","embeddable":true,"href":"https:\/\/elfederalmendoza.com.ar\/index.php\/wp-json\/wp\/v2\/tags?post=32632"}],"curies":[{"name":"wp","href":"https:\/\/api.w.org\/{rel}","templated":true}]}}