{"id":32645,"date":"2024-04-26T15:02:49","date_gmt":"2024-04-26T18:02:49","guid":{"rendered":"https:\/\/elfederalmendoza.com\/?p=32645"},"modified":"2024-04-26T15:02:49","modified_gmt":"2024-04-26T18:02:49","slug":"escandalo-en-el-pami-de-mendoza-en-medio-de-versiones-de-destitucion-de-su-titular","status":"publish","type":"post","link":"https:\/\/elfederalmendoza.com.ar\/index.php\/2024\/04\/26\/escandalo-en-el-pami-de-mendoza-en-medio-de-versiones-de-destitucion-de-su-titular\/","title":{"rendered":"Esc\u00e1ndalo en el PAMI de Mendoza en medio de versiones de destituci\u00f3n de su titular"},"content":{"rendered":"\n<p>El\u00a0<strong>PAMI Mendoza-\u00a0<\/strong>que es la obra social de las personas jubiladas<strong>&#8211;<\/strong>\u00a0es un hervidero\u00a0Hay empleados que aseguran que su titular,\u00a0Carlos Soloa Vacas, quien asumi\u00f3 a comienzos de marzo, estar\u00eda pr\u00e1cticamente afuera. Lo cierto es que la relaci\u00f3n con la diputada nacional\u00a0<strong>Lourdes Arrieta<\/strong>\u00a0(La Libertad Avanza), est\u00e1 rota.\u00a0<strong>Arrieta<\/strong>\u00a0fue quien lo design\u00f3 en el cargo pero apenas comenz\u00f3 a desempe\u00f1arse lo presion\u00f3 para que despidiera trabajadores y a dos jefes de agencia que responden a\u00a0Omar De Marchi.\u00a0<strong>Soloa Vacas<\/strong>\u00a0no lo hizo y qued\u00f3 al borde de ser despedido.<\/p>\n\n\n\n<p>Este viernes el actual titular del organismo en&nbsp;<strong>Mendoza&nbsp;<\/strong>iba a presentarse como todos los d\u00edas, a trabajar a las 8 de la ma\u00f1ana. Pero las versiones de su destituci\u00f3n son&nbsp;cada vez m\u00e1s fuertes. Como tambi\u00e9n las diferencias con la joven legisladora libertaria quien encolumnada con el presidente de la C\u00e1mara de Diputados, Mart\u00edn Menem, fue quien lo nombr\u00f3. Aunque en esta breve historia que empez\u00f3 a principios de&nbsp;marzo, no s\u00f3lo juega<strong>&nbsp;Arrieta<\/strong>&nbsp;sino tambi\u00e9n su familia, su padre y su hermano, quienes participan activamente de la labor de la legisladora. Su hermano, Mart\u00edn, tiene un rol muy activo en la tarea de la diputada y se comunica con el directorio del<strong>&nbsp;PAMI<\/strong>&nbsp;con frecuencia para dar \u00f3rdenes, de acuerdo sostienen quienes han dejado la entidad, mientras por otro lado, arma el partido La Libertad Avanza en&nbsp;<strong>Mendoza<\/strong>.&nbsp;<\/p>\n\n\n\n<p>En ese sentido, apenas comenz\u00f3 a trabajar\u00a0<strong>Soloa Vacas<\/strong>, la primera orden de\u00a0<strong>Arrieta<\/strong>\u00a0fue que hab\u00eda que echar trabajadores, fiel al estilo del gobierno libertario. El director del\u00a0<strong>PAMI<\/strong>\u00a0se neg\u00f3 a hacer ese trabajo. Sostuvo que hab\u00eda revisar los contratos, ver la parte legal y que si las personas\u00a0contratadas que cumpl\u00edan con su trabajo no iban a ser despedidas. De hecho, no ech\u00f3 a nadie. \u00abSon de La C\u00e1mpora\u00bb, le retrucaron los\u00a0<strong>Arrieta<\/strong>\u00a0(la diputada y su hermano) pero el presidente del\u00a0<strong>PAMI<\/strong>\u00a0sigui\u00f3 con su idea de que el organismo no es un lugar para hacer pol\u00edtica partidaria y se impuso.\u00a0<\/p>\n\n\n\n<p>El segundo gran encontronazo que tuvo&nbsp;<strong>Arrieta<\/strong>&nbsp;con&nbsp;<strong>Soloa Vacas<\/strong>&nbsp;es por dos jefes de agencia (es decir encargados de departamentos), el de Guaymall\u00e9n y Las Heras, que nombr\u00f3 el ministro del interior Guillermo Francos y que responden al mendocino Omar De Marchi, quien est\u00e1 a cargo de la Secretar\u00eda de Relaciones Parlamentarias del Congreso. Esas designaciones&nbsp;ocurrieron a mediados de marzo.&nbsp;<strong>Arrieta<\/strong>&nbsp;quiere que se vayan pero la orden de que est\u00e9n en sus cargos viene de la Naci\u00f3n y en&nbsp;<strong>Mendoza<\/strong>&nbsp;nada puede hacerse. Es m\u00e1s,&nbsp;<strong>Soloa Vacas&nbsp;<\/strong>y ambos jefes de agencia,&nbsp;Franco Daniel&nbsp;Ram\u00edrez (Las Heras) y Fernando Mart\u00edn Gonz\u00e1lez Villanueva (Guaymall\u00e9n) tienen una muy buena relaci\u00f3n y han venido trabajando este tiempo sin inconvenientes. Pero las versiones de que ellos deben irse por orden de la legisladora no paran dentro del<strong>&nbsp;PAMI<\/strong>&nbsp;aunque son contrastadas con las que indican que desde Naci\u00f3n no van a atender a sus indicaciones.<\/p>\n\n\n\n<p>En medio de todo esto,&nbsp;<strong>Arrieta<\/strong>&nbsp;tuvo otra idea: poner un pastor evang\u00e9lico de su confianza (ella profesa es evangelista, de hecho lo dice p\u00fablicamente) para controlar la tarea de&nbsp;<strong>Soloa Vacas&nbsp;<\/strong>en el&nbsp;<strong>PAMI<\/strong>. Dicen que era la propuesta era que fuera el director de Recursos Humanos. Pero de acuerdo a los empleados, esa idea por ahora no habr\u00eda prosperado.&nbsp;<\/p>\n","protected":false},"excerpt":{"rendered":"<p>El\u00a0PAMI Mendoza-\u00a0que es la obra social de las personas jubiladas&#8211;\u00a0es un hervidero\u00a0Hay empleados que aseguran que su titular,\u00a0Carlos Soloa Vacas, quien asumi\u00f3 a comienzos de marzo, estar\u00eda pr\u00e1cticamente afuera. Lo cierto es que la relaci\u00f3n con la diputada nacional\u00a0Lourdes Arrieta\u00a0(La Libertad Avanza), est\u00e1 rota.\u00a0Arrieta\u00a0fue quien lo design\u00f3 en el cargo pero apenas comenz\u00f3 a desempe\u00f1arse<a class=\"read-more\" href=\"https:\/\/elfederalmendoza.com.ar\/index.php\/2024\/04\/26\/escandalo-en-el-pami-de-mendoza-en-medio-de-versiones-de-destitucion-de-su-titular\/\"> [&hellip;]<\/a><\/p>\n","protected":false},"author":2,"featured_media":32646,"comment_status":"open","ping_status":"open","sticky":false,"template":"","format":"standard","meta":{"footnotes":""},"categories":[1],"tags":[],"class_list":["post-32645","post","type-post","status-publish","format-standard","has-post-thumbnail","hentry","category-mza"],"rttpg_featured_image_url":{"full":["https:\/\/elfederalmendoza.com.ar\/wp-content\/uploads\/2024\/04\/f768x1-1560838_1560965_5941.webp",768,537,false],"landscape":["https:\/\/elfederalmendoza.com.ar\/wp-content\/uploads\/2024\/04\/f768x1-1560838_1560965_5941.webp",768,537,false],"portraits":["https:\/\/elfederalmendoza.com.ar\/wp-content\/uploads\/2024\/04\/f768x1-1560838_1560965_5941.webp",768,537,false],"thumbnail":["https:\/\/elfederalmendoza.com.ar\/wp-content\/uploads\/2024\/04\/f768x1-1560838_1560965_5941-150x150.webp",150,150,true],"medium":["https:\/\/elfederalmendoza.com.ar\/wp-content\/uploads\/2024\/04\/f768x1-1560838_1560965_5941-300x210.webp",300,210,true],"large":["https:\/\/elfederalmendoza.com.ar\/wp-content\/uploads\/2024\/04\/f768x1-1560838_1560965_5941.webp",640,448,false],"1536x1536":["https:\/\/elfederalmendoza.com.ar\/wp-content\/uploads\/2024\/04\/f768x1-1560838_1560965_5941.webp",768,537,false],"2048x2048":["https:\/\/elfederalmendoza.com.ar\/wp-content\/uploads\/2024\/04\/f768x1-1560838_1560965_5941.webp",768,537,false],"ultp_layout_landscape_large":["https:\/\/elfederalmendoza.com.ar\/wp-content\/uploads\/2024\/04\/f768x1-1560838_1560965_5941.webp",768,537,false],"ultp_layout_landscape":["https:\/\/elfederalmendoza.com.ar\/wp-content\/uploads\/2024\/04\/f768x1-1560838_1560965_5941.webp",768,537,false],"ultp_layout_portrait":["https:\/\/elfederalmendoza.com.ar\/wp-content\/uploads\/2024\/04\/f768x1-1560838_1560965_5941-600x537.webp",600,537,true],"ultp_layout_square":["https:\/\/elfederalmendoza.com.ar\/wp-content\/uploads\/2024\/04\/f768x1-1560838_1560965_5941-600x537.webp",600,537,true],"rpwe-thumbnail":["https:\/\/elfederalmendoza.com.ar\/wp-content\/uploads\/2024\/04\/f768x1-1560838_1560965_5941-45x45.webp",45,45,true],"advps-thumb-one":["https:\/\/elfederalmendoza.com.ar\/wp-content\/uploads\/2024\/04\/f768x1-1560838_1560965_5941-768x420.webp",768,420,true]},"rttpg_author":{"display_name":"Redacci\u00f3n El Federal","author_link":"https:\/\/elfederalmendoza.com.ar\/index.php\/author\/angelflores\/"},"rttpg_comment":0,"rttpg_category":"<a href=\"https:\/\/elfederalmendoza.com.ar\/index.php\/category\/mza\/\" rel=\"category tag\">Mendoza<\/a>","rttpg_excerpt":"El\u00a0PAMI Mendoza-\u00a0que es la obra social de las personas jubiladas&#8211;\u00a0es un hervidero\u00a0Hay empleados que aseguran que su titular,\u00a0Carlos Soloa Vacas, quien asumi\u00f3 a comienzos de marzo, estar\u00eda pr\u00e1cticamente afuera. Lo cierto es que la relaci\u00f3n con la diputada nacional\u00a0Lourdes Arrieta\u00a0(La Libertad Avanza), est\u00e1 rota.\u00a0Arrieta\u00a0fue quien lo design\u00f3 en el cargo pero apenas comenz\u00f3 a desempe\u00f1arse&hellip;","_links":{"self":[{"href":"https:\/\/elfederalmendoza.com.ar\/index.php\/wp-json\/wp\/v2\/posts\/32645","targetHints":{"allow":["GET"]}}],"collection":[{"href":"https:\/\/elfederalmendoza.com.ar\/index.php\/wp-json\/wp\/v2\/posts"}],"about":[{"href":"https:\/\/elfederalmendoza.com.ar\/index.php\/wp-json\/wp\/v2\/types\/post"}],"author":[{"embeddable":true,"href":"https:\/\/elfederalmendoza.com.ar\/index.php\/wp-json\/wp\/v2\/users\/2"}],"replies":[{"embeddable":true,"href":"https:\/\/elfederalmendoza.com.ar\/index.php\/wp-json\/wp\/v2\/comments?post=32645"}],"version-history":[{"count":1,"href":"https:\/\/elfederalmendoza.com.ar\/index.php\/wp-json\/wp\/v2\/posts\/32645\/revisions"}],"predecessor-version":[{"id":32647,"href":"https:\/\/elfederalmendoza.com.ar\/index.php\/wp-json\/wp\/v2\/posts\/32645\/revisions\/32647"}],"wp:featuredmedia":[{"embeddable":true,"href":"https:\/\/elfederalmendoza.com.ar\/index.php\/wp-json\/wp\/v2\/media\/32646"}],"wp:attachment":[{"href":"https:\/\/elfederalmendoza.com.ar\/index.php\/wp-json\/wp\/v2\/media?parent=32645"}],"wp:term":[{"taxonomy":"category","embeddable":true,"href":"https:\/\/elfederalmendoza.com.ar\/index.php\/wp-json\/wp\/v2\/categories?post=32645"},{"taxonomy":"post_tag","embeddable":true,"href":"https:\/\/elfederalmendoza.com.ar\/index.php\/wp-json\/wp\/v2\/tags?post=32645"}],"curies":[{"name":"wp","href":"https:\/\/api.w.org\/{rel}","templated":true}]}}