{"id":32649,"date":"2024-04-27T09:08:36","date_gmt":"2024-04-27T12:08:36","guid":{"rendered":"https:\/\/elfederalmendoza.com\/?p=32649"},"modified":"2024-04-27T09:09:20","modified_gmt":"2024-04-27T12:09:20","slug":"hebe-casado-es-noticia-nacional-y-viral-por-decir-que-hay-carreras-universitarias-que-son-hobbies","status":"publish","type":"post","link":"https:\/\/elfederalmendoza.com.ar\/index.php\/2024\/04\/27\/hebe-casado-es-noticia-nacional-y-viral-por-decir-que-hay-carreras-universitarias-que-son-hobbies\/","title":{"rendered":"Hebe Casado es noticia nacional y viral por decir que hay carreras universitarias que \u00abson hobbies\u00bb"},"content":{"rendered":"\n<p>La\u00a0<strong>vicegobernadora de Mendoza<\/strong>,\u00a0<strong>Hebe Casado<\/strong>, lo hizo otra vez:<strong>\u00a0se convirti\u00f3 en noticia nacional por sus pol\u00e9micos dichos.\u00a0<\/strong>Ahora fue por\u00a0<strong>las declaraciones que dio en el programa pol\u00edtico 7D<\/strong>, que se transmite los mi\u00e9rcoles por\u00a0<em>Canal 7,<\/em><strong>\u00a0donde expres\u00f3 que hay carreras universitarias que son hobbies, lo que reson\u00f3 en todo el pa\u00eds.<\/strong><\/p>\n\n\n\n<p>Varios medios nacionales replicaron las definiciones de Casado. \u00abHay<strong>\u00a0carreras como medicina en las que todos los que ingresan, egresan\u00bb<\/strong>\u00a0en<strong>\u00a0comparaci\u00f3n con algunas que no tienen salida laboral\u00a0<\/strong>asegurada y que resulta \u00abun despilfarro\u00bb y\u00a0<strong>\u00abuna estafa\u00bb financiar.<\/strong><\/p>\n\n\n\n<p>Los portales de noticias<strong>\u00a0Infobae, La Naci\u00f3n, el Litoral, y el canal LN+, adem\u00e1s de la radio AM750<\/strong>,\u00a0<strong>replicaron los dichos de Casado<\/strong>, que fueron expresados\u00a0<strong>a d\u00edas de la multitudinaria marcha<\/strong>\u00a0en defensa de la\u00a0<strong>Educaci\u00f3n<\/strong>\u00a0<strong>P\u00fablica.<\/strong><\/p>\n\n\n\n<p><blockquote class=\"twitter-tweet\" data-width=\"550\" data-dnt=\"true\"><p lang=\"es\" dir=\"ltr\">\ud83e\uddd1\u200d\ud83c\udf93 <a href=\"https:\/\/twitter.com\/hebesil?ref_src=twsrc%5Etfw\">@hebesil<\/a> se meti\u00f3 en el debate sobre universidades:<br> <br>&quot;Es una estafa hacer cursar a un chico 5 a\u00f1os una carrera y que despu\u00e9s salga y no tenga salida laboral&quot;<br><br>\u00bfFinanciar carreras sin salida laboral es una estafa? \ud83e\udd14\u00bfEs un despilfarro? \ud83d\udcad \u00a1Te leemos! \ud83d\udc40 <a href=\"https:\/\/t.co\/UACWSy1s0E\">pic.twitter.com\/UACWSy1s0E<\/a><\/p>&mdash; #7D S\u00e9ptimo D\u00eda (@septimo_dia) <a href=\"https:\/\/twitter.com\/septimo_dia\/status\/1783488632290181436?ref_src=twsrc%5Etfw\">April 25, 2024<\/a><\/blockquote><script async src=\"https:\/\/platform.twitter.com\/widgets.js\" charset=\"utf-8\"><\/script><\/p>\n\n\n\n<h2 class=\"wp-block-heading\">Sorpresa nacional por las definiciones de Hebe Casado<\/h2>\n\n\n\n<p>Que la&nbsp;<strong>actual vicegobernadora&nbsp;<\/strong>realice&nbsp;<strong>declaraciones pol\u00e9micas<\/strong>&nbsp;tanto en los&nbsp;<strong>medios como en las redes<\/strong>&nbsp;sociales,&nbsp;<strong>para los mendocinos no es novedad<\/strong>: ya lo hac\u00eda cuando era legisladora del PRO, y sus picantes tuits contra el peronismo en general y el kirchnerismo en particular, pasaron varias veces el Arco Desaguadero.<\/p>\n\n\n\n<p>Sin embargo,\u00a0<strong>esta vez fueron m\u00e1s populares\u00a0por su investidura<\/strong>, y porque cobran una magnitud superior en el<strong>\u00a0contexto actual<\/strong>\u00a0en el que las<strong>\u00a0universidades p\u00fablicas se encuentran en momento econ\u00f3mico muy complejo.<\/strong><\/p>\n\n\n\n<p>Especialmente en los medios nacionales hubo estupor al escuchar las declaraciones de Casado, que siempre redoblan la apuesta y buscan ir \u00abun poco m\u00e1s all\u00e1\u00bb.<\/p>\n\n\n\n<p>Uno de los que se sorprendi\u00f3 fue el conductor de LN+\u00a0<strong>Eduardo Feinmann,<\/strong>\u00a0quien\u00a0<strong>entrevist\u00f3<\/strong>\u00a0en su programa a la<strong>\u00a0vicegobernadora\u00a0<\/strong>de Mendoza.<\/p>\n\n\n\n<p>Casado respondi\u00f3 con naturalidad, y<strong>&nbsp;confirm\u00f3 sus definiciones sobre \u00abcarreras hobbies\u00bb<\/strong>&nbsp;<strong>que resultan una estafa<\/strong>, tanto para quien las estudia como para el Estado que las financia.<\/p>\n\n\n\n<h2 class=\"wp-block-heading\">Otras veces que Casado fue noticia por sus dichos<\/h2>\n\n\n\n<p>Durante los a\u00f1os en los que Hebe Casado fue legisladora,&nbsp;<strong>muchas veces sus pol\u00e9micos tuits, generalmente en todo sarc\u00e1stico, tuvieron gran repercusi\u00f3n.<\/strong><\/p>\n\n\n\n<p>Uno fue en&nbsp;<strong>octubre de 2020<\/strong>&nbsp;cuando se refiri\u00f3 a los&nbsp;<strong>30.000 muertos<\/strong>&nbsp;que hab\u00eda en este momento en Argentina&nbsp;<strong>por la pandemia de Covid, y los compar\u00f3 con los 30.000 desaparecidos, diciendo: \u00abEstos s\u00ed son 30.000\u00bb-<\/strong><\/p>\n\n\n\n<p>En el mismo tono, pero esta vez refiri\u00e9ndose a la entonces vicepresidenta Cristina Fern\u00e1ndez de Kirchner, Casado \u00abdese\u00f3\u00bb en Twitter que Cristina se hubiese contagiado de Covid. Esto porque Alberto Fern\u00e1ndez anunci\u00f3 que ten\u00eda el virus, pero ya estaba vacunado.&nbsp;<strong>\u201cD\u00edganme que estuvo con CFK en las \u00faltimas 48 hs el vacunado\u201d,<\/strong>&nbsp;escribi\u00f3 el 5 de abril de 2021.<\/p>\n\n\n\n<p>El&nbsp;<strong>30 de julio de ese mismo a\u00f1o<\/strong>,&nbsp;<strong>describi\u00f3 a Alberto Fern\u00e1ndez como un \u00abviejo gatero\u00bb<\/strong>, luego se ri\u00f3 de la exmujer de Mart\u00edn Insaurralde, J\u00e9sica Cirio, diciendo \u00abno se hagan tantas cirug\u00edas que despu\u00e9s te desconocen\u00bb, en referencia al esc\u00e1ndalo que envolvi\u00f3 a al exintendente con Sof\u00eda Clerici.<\/p>\n\n\n\n<p><strong>Otro pol\u00e9mico tuit&nbsp;<\/strong>fue el que realiz\u00f3 acerca de las&nbsp;<strong>elecciones en Formosa, el 23 de junio del a\u00f1o pasado<\/strong>. En este, Casado pregunt\u00f3 \u00ab<strong>\u00bfYa sabemos c\u00f3mo votaron los paraguayos en Formosa?<\/strong>\u00ab.<\/p>\n\n\n\n<p><em>Fuente: Diario Uno<\/em><\/p>\n","protected":false},"excerpt":{"rendered":"<p>La\u00a0vicegobernadora de Mendoza,\u00a0Hebe Casado, lo hizo otra vez:\u00a0se convirti\u00f3 en noticia nacional por sus pol\u00e9micos dichos.\u00a0Ahora fue por\u00a0las declaraciones que dio en el programa pol\u00edtico 7D, que se transmite los mi\u00e9rcoles por\u00a0Canal 7,\u00a0donde expres\u00f3 que hay carreras universitarias que son hobbies, lo que reson\u00f3 en todo el pa\u00eds. Varios medios nacionales replicaron las definiciones de<a class=\"read-more\" href=\"https:\/\/elfederalmendoza.com.ar\/index.php\/2024\/04\/27\/hebe-casado-es-noticia-nacional-y-viral-por-decir-que-hay-carreras-universitarias-que-son-hobbies\/\"> [&hellip;]<\/a><\/p>\n","protected":false},"author":2,"featured_media":32652,"comment_status":"open","ping_status":"open","sticky":false,"template":"","format":"standard","meta":{"footnotes":""},"categories":[1],"tags":[],"class_list":["post-32649","post","type-post","status-publish","format-standard","has-post-thumbnail","hentry","category-mza"],"rttpg_featured_image_url":{"full":["https:\/\/elfederalmendoza.com.ar\/wp-content\/uploads\/2024\/04\/hebe-casado-septimo-diajpg.webp",1200,675,false],"landscape":["https:\/\/elfederalmendoza.com.ar\/wp-content\/uploads\/2024\/04\/hebe-casado-septimo-diajpg.webp",1200,675,false],"portraits":["https:\/\/elfederalmendoza.com.ar\/wp-content\/uploads\/2024\/04\/hebe-casado-septimo-diajpg.webp",1200,675,false],"thumbnail":["https:\/\/elfederalmendoza.com.ar\/wp-content\/uploads\/2024\/04\/hebe-casado-septimo-diajpg-150x150.webp",150,150,true],"medium":["https:\/\/elfederalmendoza.com.ar\/wp-content\/uploads\/2024\/04\/hebe-casado-septimo-diajpg-300x169.webp",300,169,true],"large":["https:\/\/elfederalmendoza.com.ar\/wp-content\/uploads\/2024\/04\/hebe-casado-septimo-diajpg-1024x576.webp",640,360,true],"1536x1536":["https:\/\/elfederalmendoza.com.ar\/wp-content\/uploads\/2024\/04\/hebe-casado-septimo-diajpg.webp",1200,675,false],"2048x2048":["https:\/\/elfederalmendoza.com.ar\/wp-content\/uploads\/2024\/04\/hebe-casado-septimo-diajpg.webp",1200,675,false],"ultp_layout_landscape_large":["https:\/\/elfederalmendoza.com.ar\/wp-content\/uploads\/2024\/04\/hebe-casado-septimo-diajpg.webp",1200,675,false],"ultp_layout_landscape":["https:\/\/elfederalmendoza.com.ar\/wp-content\/uploads\/2024\/04\/hebe-casado-septimo-diajpg-870x570.webp",870,570,true],"ultp_layout_portrait":["https:\/\/elfederalmendoza.com.ar\/wp-content\/uploads\/2024\/04\/hebe-casado-septimo-diajpg-600x675.webp",600,675,true],"ultp_layout_square":["https:\/\/elfederalmendoza.com.ar\/wp-content\/uploads\/2024\/04\/hebe-casado-septimo-diajpg-600x600.webp",600,600,true],"rpwe-thumbnail":["https:\/\/elfederalmendoza.com.ar\/wp-content\/uploads\/2024\/04\/hebe-casado-septimo-diajpg-45x45.webp",45,45,true],"advps-thumb-one":["https:\/\/elfederalmendoza.com.ar\/wp-content\/uploads\/2024\/04\/hebe-casado-septimo-diajpg-1200x420.webp",1200,420,true]},"rttpg_author":{"display_name":"Redacci\u00f3n El Federal","author_link":"https:\/\/elfederalmendoza.com.ar\/index.php\/author\/angelflores\/"},"rttpg_comment":0,"rttpg_category":"<a href=\"https:\/\/elfederalmendoza.com.ar\/index.php\/category\/mza\/\" rel=\"category tag\">Mendoza<\/a>","rttpg_excerpt":"La\u00a0vicegobernadora de Mendoza,\u00a0Hebe Casado, lo hizo otra vez:\u00a0se convirti\u00f3 en noticia nacional por sus pol\u00e9micos dichos.\u00a0Ahora fue por\u00a0las declaraciones que dio en el programa pol\u00edtico 7D, que se transmite los mi\u00e9rcoles por\u00a0Canal 7,\u00a0donde expres\u00f3 que hay carreras universitarias que son hobbies, lo que reson\u00f3 en todo el pa\u00eds. Varios medios nacionales replicaron las definiciones de&hellip;","_links":{"self":[{"href":"https:\/\/elfederalmendoza.com.ar\/index.php\/wp-json\/wp\/v2\/posts\/32649","targetHints":{"allow":["GET"]}}],"collection":[{"href":"https:\/\/elfederalmendoza.com.ar\/index.php\/wp-json\/wp\/v2\/posts"}],"about":[{"href":"https:\/\/elfederalmendoza.com.ar\/index.php\/wp-json\/wp\/v2\/types\/post"}],"author":[{"embeddable":true,"href":"https:\/\/elfederalmendoza.com.ar\/index.php\/wp-json\/wp\/v2\/users\/2"}],"replies":[{"embeddable":true,"href":"https:\/\/elfederalmendoza.com.ar\/index.php\/wp-json\/wp\/v2\/comments?post=32649"}],"version-history":[{"count":1,"href":"https:\/\/elfederalmendoza.com.ar\/index.php\/wp-json\/wp\/v2\/posts\/32649\/revisions"}],"predecessor-version":[{"id":32655,"href":"https:\/\/elfederalmendoza.com.ar\/index.php\/wp-json\/wp\/v2\/posts\/32649\/revisions\/32655"}],"wp:featuredmedia":[{"embeddable":true,"href":"https:\/\/elfederalmendoza.com.ar\/index.php\/wp-json\/wp\/v2\/media\/32652"}],"wp:attachment":[{"href":"https:\/\/elfederalmendoza.com.ar\/index.php\/wp-json\/wp\/v2\/media?parent=32649"}],"wp:term":[{"taxonomy":"category","embeddable":true,"href":"https:\/\/elfederalmendoza.com.ar\/index.php\/wp-json\/wp\/v2\/categories?post=32649"},{"taxonomy":"post_tag","embeddable":true,"href":"https:\/\/elfederalmendoza.com.ar\/index.php\/wp-json\/wp\/v2\/tags?post=32649"}],"curies":[{"name":"wp","href":"https:\/\/api.w.org\/{rel}","templated":true}]}}