{"id":32650,"date":"2024-04-27T09:09:50","date_gmt":"2024-04-27T12:09:50","guid":{"rendered":"https:\/\/elfederalmendoza.com\/?p=32650"},"modified":"2024-04-27T09:09:51","modified_gmt":"2024-04-27T12:09:51","slug":"como-es-la-vida-de-los-que-viven-en-mendoza-sin-gas-agua-potable-ni-cloacas","status":"publish","type":"post","link":"https:\/\/elfederalmendoza.com.ar\/index.php\/2024\/04\/27\/como-es-la-vida-de-los-que-viven-en-mendoza-sin-gas-agua-potable-ni-cloacas\/","title":{"rendered":"C\u00f3mo es la vida de los que viven en Mendoza sin gas, agua potable ni cloacas"},"content":{"rendered":"\n<p>Liliana Quiroga tiene 44 a\u00f1os y vive en&nbsp;<strong>El Algarrobal de Abajo<\/strong>&nbsp;junto a su pareja y un pu\u00f1ado de hijos y nietos. Si bien su vivienda es de material, tiene apenas dos ambientes que pudieron levantar a fuerza de much\u00edsimo sacrificio.<\/p>\n\n\n\n<p>Liliana es, en definitiva, una fiel exponente mendocina del informe sobre condiciones de vida de los hogares que public\u00f3 el\u00a0<strong>Instituto Nacional de Estad\u00edsticas y Censos (Indec)\u00a0<\/strong>al cierre del segundo semestre de 2023 y cuyos detalles dio a conocer<strong>\u00a0Los Andes<\/strong>\u00a0en las \u00faltimas horas.<\/p>\n\n\n\n<p>Dicho relevamiento indica que la mitad m\u00e1s uno de la poblaci\u00f3n argentina no puede acceder a tres servicios p\u00fablicos b\u00e1sicos: agua de red, gas natural y cloacas. Mientras que la gente con cobertura de salud apenas supera el 50%.<\/p>\n\n\n\n<p>Efectivamente esta mujer, ama de casa, carece de gas natural y se las arregla como puede, \u201ca los ponchazos\u201d, seg\u00fan se\u00f1ala, para que los siete integrantes de la familia, que ser\u00e1n ocho en pocos d\u00edas \u2013porque su hija espera un segundo beb\u00e9\u2014puedan comer comida caliente, ba\u00f1arse y calefaccionarse.<\/p>\n\n\n\n<p>Tampoco tiene cloacas, como sucede en esa zona carenciada de Las Heras. Atr\u00e1s de la casa tienen un pozo, seg\u00fan cuenta. Adem\u00e1s, el agua, aunque es corriente, la provee una cooperativa y con algunas deficiencias, por eso suele salir a cuentagotas invierno y verano. As\u00ed las cosas, ella siempre tiene sus baldes repletos de reserva porque nunca sabe cu\u00e1ndo se podr\u00e1 encontrar con la desagradable sorpresa de comprobar que las canillas est\u00e1n secas.<\/p>\n\n\n\n<p>\u201c\u00bfObra social? No. Nunca hemos tenido\u201d, aclara. Las salas m\u00e9dicas y hospitales p\u00fablicos son los puntos de referencia frente a cualquier dolencia o enfermedad en su familia.<\/p>\n\n\n\n<p>\u201cYa empieza el tiempo m\u00e1s complicado y tambi\u00e9n el m\u00e1s caro, porque la garrafa cuesta 17 mil pesos y es nuestra \u00fanica manera de calentar la casa. Utilizamos al menos tres al mes porque somos muchos\u201d, relata Liliana, en di\u00e1logo con Los Andes.<\/p>\n\n\n\n<p>Hasta el a\u00f1o pasado, las estufas el\u00e9ctricas eran una soluci\u00f3n en el hogar, aunque este a\u00f1o, como si todo fuera poco, tambi\u00e9n el suministro el\u00e9ctrico sufre desperfectos en el barrio. Por eso solo suelen utilizar el calef\u00f3n el\u00e9ctrico para el ba\u00f1o, aunque para el resto, especialmente mantener la casa templada, no queda otra que dejar el horno encendido y \u201cmuy a conciencia\u201d por los riesgos del mon\u00f3xido de carbono.<\/p>\n\n\n\n<p>Eso s\u00ed, asegura, a la hora de dormir apagan todo y se abrigan con much\u00edsimas cobijas. \u201cEn casa nunca faltan frazadas\u201d, asegura. Calefaccionar a le\u00f1a, con tantos ni\u00f1os, no es opci\u00f3n, seg\u00fan se\u00f1ala, por el peligro.<\/p>\n\n\n\n<p>\u201cLili\u201d es consciente de que el verano tambi\u00e9n es agobiante. As\u00ed y todo lo prefiere frente al per\u00edodo m\u00e1s cr\u00edtico del invierno, que suele ser eterno.<\/p>\n\n\n\n<p>\u201cCon el agua tenemos muchos problemas tambi\u00e9n, aunque es potable la provee una cooperativa. No solo en verano, sino en todas las \u00e9pocas del a\u00f1o hay problemas. Solemos estar hasta tres semanas sin agua, juntando en tachos, botellas\u201d, dice.<\/p>\n\n\n\n<p>La falta del vital l\u00edquido y las deficiencias en el servicio datan de varios a\u00f1os, dicen los vecinos.<\/p>\n\n\n\n<p>Marga Abarca tiene 61 a\u00f1os y se mud\u00f3 hace poco a El Borboll\u00f3n, zona norte, tambi\u00e9n en Las Heras, donde tampoco hay gas natural. \u201cCuido much\u00edsimo la garrafa, que cuesta entre 15 y 17 mil pesos. Vivo lejos de los negocios, es complicado ir a comprar\u201d, dice. Por eso siempre trata de tener gas envasado de repuesto.<\/p>\n\n\n\n<p>\u201cHicimos un hogar a le\u00f1a pero no s\u00e9 si podremos terminarlo este a\u00f1o\u201d, se\u00f1ala la mujer, que vive sola con su esposo y consume al menos 4 garrafas al mes.<\/p>\n\n\n\n<p>Muy lejos de Las Heras y del Gran Mendoza, en Agua Escondida, peque\u00f1a localidad de Malarg\u00fce, una zona helada y cruda en invierno, tampoco tienen gas natural.<\/p>\n\n\n\n<p>\u201cAgua corriente s\u00ed tenemos, pero no gas natural. El que tiene y puede utiliza la garrafita\u201d, cuenta, naturalmente, Ruth Bravo.<\/p>\n\n\n\n<p>\u201cEl gas envasado lo compramos en los negocios del pueblo y, sino, de manera mensual o quincenal viene un cambi\u00f3n a vender las garrafas casa por casa. Nosotros estamos acostumbrados a la estufa a le\u00f1a. Casi todos en Malarg\u00fce nos manejamos de esa manera\u201d, se\u00f1ala.<\/p>\n\n\n\n<p>Celso Forquera, delegado a cargo de dos peque\u00f1as y des\u00e9rticas localidades de Malarg\u00fce: Salinilla y El Cortaderal, donde viven escasas familias, conseguir le\u00f1a resulta una odisea. \u201cNo tenemos por el tipo de suelo, por eso suele acercarse un proveedor de La Humada, que es una localidad del departamento Chical Co, provincia de La Pampa, a unos 70 kil\u00f3metros de nuestro pueblo. Claro que el flete lo encarece\u201d, aclara.<\/p>\n\n\n\n<p>\u00c9l mismo padece la situaci\u00f3n, ya que muchas veces su peque\u00f1o hijo Ian suele colaborar, a su manera, con el acarreo de ramas para encender el fuego. En esta zona es muy com\u00fan que toda la familia se encargue de reunir le\u00f1a.<\/p>\n\n\n\n<p>\u201cNo todos pueden acceder a los valores de la garrafa o la le\u00f1a comprada\u201d, se\u00f1ala. Para Forquera, la zona Sur de Malarg\u00fce es la que m\u00e1s padece las temperaturas rigurosas, a lo que se suman las distancias, ya que Salinilla y El Cortaderal est\u00e1n situadas a alrededor de 160 kil\u00f3metros de la ciudad cabecera de Malarg\u00fce.<\/p>\n\n\n\n<h2 class=\"wp-block-heading\">UN ESTUDIO QUE DEJA UN PANORAMA DIF\u00cdCIL<\/h2>\n\n\n\n<p>El estudio del Indec surge de variables relevadas en forma continua por la Encuesta Permanente de Hogares que realiza el organismo nacional. La medici\u00f3n toma como base 31 aglomerados urbanos en las distintas regiones del pa\u00eds. En la provincia, la encuesta est\u00e1 basada en los departamentos que conforman el Gran Mendoza.<\/p>\n\n\n\n<p><strong>La poblaci\u00f3n analizada alcanza a 10.000.000 de hogares<\/strong>&nbsp;en los cuales habitan&nbsp;<strong>29.500.000 personas&nbsp;<\/strong>en los que un&nbsp;<strong>11,9% son indigentes, 29,8% son pobres y el 58,3% son consideradas oficialmente \u201cno pobres\u201d.<\/strong><\/p>\n\n\n\n<p>Dentro de los datos que recolecta el Indec uno de los puntos que permite estudiar las condiciones de vida de la poblaci\u00f3n, divida en pobres, indigentes y no pobres, es el acceso a los servicios p\u00fablicos.<\/p>\n\n\n\n<p>En cuanto a la posibilidad de contar con agua corriente, el 88,3% de las personas, en promedio, tiene acceso a este vital elemento.<\/p>\n\n\n\n<p><em>Fuente: Los Andes<\/em><\/p>\n","protected":false},"excerpt":{"rendered":"<p>Liliana Quiroga tiene 44 a\u00f1os y vive en&nbsp;El Algarrobal de Abajo&nbsp;junto a su pareja y un pu\u00f1ado de hijos y nietos. Si bien su vivienda es de material, tiene apenas dos ambientes que pudieron levantar a fuerza de much\u00edsimo sacrificio. Liliana es, en definitiva, una fiel exponente mendocina del informe sobre condiciones de vida de<a class=\"read-more\" href=\"https:\/\/elfederalmendoza.com.ar\/index.php\/2024\/04\/27\/como-es-la-vida-de-los-que-viven-en-mendoza-sin-gas-agua-potable-ni-cloacas\/\"> [&hellip;]<\/a><\/p>\n","protected":false},"author":2,"featured_media":32654,"comment_status":"open","ping_status":"open","sticky":false,"template":"","format":"standard","meta":{"footnotes":""},"categories":[1],"tags":[],"class_list":["post-32650","post","type-post","status-publish","format-standard","has-post-thumbnail","hentry","category-mza"],"rttpg_featured_image_url":{"full":["https:\/\/elfederalmendoza.com.ar\/wp-content\/uploads\/2024\/04\/WhatsApp-Image-2024-04-27-at-09.08.23.jpeg",1023,680,false],"landscape":["https:\/\/elfederalmendoza.com.ar\/wp-content\/uploads\/2024\/04\/WhatsApp-Image-2024-04-27-at-09.08.23.jpeg",1023,680,false],"portraits":["https:\/\/elfederalmendoza.com.ar\/wp-content\/uploads\/2024\/04\/WhatsApp-Image-2024-04-27-at-09.08.23.jpeg",1023,680,false],"thumbnail":["https:\/\/elfederalmendoza.com.ar\/wp-content\/uploads\/2024\/04\/WhatsApp-Image-2024-04-27-at-09.08.23-150x150.jpeg",150,150,true],"medium":["https:\/\/elfederalmendoza.com.ar\/wp-content\/uploads\/2024\/04\/WhatsApp-Image-2024-04-27-at-09.08.23-300x199.jpeg",300,199,true],"large":["https:\/\/elfederalmendoza.com.ar\/wp-content\/uploads\/2024\/04\/WhatsApp-Image-2024-04-27-at-09.08.23.jpeg",640,425,false],"1536x1536":["https:\/\/elfederalmendoza.com.ar\/wp-content\/uploads\/2024\/04\/WhatsApp-Image-2024-04-27-at-09.08.23.jpeg",1023,680,false],"2048x2048":["https:\/\/elfederalmendoza.com.ar\/wp-content\/uploads\/2024\/04\/WhatsApp-Image-2024-04-27-at-09.08.23.jpeg",1023,680,false],"ultp_layout_landscape_large":["https:\/\/elfederalmendoza.com.ar\/wp-content\/uploads\/2024\/04\/WhatsApp-Image-2024-04-27-at-09.08.23.jpeg",1023,680,false],"ultp_layout_landscape":["https:\/\/elfederalmendoza.com.ar\/wp-content\/uploads\/2024\/04\/WhatsApp-Image-2024-04-27-at-09.08.23-870x570.jpeg",870,570,true],"ultp_layout_portrait":["https:\/\/elfederalmendoza.com.ar\/wp-content\/uploads\/2024\/04\/WhatsApp-Image-2024-04-27-at-09.08.23-600x680.jpeg",600,680,true],"ultp_layout_square":["https:\/\/elfederalmendoza.com.ar\/wp-content\/uploads\/2024\/04\/WhatsApp-Image-2024-04-27-at-09.08.23-600x600.jpeg",600,600,true],"rpwe-thumbnail":["https:\/\/elfederalmendoza.com.ar\/wp-content\/uploads\/2024\/04\/WhatsApp-Image-2024-04-27-at-09.08.23-45x45.jpeg",45,45,true],"advps-thumb-one":["https:\/\/elfederalmendoza.com.ar\/wp-content\/uploads\/2024\/04\/WhatsApp-Image-2024-04-27-at-09.08.23-1023x420.jpeg",1023,420,true]},"rttpg_author":{"display_name":"Redacci\u00f3n El Federal","author_link":"https:\/\/elfederalmendoza.com.ar\/index.php\/author\/angelflores\/"},"rttpg_comment":0,"rttpg_category":"<a href=\"https:\/\/elfederalmendoza.com.ar\/index.php\/category\/mza\/\" rel=\"category tag\">Mendoza<\/a>","rttpg_excerpt":"Liliana Quiroga tiene 44 a\u00f1os y vive en&nbsp;El Algarrobal de Abajo&nbsp;junto a su pareja y un pu\u00f1ado de hijos y nietos. Si bien su vivienda es de material, tiene apenas dos ambientes que pudieron levantar a fuerza de much\u00edsimo sacrificio. Liliana es, en definitiva, una fiel exponente mendocina del informe sobre condiciones de vida de&hellip;","_links":{"self":[{"href":"https:\/\/elfederalmendoza.com.ar\/index.php\/wp-json\/wp\/v2\/posts\/32650","targetHints":{"allow":["GET"]}}],"collection":[{"href":"https:\/\/elfederalmendoza.com.ar\/index.php\/wp-json\/wp\/v2\/posts"}],"about":[{"href":"https:\/\/elfederalmendoza.com.ar\/index.php\/wp-json\/wp\/v2\/types\/post"}],"author":[{"embeddable":true,"href":"https:\/\/elfederalmendoza.com.ar\/index.php\/wp-json\/wp\/v2\/users\/2"}],"replies":[{"embeddable":true,"href":"https:\/\/elfederalmendoza.com.ar\/index.php\/wp-json\/wp\/v2\/comments?post=32650"}],"version-history":[{"count":1,"href":"https:\/\/elfederalmendoza.com.ar\/index.php\/wp-json\/wp\/v2\/posts\/32650\/revisions"}],"predecessor-version":[{"id":32658,"href":"https:\/\/elfederalmendoza.com.ar\/index.php\/wp-json\/wp\/v2\/posts\/32650\/revisions\/32658"}],"wp:featuredmedia":[{"embeddable":true,"href":"https:\/\/elfederalmendoza.com.ar\/index.php\/wp-json\/wp\/v2\/media\/32654"}],"wp:attachment":[{"href":"https:\/\/elfederalmendoza.com.ar\/index.php\/wp-json\/wp\/v2\/media?parent=32650"}],"wp:term":[{"taxonomy":"category","embeddable":true,"href":"https:\/\/elfederalmendoza.com.ar\/index.php\/wp-json\/wp\/v2\/categories?post=32650"},{"taxonomy":"post_tag","embeddable":true,"href":"https:\/\/elfederalmendoza.com.ar\/index.php\/wp-json\/wp\/v2\/tags?post=32650"}],"curies":[{"name":"wp","href":"https:\/\/api.w.org\/{rel}","templated":true}]}}