{"id":32661,"date":"2024-04-29T13:50:24","date_gmt":"2024-04-29T16:50:24","guid":{"rendered":"https:\/\/elfederalmendoza.com\/?p=32661"},"modified":"2024-04-29T13:50:24","modified_gmt":"2024-04-29T16:50:24","slug":"internaron-a-un-nene-de-5-anos-en-maipu-por-intoxicacion-con-cocaina-los-padres-habian-consumido","status":"publish","type":"post","link":"https:\/\/elfederalmendoza.com.ar\/index.php\/2024\/04\/29\/internaron-a-un-nene-de-5-anos-en-maipu-por-intoxicacion-con-cocaina-los-padres-habian-consumido\/","title":{"rendered":"Internaron a un nene de 5 a\u00f1os en Maip\u00fa por intoxicaci\u00f3n con coca\u00edna: los padres hab\u00edan consumido"},"content":{"rendered":"\n<p>Un nene de\u00a0<strong>s\u00f3lo 5 a\u00f1os y 4 meses<\/strong>\u00a0qued\u00f3 internado despu\u00e9s de que los m\u00e9dicos\u00a0<strong>detectaran que\u00a0ten\u00eda coca\u00edna en sangre<\/strong>. <\/p>\n\n\n\n<p>El ni\u00f1o lleg\u00f3 al hospital con un presunto cuadro febril, pero los doctores notaron que ten\u00eda<strong>\u00a0\u00abexcitaci\u00f3n psicomotriz\u00bb<\/strong>. Luego de hacer los chequeos correspondientes, se comprob\u00f3 que el menor estaba\u00a0<strong>drogado<\/strong>.<\/p>\n\n\n\n<p>De acuerdo a las primeras informaciones, el que llev\u00f3 al peque\u00f1o al&nbsp;<strong>Hospital Paroissien de Maip\u00fa<\/strong>&nbsp;fue su padre.&nbsp;<strong>Tanto ese hombre como la mam\u00e1 -seg\u00fan se verific\u00f3 luego- ten\u00edan coca\u00edna en el organismo<\/strong>.<\/p>\n\n\n\n<p>Por ahora,<strong>&nbsp;la evoluci\u00f3n del ni\u00f1o es positiva<\/strong>, aunque se lo sigue de cerca para evitar complicaciones.<\/p>\n\n\n\n<p>Este es el\u00a0<strong>comunicado<\/strong>\u00a0que emitieron desde el hospital:<\/p>\n\n\n<div class=\"wp-block-image\">\n<figure class=\"aligncenter size-large\"><img loading=\"lazy\" decoding=\"async\" width=\"590\" height=\"1024\" src=\"https:\/\/elfederalmendoza.com\/wp-content\/uploads\/2024\/04\/image-590x1024.png\" alt=\"\" class=\"wp-image-32664\" srcset=\"https:\/\/elfederalmendoza.com.ar\/wp-content\/uploads\/2024\/04\/image-590x1024.png 590w, https:\/\/elfederalmendoza.com.ar\/wp-content\/uploads\/2024\/04\/image-173x300.png 173w, https:\/\/elfederalmendoza.com.ar\/wp-content\/uploads\/2024\/04\/image-768x1332.png 768w, https:\/\/elfederalmendoza.com.ar\/wp-content\/uploads\/2024\/04\/image-885x1536.png 885w, https:\/\/elfederalmendoza.com.ar\/wp-content\/uploads\/2024\/04\/image-1180x2048.png 1180w, https:\/\/elfederalmendoza.com.ar\/wp-content\/uploads\/2024\/04\/image.png 1200w\" sizes=\"auto, (max-width: 590px) 100vw, 590px\" \/><\/figure><\/div>","protected":false},"excerpt":{"rendered":"<p>Un nene de\u00a0s\u00f3lo 5 a\u00f1os y 4 meses\u00a0qued\u00f3 internado despu\u00e9s de que los m\u00e9dicos\u00a0detectaran que\u00a0ten\u00eda coca\u00edna en sangre. El ni\u00f1o lleg\u00f3 al hospital con un presunto cuadro febril, pero los doctores notaron que ten\u00eda\u00a0\u00abexcitaci\u00f3n psicomotriz\u00bb. Luego de hacer los chequeos correspondientes, se comprob\u00f3 que el menor estaba\u00a0drogado. De acuerdo a las primeras informaciones, el que<a class=\"read-more\" href=\"https:\/\/elfederalmendoza.com.ar\/index.php\/2024\/04\/29\/internaron-a-un-nene-de-5-anos-en-maipu-por-intoxicacion-con-cocaina-los-padres-habian-consumido\/\"> [&hellip;]<\/a><\/p>\n","protected":false},"author":2,"featured_media":32665,"comment_status":"open","ping_status":"open","sticky":false,"template":"","format":"standard","meta":{"footnotes":""},"categories":[1],"tags":[],"class_list":["post-32661","post","type-post","status-publish","format-standard","has-post-thumbnail","hentry","category-mza"],"rttpg_featured_image_url":{"full":["https:\/\/elfederalmendoza.com.ar\/wp-content\/uploads\/2024\/04\/1527689715307Hospital20diego20paroissien.jpg",1024,768,false],"landscape":["https:\/\/elfederalmendoza.com.ar\/wp-content\/uploads\/2024\/04\/1527689715307Hospital20diego20paroissien.jpg",1024,768,false],"portraits":["https:\/\/elfederalmendoza.com.ar\/wp-content\/uploads\/2024\/04\/1527689715307Hospital20diego20paroissien.jpg",1024,768,false],"thumbnail":["https:\/\/elfederalmendoza.com.ar\/wp-content\/uploads\/2024\/04\/1527689715307Hospital20diego20paroissien-150x150.jpg",150,150,true],"medium":["https:\/\/elfederalmendoza.com.ar\/wp-content\/uploads\/2024\/04\/1527689715307Hospital20diego20paroissien-300x225.jpg",300,225,true],"large":["https:\/\/elfederalmendoza.com.ar\/wp-content\/uploads\/2024\/04\/1527689715307Hospital20diego20paroissien.jpg",640,480,false],"1536x1536":["https:\/\/elfederalmendoza.com.ar\/wp-content\/uploads\/2024\/04\/1527689715307Hospital20diego20paroissien.jpg",1024,768,false],"2048x2048":["https:\/\/elfederalmendoza.com.ar\/wp-content\/uploads\/2024\/04\/1527689715307Hospital20diego20paroissien.jpg",1024,768,false],"ultp_layout_landscape_large":["https:\/\/elfederalmendoza.com.ar\/wp-content\/uploads\/2024\/04\/1527689715307Hospital20diego20paroissien.jpg",1024,768,false],"ultp_layout_landscape":["https:\/\/elfederalmendoza.com.ar\/wp-content\/uploads\/2024\/04\/1527689715307Hospital20diego20paroissien-870x570.jpg",870,570,true],"ultp_layout_portrait":["https:\/\/elfederalmendoza.com.ar\/wp-content\/uploads\/2024\/04\/1527689715307Hospital20diego20paroissien-600x768.jpg",600,768,true],"ultp_layout_square":["https:\/\/elfederalmendoza.com.ar\/wp-content\/uploads\/2024\/04\/1527689715307Hospital20diego20paroissien-600x600.jpg",600,600,true],"rpwe-thumbnail":["https:\/\/elfederalmendoza.com.ar\/wp-content\/uploads\/2024\/04\/1527689715307Hospital20diego20paroissien-45x45.jpg",45,45,true],"advps-thumb-one":["https:\/\/elfederalmendoza.com.ar\/wp-content\/uploads\/2024\/04\/1527689715307Hospital20diego20paroissien-1024x420.jpg",1024,420,true]},"rttpg_author":{"display_name":"Redacci\u00f3n El Federal","author_link":"https:\/\/elfederalmendoza.com.ar\/index.php\/author\/angelflores\/"},"rttpg_comment":0,"rttpg_category":"<a href=\"https:\/\/elfederalmendoza.com.ar\/index.php\/category\/mza\/\" rel=\"category tag\">Mendoza<\/a>","rttpg_excerpt":"Un nene de\u00a0s\u00f3lo 5 a\u00f1os y 4 meses\u00a0qued\u00f3 internado despu\u00e9s de que los m\u00e9dicos\u00a0detectaran que\u00a0ten\u00eda coca\u00edna en sangre. El ni\u00f1o lleg\u00f3 al hospital con un presunto cuadro febril, pero los doctores notaron que ten\u00eda\u00a0\u00abexcitaci\u00f3n psicomotriz\u00bb. Luego de hacer los chequeos correspondientes, se comprob\u00f3 que el menor estaba\u00a0drogado. De acuerdo a las primeras informaciones, el que&hellip;","_links":{"self":[{"href":"https:\/\/elfederalmendoza.com.ar\/index.php\/wp-json\/wp\/v2\/posts\/32661","targetHints":{"allow":["GET"]}}],"collection":[{"href":"https:\/\/elfederalmendoza.com.ar\/index.php\/wp-json\/wp\/v2\/posts"}],"about":[{"href":"https:\/\/elfederalmendoza.com.ar\/index.php\/wp-json\/wp\/v2\/types\/post"}],"author":[{"embeddable":true,"href":"https:\/\/elfederalmendoza.com.ar\/index.php\/wp-json\/wp\/v2\/users\/2"}],"replies":[{"embeddable":true,"href":"https:\/\/elfederalmendoza.com.ar\/index.php\/wp-json\/wp\/v2\/comments?post=32661"}],"version-history":[{"count":1,"href":"https:\/\/elfederalmendoza.com.ar\/index.php\/wp-json\/wp\/v2\/posts\/32661\/revisions"}],"predecessor-version":[{"id":32666,"href":"https:\/\/elfederalmendoza.com.ar\/index.php\/wp-json\/wp\/v2\/posts\/32661\/revisions\/32666"}],"wp:featuredmedia":[{"embeddable":true,"href":"https:\/\/elfederalmendoza.com.ar\/index.php\/wp-json\/wp\/v2\/media\/32665"}],"wp:attachment":[{"href":"https:\/\/elfederalmendoza.com.ar\/index.php\/wp-json\/wp\/v2\/media?parent=32661"}],"wp:term":[{"taxonomy":"category","embeddable":true,"href":"https:\/\/elfederalmendoza.com.ar\/index.php\/wp-json\/wp\/v2\/categories?post=32661"},{"taxonomy":"post_tag","embeddable":true,"href":"https:\/\/elfederalmendoza.com.ar\/index.php\/wp-json\/wp\/v2\/tags?post=32661"}],"curies":[{"name":"wp","href":"https:\/\/api.w.org\/{rel}","templated":true}]}}