{"id":32662,"date":"2024-04-29T13:54:57","date_gmt":"2024-04-29T16:54:57","guid":{"rendered":"https:\/\/elfederalmendoza.com\/?p=32662"},"modified":"2024-04-29T13:54:57","modified_gmt":"2024-04-29T16:54:57","slug":"siete-de-cada-diez-inscriptos-en-la-uncuyo-no-se-reciben","status":"publish","type":"post","link":"https:\/\/elfederalmendoza.com.ar\/index.php\/2024\/04\/29\/siete-de-cada-diez-inscriptos-en-la-uncuyo-no-se-reciben\/","title":{"rendered":"Siete de cada diez inscriptos en la UNCuyo no se reciben"},"content":{"rendered":"\n<p>La informaci\u00f3n es de la Direcci\u00f3n de Estad\u00edsticas de la\u00a0<strong>Universidad Nacional de Cuyo<\/strong>. De cada\u00a0<strong>10 alumnos\u00a0<\/strong>que ingresan, siete no\u00a0<strong>egresan\u00a0<\/strong>de esa casa de estudios. Es un dato m\u00e1s en la\u00a0marea de informaci\u00f3n sobre lo que pasa en las facultades nacionales\u00a0y alimenta el debate en carne viva que sumi\u00f3 al pa\u00eds esta semana que pas\u00f3. Tambi\u00e9n demuestra que en Mendoza los n\u00fameros son mejores que a nivel nacional.<\/p>\n\n\n\n<p>Son 32 de cada 100.<strong>&nbsp;Esa es la cifra concreta que manejan en el Rectorado. Los otros 68 atraviesan esos pasillos por algunos meses o a\u00f1os,<\/strong>&nbsp;pero no salen jam\u00e1s con diploma en la mano. La discusi\u00f3n en torno a los fondos educativos que propuso el presidente Javier Milei, y sobre el que buena parte del pa\u00eds se interes\u00f3, apunta entre otras cosas a revisar justamente detalles como ese, porque existe la fuerte postura de que&nbsp;<strong>la cantidad de egresos es una de las mejores formas de medir el \u00e9xito del sistema.&nbsp;<\/strong>Si es as\u00ed, el mecanismo&nbsp;<strong>est\u00e1 aplazado en Mendoza y el resto de la Argentina:&nbsp;<\/strong>se saca un tres.<\/p>\n\n\n\n<p>En la UBA el n\u00famero es similar, aunque un poco m\u00e1s bajo -o sea, peor-. A nivel pa\u00eds se cree que esos 32 de cada 100 que muestra la provincia descienden bastante y quedan en aproximadamente 26. Significa que casi e<strong>l 80% no logra el objetivo que se hab\u00eda propuesto cuando puso un pie en la educaci\u00f3n p\u00fablica.<\/strong><\/p>\n\n\n\n<p><strong>\u00abAunque son mejores que en otras casas de estudio, estos son indicadores que tenemos que trabajar,\u00a0<\/strong>sin dudas\u00bb, explican en la universidad local. De todos modos, aclaran que est\u00e1n llevando adelante un proyecto para dar vuelta esa problem\u00e1tica a trav\u00e9s de un an\u00e1lisis cualitativo sobre las carreras, sobre la forma en que se imparten los conocimientos y, entre otras cosas,<strong>\u00a0el tiempo que les lleva a los estudiantes terminar de rendir y cursar.<\/strong><\/p>\n\n\n\n<p>\u00abEn la duraci\u00f3n de las carreras est\u00e1 una de las grandes claves de esto\u00bb, pronuncian desde las oficinas que quedan cerca de la rectora&nbsp;<strong>Mar\u00eda Esther S\u00e1nchez.<\/strong><\/p>\n\n\n\n<p>La realidad del pa\u00eds marca que, a m\u00e1s cantidad de a\u00f1os,&nbsp;<strong>m\u00e1s dif\u00edcil es sostener una cursada que dura entre un lustro y una d\u00e9cada,<\/strong>&nbsp;o incluso m\u00e1s, como suele pasar en las unidades acad\u00e9micas de todas las provincias. Desde hace tiempo que conclusiones como esa alientan a que se acorten los plazos. Iniciativa en la que muchas&nbsp;<strong>universidades privadas le llevan la delantera al mecanismo del Estado.<\/strong><\/p>\n\n\n\n<p>El plan para aumentar la cantidad de egresos tambi\u00e9n se centra en otros puntos, m\u00e1s all\u00e1 del tiempo. Afirman que desde hace a\u00f1os trabajan en una propuesta que&nbsp;<strong>se basa en el estudiante, en los saberes que requiere su formaci\u00f3n,&nbsp;<\/strong>sus necesidades y en c\u00f3mo se insertan luego en el mundo del trabajo.<\/p>\n\n\n\n<p>\u00abLo que hacemos es mejorar pr\u00e1cticas \u00e1ulicas en tiempo real, teniendo en cuenta tambi\u00e9n\u00a0<strong>los plazos que ellos le dedican al estudio\u00bb<\/strong>, completaron, aunque marcaron que los resultados no se ver\u00e1n necesariamente a corto plazo.<\/p>\n\n\n\n<h2 class=\"wp-block-heading\">El debate por los egresos<\/h2>\n\n\n\n<p><strong>La problem\u00e1tica sobre la cantidad de egresados ha empeorado.&nbsp;<\/strong>Si bien son cada vez m\u00e1s los estudiantes en las universidades p\u00fablicas del pa\u00eds (entre otras cosas por cambios en el ingreso y porque se han creado nuevas casas), el porcentaje de salida en relaci\u00f3n con esa cantidad de alumnos&nbsp;<strong>va hacia abajo<\/strong>&nbsp;en lugar de mantenerse o de mejorar. Mientras todas las cantidades suben, el n\u00famero de \u00abgorritas que vuelan hacia arriba<strong>\u00bb tambi\u00e9n lo hace, pero en una proporci\u00f3n que, comparada con a\u00f1os anteriores, da negativo.<\/strong><\/p>\n\n\n\n<p>Seg\u00fan un informe de la\u00a0<strong>Secretar\u00eda de Pol\u00edticas Universitarias, en 2021 las facultades argentinas llegaron a tener 2.5 millones de personas intentando recibirse.\u00a0<\/strong>N\u00famero que, por la progresi\u00f3n que ven\u00eda teniendo el sistema, seguramente haya aumentado en los a\u00f1os que siguieron a la muestra. En el decenio 2012-2021,<strong>\u00a0se increment\u00f3 en 700 mil la cantidad de estudiantes.<\/strong><\/p>\n\n\n\n<p>Ah\u00ed es donde aparece el n\u00famero negativo:&nbsp;<strong>la cantidad de diplomados oscila entre el 6% y el 6.7% del total de estudiantes&nbsp;<\/strong>a lo largo de ese plazo (debe tenerse en cuenta que el n\u00famero parece&nbsp;<strong>excesivamente bajo, pero es porque el total toma a todos los estudiantes<\/strong>; incluyendo de primero y segundo a\u00f1o, cuando es imposible recibirse). Sobre el final de la lista, el nivel de egresados -en relaci\u00f3n con la totalidad de los que buscan hacerlo-&nbsp;<strong>cae a 5.70%.<\/strong><\/p>\n\n\n\n<p>A diferencia de esa cantidad, que&nbsp;<strong>decrece en al menos un punto porcentual en apenas cinco a\u00f1os,&nbsp;<\/strong>el n\u00famero de alumnos creci\u00f3 30% y el de inscriptos por a\u00f1o tambi\u00e9n subi\u00f3 e incluso m\u00e1s:&nbsp;<strong>55%.&nbsp;<\/strong>Las cifras tomaron tanto a casas de estudio p\u00fablicas como privadas, pero el detalle marca que, en estas \u00faltimas, la cantidad de egresados fue menor que en el sistema estatal. Las dificultades<strong>&nbsp;para pagar las cuotas pueden ser uno de los elementos<\/strong>&nbsp;que terciaran para obtener esos resultados.<\/p>\n","protected":false},"excerpt":{"rendered":"<p>La informaci\u00f3n es de la Direcci\u00f3n de Estad\u00edsticas de la\u00a0Universidad Nacional de Cuyo. De cada\u00a010 alumnos\u00a0que ingresan, siete no\u00a0egresan\u00a0de esa casa de estudios. Es un dato m\u00e1s en la\u00a0marea de informaci\u00f3n sobre lo que pasa en las facultades nacionales\u00a0y alimenta el debate en carne viva que sumi\u00f3 al pa\u00eds esta semana que pas\u00f3. Tambi\u00e9n demuestra<a class=\"read-more\" href=\"https:\/\/elfederalmendoza.com.ar\/index.php\/2024\/04\/29\/siete-de-cada-diez-inscriptos-en-la-uncuyo-no-se-reciben\/\"> [&hellip;]<\/a><\/p>\n","protected":false},"author":2,"featured_media":21495,"comment_status":"open","ping_status":"open","sticky":false,"template":"","format":"standard","meta":{"footnotes":""},"categories":[1],"tags":[],"class_list":["post-32662","post","type-post","status-publish","format-standard","has-post-thumbnail","hentry","category-mza"],"rttpg_featured_image_url":{"full":["https:\/\/elfederalmendoza.com.ar\/wp-content\/uploads\/2023\/03\/elecciones-uncuyo-2022-prensa-uncuyo_1000_1100.jpg",1100,734,false],"landscape":["https:\/\/elfederalmendoza.com.ar\/wp-content\/uploads\/2023\/03\/elecciones-uncuyo-2022-prensa-uncuyo_1000_1100.jpg",1100,734,false],"portraits":["https:\/\/elfederalmendoza.com.ar\/wp-content\/uploads\/2023\/03\/elecciones-uncuyo-2022-prensa-uncuyo_1000_1100.jpg",1100,734,false],"thumbnail":["https:\/\/elfederalmendoza.com.ar\/wp-content\/uploads\/2023\/03\/elecciones-uncuyo-2022-prensa-uncuyo_1000_1100-150x150.jpg",150,150,true],"medium":["https:\/\/elfederalmendoza.com.ar\/wp-content\/uploads\/2023\/03\/elecciones-uncuyo-2022-prensa-uncuyo_1000_1100-300x200.jpg",300,200,true],"large":["https:\/\/elfederalmendoza.com.ar\/wp-content\/uploads\/2023\/03\/elecciones-uncuyo-2022-prensa-uncuyo_1000_1100-1024x683.jpg",640,427,true],"1536x1536":["https:\/\/elfederalmendoza.com.ar\/wp-content\/uploads\/2023\/03\/elecciones-uncuyo-2022-prensa-uncuyo_1000_1100.jpg",1100,734,false],"2048x2048":["https:\/\/elfederalmendoza.com.ar\/wp-content\/uploads\/2023\/03\/elecciones-uncuyo-2022-prensa-uncuyo_1000_1100.jpg",1100,734,false],"ultp_layout_landscape_large":["https:\/\/elfederalmendoza.com.ar\/wp-content\/uploads\/2023\/03\/elecciones-uncuyo-2022-prensa-uncuyo_1000_1100.jpg",1100,734,false],"ultp_layout_landscape":["https:\/\/elfederalmendoza.com.ar\/wp-content\/uploads\/2023\/03\/elecciones-uncuyo-2022-prensa-uncuyo_1000_1100-870x570.jpg",870,570,true],"ultp_layout_portrait":["https:\/\/elfederalmendoza.com.ar\/wp-content\/uploads\/2023\/03\/elecciones-uncuyo-2022-prensa-uncuyo_1000_1100-600x734.jpg",600,734,true],"ultp_layout_square":["https:\/\/elfederalmendoza.com.ar\/wp-content\/uploads\/2023\/03\/elecciones-uncuyo-2022-prensa-uncuyo_1000_1100-600x600.jpg",600,600,true],"rpwe-thumbnail":["https:\/\/elfederalmendoza.com.ar\/wp-content\/uploads\/2023\/03\/elecciones-uncuyo-2022-prensa-uncuyo_1000_1100-45x45.jpg",45,45,true],"advps-thumb-one":["https:\/\/elfederalmendoza.com.ar\/wp-content\/uploads\/2023\/03\/elecciones-uncuyo-2022-prensa-uncuyo_1000_1100-1100x420.jpg",1100,420,true]},"rttpg_author":{"display_name":"Redacci\u00f3n El Federal","author_link":"https:\/\/elfederalmendoza.com.ar\/index.php\/author\/angelflores\/"},"rttpg_comment":0,"rttpg_category":"<a href=\"https:\/\/elfederalmendoza.com.ar\/index.php\/category\/mza\/\" rel=\"category tag\">Mendoza<\/a>","rttpg_excerpt":"La informaci\u00f3n es de la Direcci\u00f3n de Estad\u00edsticas de la\u00a0Universidad Nacional de Cuyo. De cada\u00a010 alumnos\u00a0que ingresan, siete no\u00a0egresan\u00a0de esa casa de estudios. Es un dato m\u00e1s en la\u00a0marea de informaci\u00f3n sobre lo que pasa en las facultades nacionales\u00a0y alimenta el debate en carne viva que sumi\u00f3 al pa\u00eds esta semana que pas\u00f3. Tambi\u00e9n demuestra&hellip;","_links":{"self":[{"href":"https:\/\/elfederalmendoza.com.ar\/index.php\/wp-json\/wp\/v2\/posts\/32662","targetHints":{"allow":["GET"]}}],"collection":[{"href":"https:\/\/elfederalmendoza.com.ar\/index.php\/wp-json\/wp\/v2\/posts"}],"about":[{"href":"https:\/\/elfederalmendoza.com.ar\/index.php\/wp-json\/wp\/v2\/types\/post"}],"author":[{"embeddable":true,"href":"https:\/\/elfederalmendoza.com.ar\/index.php\/wp-json\/wp\/v2\/users\/2"}],"replies":[{"embeddable":true,"href":"https:\/\/elfederalmendoza.com.ar\/index.php\/wp-json\/wp\/v2\/comments?post=32662"}],"version-history":[{"count":1,"href":"https:\/\/elfederalmendoza.com.ar\/index.php\/wp-json\/wp\/v2\/posts\/32662\/revisions"}],"predecessor-version":[{"id":32669,"href":"https:\/\/elfederalmendoza.com.ar\/index.php\/wp-json\/wp\/v2\/posts\/32662\/revisions\/32669"}],"wp:featuredmedia":[{"embeddable":true,"href":"https:\/\/elfederalmendoza.com.ar\/index.php\/wp-json\/wp\/v2\/media\/21495"}],"wp:attachment":[{"href":"https:\/\/elfederalmendoza.com.ar\/index.php\/wp-json\/wp\/v2\/media?parent=32662"}],"wp:term":[{"taxonomy":"category","embeddable":true,"href":"https:\/\/elfederalmendoza.com.ar\/index.php\/wp-json\/wp\/v2\/categories?post=32662"},{"taxonomy":"post_tag","embeddable":true,"href":"https:\/\/elfederalmendoza.com.ar\/index.php\/wp-json\/wp\/v2\/tags?post=32662"}],"curies":[{"name":"wp","href":"https:\/\/api.w.org\/{rel}","templated":true}]}}