{"id":32679,"date":"2024-05-02T12:05:37","date_gmt":"2024-05-02T15:05:37","guid":{"rendered":"https:\/\/elfederalmendoza.com\/?p=32679"},"modified":"2024-05-02T12:09:24","modified_gmt":"2024-05-02T15:09:24","slug":"el-gobierno-avanza-con-un-plan-para-recuperar-terrenos-cedidos-a-mapuches-por-la-gestion-kirchnerista","status":"publish","type":"post","link":"https:\/\/elfederalmendoza.com.ar\/index.php\/2024\/05\/02\/el-gobierno-avanza-con-un-plan-para-recuperar-terrenos-cedidos-a-mapuches-por-la-gestion-kirchnerista\/","title":{"rendered":"El Gobierno avanza con un plan para recuperar terrenos cedidos a mapuches por la gesti\u00f3n kirchnerista"},"content":{"rendered":"\n<p><strong>El Gobierno avanza con un plan para recuperar los terrenos que la gesti\u00f3n anterior le entreg\u00f3 a comunidades mapuches.\u00a0<\/strong><\/p>\n\n\n\n<p><strong>La semana pasada se descart\u00f3 un acuerdo por el que el Estado Nacional se comprometi\u00f3 a entregar m\u00e1s tierras a agrupaciones de pueblos originarios, al reconocimiento de sitios sagrados, la construcci\u00f3n de viviendas y a frenar los procesos de desalojo, seg\u00fan fuentes oficiales.<\/strong><\/p>\n\n\n\n<p>El acuerdo de la gesti\u00f3n kirchnerista hab\u00eda sido firmado por el extitular de Parques Nacionales, Federico Granato, el secretario de Derechos Humanos, Horacio Pietragalla y por el titular del Instituto de Asuntos Ind\u00edgenas, Alejandro Fabi\u00e1n Marmoni, entre otros.<\/p>\n\n\n\n<p>Este jueves se re\u00fane el directorio de la Administraci\u00f3n de Parques Nacionales para rescindir un contrato de comodato firmado a finales de 2021 entre esa dependencia y la Fundaci\u00f3n Arc\u00e1ngel San Miguel por Justicia, Igualdad y Sororidad que le otorg\u00f3 a esa instituci\u00f3n el uso de dos hect\u00e1reas que pertenec\u00edan a la Universidad del Sur, en el Parque Nacional Nahuel Huapi, Bariloche.&nbsp;<br>El comodato se firm\u00f3 por 10 a\u00f1os, pero la gesti\u00f3n de Javier Milei resolver\u00e1 disolverlo ahora y pedir la devoluci\u00f3n de las tierras.&nbsp;<br>El flamante titular del \u00e1rea, Cristian Larsen, viajar\u00e1 a Rio Negro por este motivo.<br>Mientras tanto, el \u00e1rea de Parques Nacionales se present\u00f3 en causas de desalojo como querellantes, un cambio de postura respecto de la gesti\u00f3n anterior.&nbsp;<br>A su vez, se est\u00e1n realizando auditor\u00edas sobre el estado de los predios y hoy elevaron 75% el valor de las entradas sobre nueve de los 39 parques que cobran el ingreso.<br><strong>El predio en cuesti\u00f3n en Bariloche es un terreno de dos hect\u00e1reas dentro del circuito del Cerro Tronador.&nbsp;<\/strong><br>La fundaci\u00f3n fue representada, en el contrato de cesi\u00f3n, por Franco Garc\u00eda Dellavalle un \u201cmilitante popular\u201d del Movimiento Popular la Dignidad y abogado cooperativista, cercano a Juan Grabois, seg\u00fan el mismo se identifica en redes sociales. Adem\u00e1s, fue designado director Nacional de Inclusi\u00f3n Financiera en el Ministerio de Econom\u00eda en 2023, dos a\u00f1os despu\u00e9s de firmado el contrato de comodato.<br>A fines del a\u00f1o pasado, y a d\u00edas de dejar el Gobierno y de posiblemente disolverse el \u00e1rea, el Instituto de Asuntos Ind\u00edgenas (INAI) reconoci\u00f3 decenas de comunidades de pueblos originarios en distintas partes del pa\u00eds. De las 118 resoluciones publicadas este a\u00f1o, 81 fueron hechas despu\u00e9s de las elecciones de balotaje, que confirmaron a Javier Milei como presidente electo y, por lo tanto, la eliminaci\u00f3n de este instituto, seg\u00fan lo dicho por el libertario. Las decisiones fueron publicadas en el Bolet\u00edn Oficial los d\u00edas 30 de noviembre y cuatro de diciembre.<\/p>\n\n\n\n<p>A lo largo de la gesti\u00f3n del Frente de Todos, se hicieron 221 reconocimientos de comunidades ind\u00edgenas. M\u00e1s de la mitad fueron realizadas en el \u00faltimo a\u00f1o de gesti\u00f3n (118) y m\u00e1s de un tercio en los \u00faltimos 16 d\u00edas (81).<\/p>\n\n\n\n<p>De acuerdo con la normativa, a partir de estas resoluciones se concluye un proceso que otorga a las comunidades un dictamen jur\u00eddico o informe legal que conglomera los antecedentes legales de la comunidad, su informaci\u00f3n catastral, sus inmuebles y dominio sobre la tierra que se relev\u00f3.&nbsp;<br>A su vez, el Gobierno ofrece estrategias administrativas o judiciales para dar curso a sus reclamos sobre el territorio. La carpeta t\u00e9cnica que se entrega es una \u201cherramienta que, con una futura ley de propiedad comunitaria, posibilitar\u00eda encaminar la regularizaci\u00f3n de las tierras\u201d, seg\u00fan se describe en la informaci\u00f3n del INAI.&nbsp;<br>Adem\u00e1s, se les entregan datos sobre la situaci\u00f3n en la que vive la comunidad, cartograf\u00edas y un informe hist\u00f3rico antropol\u00f3gico.<\/p>\n","protected":false},"excerpt":{"rendered":"<p>El Gobierno avanza con un plan para recuperar los terrenos que la gesti\u00f3n anterior le entreg\u00f3 a comunidades mapuches.\u00a0 La semana pasada se descart\u00f3 un acuerdo por el que el Estado Nacional se comprometi\u00f3 a entregar m\u00e1s tierras a agrupaciones de pueblos originarios, al reconocimiento de sitios sagrados, la construcci\u00f3n de viviendas y a frenar<a class=\"read-more\" href=\"https:\/\/elfederalmendoza.com.ar\/index.php\/2024\/05\/02\/el-gobierno-avanza-con-un-plan-para-recuperar-terrenos-cedidos-a-mapuches-por-la-gestion-kirchnerista\/\"> [&hellip;]<\/a><\/p>\n","protected":false},"author":2,"featured_media":32681,"comment_status":"open","ping_status":"open","sticky":false,"template":"","format":"standard","meta":{"footnotes":""},"categories":[1],"tags":[],"class_list":["post-32679","post","type-post","status-publish","format-standard","has-post-thumbnail","hentry","category-mza"],"rttpg_featured_image_url":{"full":["https:\/\/elfederalmendoza.com.ar\/wp-content\/uploads\/2024\/05\/Andrea-Greco-mapuches.webp",760,446,false],"landscape":["https:\/\/elfederalmendoza.com.ar\/wp-content\/uploads\/2024\/05\/Andrea-Greco-mapuches.webp",760,446,false],"portraits":["https:\/\/elfederalmendoza.com.ar\/wp-content\/uploads\/2024\/05\/Andrea-Greco-mapuches.webp",760,446,false],"thumbnail":["https:\/\/elfederalmendoza.com.ar\/wp-content\/uploads\/2024\/05\/Andrea-Greco-mapuches-150x150.webp",150,150,true],"medium":["https:\/\/elfederalmendoza.com.ar\/wp-content\/uploads\/2024\/05\/Andrea-Greco-mapuches-300x176.webp",300,176,true],"large":["https:\/\/elfederalmendoza.com.ar\/wp-content\/uploads\/2024\/05\/Andrea-Greco-mapuches.webp",640,376,false],"1536x1536":["https:\/\/elfederalmendoza.com.ar\/wp-content\/uploads\/2024\/05\/Andrea-Greco-mapuches.webp",760,446,false],"2048x2048":["https:\/\/elfederalmendoza.com.ar\/wp-content\/uploads\/2024\/05\/Andrea-Greco-mapuches.webp",760,446,false],"ultp_layout_landscape_large":["https:\/\/elfederalmendoza.com.ar\/wp-content\/uploads\/2024\/05\/Andrea-Greco-mapuches.webp",760,446,false],"ultp_layout_landscape":["https:\/\/elfederalmendoza.com.ar\/wp-content\/uploads\/2024\/05\/Andrea-Greco-mapuches.webp",760,446,false],"ultp_layout_portrait":["https:\/\/elfederalmendoza.com.ar\/wp-content\/uploads\/2024\/05\/Andrea-Greco-mapuches-600x446.webp",600,446,true],"ultp_layout_square":["https:\/\/elfederalmendoza.com.ar\/wp-content\/uploads\/2024\/05\/Andrea-Greco-mapuches-600x446.webp",600,446,true],"rpwe-thumbnail":["https:\/\/elfederalmendoza.com.ar\/wp-content\/uploads\/2024\/05\/Andrea-Greco-mapuches-45x45.webp",45,45,true],"advps-thumb-one":["https:\/\/elfederalmendoza.com.ar\/wp-content\/uploads\/2024\/05\/Andrea-Greco-mapuches-760x420.webp",760,420,true]},"rttpg_author":{"display_name":"Redacci\u00f3n El Federal","author_link":"https:\/\/elfederalmendoza.com.ar\/index.php\/author\/angelflores\/"},"rttpg_comment":0,"rttpg_category":"<a href=\"https:\/\/elfederalmendoza.com.ar\/index.php\/category\/mza\/\" rel=\"category tag\">Mendoza<\/a>","rttpg_excerpt":"El Gobierno avanza con un plan para recuperar los terrenos que la gesti\u00f3n anterior le entreg\u00f3 a comunidades mapuches.\u00a0 La semana pasada se descart\u00f3 un acuerdo por el que el Estado Nacional se comprometi\u00f3 a entregar m\u00e1s tierras a agrupaciones de pueblos originarios, al reconocimiento de sitios sagrados, la construcci\u00f3n de viviendas y a frenar&hellip;","_links":{"self":[{"href":"https:\/\/elfederalmendoza.com.ar\/index.php\/wp-json\/wp\/v2\/posts\/32679","targetHints":{"allow":["GET"]}}],"collection":[{"href":"https:\/\/elfederalmendoza.com.ar\/index.php\/wp-json\/wp\/v2\/posts"}],"about":[{"href":"https:\/\/elfederalmendoza.com.ar\/index.php\/wp-json\/wp\/v2\/types\/post"}],"author":[{"embeddable":true,"href":"https:\/\/elfederalmendoza.com.ar\/index.php\/wp-json\/wp\/v2\/users\/2"}],"replies":[{"embeddable":true,"href":"https:\/\/elfederalmendoza.com.ar\/index.php\/wp-json\/wp\/v2\/comments?post=32679"}],"version-history":[{"count":2,"href":"https:\/\/elfederalmendoza.com.ar\/index.php\/wp-json\/wp\/v2\/posts\/32679\/revisions"}],"predecessor-version":[{"id":32685,"href":"https:\/\/elfederalmendoza.com.ar\/index.php\/wp-json\/wp\/v2\/posts\/32679\/revisions\/32685"}],"wp:featuredmedia":[{"embeddable":true,"href":"https:\/\/elfederalmendoza.com.ar\/index.php\/wp-json\/wp\/v2\/media\/32681"}],"wp:attachment":[{"href":"https:\/\/elfederalmendoza.com.ar\/index.php\/wp-json\/wp\/v2\/media?parent=32679"}],"wp:term":[{"taxonomy":"category","embeddable":true,"href":"https:\/\/elfederalmendoza.com.ar\/index.php\/wp-json\/wp\/v2\/categories?post=32679"},{"taxonomy":"post_tag","embeddable":true,"href":"https:\/\/elfederalmendoza.com.ar\/index.php\/wp-json\/wp\/v2\/tags?post=32679"}],"curies":[{"name":"wp","href":"https:\/\/api.w.org\/{rel}","templated":true}]}}