{"id":32703,"date":"2024-05-06T12:22:50","date_gmt":"2024-05-06T15:22:50","guid":{"rendered":"https:\/\/elfederalmendoza.com\/?p=32703"},"modified":"2024-05-06T12:22:52","modified_gmt":"2024-05-06T15:22:52","slug":"en-los-ultimos-12-meses-nacieron-en-mendoza-120-bebes-con-cocaina-en-sangre","status":"publish","type":"post","link":"https:\/\/elfederalmendoza.com.ar\/index.php\/2024\/05\/06\/en-los-ultimos-12-meses-nacieron-en-mendoza-120-bebes-con-cocaina-en-sangre\/","title":{"rendered":"En los \u00faltimos 12 meses nacieron en Mendoza 120 beb\u00e9s con coca\u00edna en sangre"},"content":{"rendered":"\n<p>Los datos corresponden a los reci\u00e9n nacidos con test positivo de coca\u00edna de abril del 2023 a abril del 2024. Duplica los casos del 2022.<\/p>\n\n\n\n<p>Esta semana el caso de un ni\u00f1o de cuatro a\u00f1os que fue internado por excitaci\u00f3n motriz volvi\u00f3 a dejar en evidencia&nbsp;<strong>el drama de la ni\u00f1ez y de los beb\u00e9s reci\u00e9n nacidos cuyas madres consumen&nbsp;<a href=\"https:\/\/www.diariouno.com.ar\/policiales\/un-nene-5-anos-quedo-internado-maipu-porque-dio-positivo-el-test-cocaina-n1314799\" target=\"_blank\" rel=\"noreferrer noopener\">coca\u00edna<\/a><\/strong>&nbsp;y traspasan la droga en la gestaci\u00f3n o en la lactancia.<\/p>\n\n\n\n<p>Seg\u00fan datos del Ministerio de Educaci\u00f3n, Cultura e Infancias&nbsp;<strong>entre abril del 2023 y el mismo mes de este a\u00f1o, 120 infantes dieron positivo por coca\u00edna<\/strong>&nbsp;en la<strong>&nbsp;pesquisa temprana&nbsp;<\/strong>que se realiza luego del&nbsp;<strong>alumbramiento en todos los hospitales p\u00fablicos y privados de Mendoza.<\/strong><\/p>\n\n\n\n<p>Al compararlo con el a\u00f1o anterior, refleja que hay un crecimiento del consumo de drogas en el embarazo y tambi\u00e9n durante la lactancia. En 2022 se registraron 60 peque\u00f1os t\u00f3xicos positivos en coca\u00edna.<\/p>\n\n\n\n<p>El abordaje de los beb\u00e9s y&nbsp;<strong>ni\u00f1os t\u00f3xicos positivos&nbsp;<\/strong>se hace en conjunto entre&nbsp;<strong>Subsecretar\u00eda de Infancias, Adolescencias y Juventudes y el Ministerio de Salud y Deportes&nbsp;<\/strong>y se analiza el caso concreto para establecer si la&nbsp;<strong>madre es capaz de hacerse cargo de la crianza del ni\u00f1o,<\/strong>&nbsp;o bien alguno de los padres o si hay que&nbsp;<strong>buscar en la red familiar otra figura<\/strong>.<\/p>\n\n\n\n<p>La&nbsp;<strong>subsecretaria de Infancias, Adolescencias y Juventudes, Ver\u00f3nica \u00c1lvarez Ocampo<\/strong>&nbsp;advirti\u00f3 a UNO que no en todos los casos se separa a la madre del beb\u00e9, sino s\u00f3lo en los que no puede cuidar a su hijo por su problem\u00e1tica de consumo y durante el per\u00edodo 2023-2024 en un solo caso hubo una medida de excepci\u00f3n, que es cuando a trav\u00e9s de un juez de Familia se retira al menor de ese \u00e1mbito.<\/p>\n\n\n\n<figure class=\"wp-block-image\"><img decoding=\"async\" src=\"https:\/\/media.diariouno.com.ar\/p\/90afe29338f603bc22f73c2f75f193bd\/adjuntos\/298\/imagenes\/009\/145\/0009145170\/1200x0\/smart\/nottijpg.jpg\" alt=\"Hospital Notti.\" title=\"Hospital Notti.\"\/><\/figure>\n\n\n\n<p>Hospital Notti.<\/p>\n\n\n\n<p>\u00abEs un&nbsp;<strong>problema que se da con mayor frecuencia, vemos los n\u00fameros en aumento<\/strong>&nbsp;y es un problema que debe involucrar a todos los sectores de la sociedad. Desde los profesionales de la salud, la escuela, la familia. La estrategia de Mendoza de la pesquisa temprana en el nacimiento nos permite tener este control, pero en el seguimiento del embarazo tambi\u00e9n podr\u00edamos evitar esta situaci\u00f3n de tanta gravedad para el desarrollo del ni\u00f1o\u00bb, analiz\u00f3 \u00c1lvarez Ocampo.<\/p>\n\n\n\n<h2 class=\"wp-block-heading\"><strong>Embarazadas adictas a la coca\u00edna se tratan en los 9 centros asistenciales de Mendoza<\/strong><\/h2>\n\n\n\n<p>A trav\u00e9s de la Direcci\u00f3n de Maternidad del Ministerio de Salud de Mendoza se lleva la estad\u00edstica de las personas gestantes con consumos de sustancias y se hace el seguimiento interdisciplinario con la coordinaci\u00f3n del Plan Provincial de Adicciones, dependiente de la Direcci\u00f3n de Salud Mental. Luego de una evaluaci\u00f3n se aconseja el<strong>&nbsp;tratamiento ambulatorio y si es necesario la internaci\u00f3n.<\/strong><\/p>\n\n\n\n<p>\u00abEstamos advirtiendo un&nbsp;<strong>aumento en el consumo de sustancias,<\/strong>&nbsp;principalmente de la&nbsp;<strong>coca\u00edna<\/strong>. Hace unos a\u00f1os era m\u00e1s frecuente verlo en sectores sociales de mayor poder adquisitivo. Hay una&nbsp;<strong>masividad&nbsp;<\/strong>en el uso de esta sustancia y lo estamos viendo en edades cada vez m\u00e1s tempranas\u00bb, explic\u00f3 la&nbsp;<strong>coordinadora del Plan Provincial de Adicciones Marta Hintuchi.<\/strong><\/p>\n\n\n\n<figure class=\"wp-block-image\"><img decoding=\"async\" src=\"https:\/\/media.diariouno.com.ar\/p\/bf45847d3ecffa73f9717666d23af1b3\/adjuntos\/298\/imagenes\/008\/735\/0008735885\/1200x0\/smart\/la-vacunacion-contra-el-covid-esta-disponible-embarazadas.png\" alt=\"El consumo de drogas en embarazadas es monitoreado por el Ministerio de Salud. Hay casos en los que la paciente no lo informa y cuando nace el beb&eacute; tiene coca&iacute;na en la sangre.\" title=\"El consumo de drogas en embarazadas es monitoreado por el Ministerio de Salud. Hay casos en los que la paciente no lo informa y cuando nace el beb&eacute; tiene coca&iacute;na en la sangre.\"\/><\/figure>\n\n\n\n<p>El consumo de drogas en embarazadas es monitoreado por el Ministerio de Salud. Hay casos en los que la paciente no lo informa y cuando nace el beb\u00e9 tiene coca\u00edna en la sangre.<\/p>\n\n\n\n<p>La profesional analiz\u00f3 que los detonantes son la crisis econ\u00f3mica y tambi\u00e9n la situaci\u00f3n de aislamiento que se dio en la pandemia.<\/p>\n\n\n\n<p>\u00ab<strong>La demanda en estos 9 centros de asistencia en adicciones tambi\u00e9n va en aumento<\/strong>&nbsp;y nos pone en la necesidad de&nbsp;<strong>ampliar&nbsp;<\/strong>la cobertura del Estado porque el tratamiento es muy costoso y las personas que no tienen cobertura m\u00e9dica no lo pueden afrontar\u00bb, reconoci\u00f3 Hintuchi.<\/p>\n\n\n\n<p>En el caso de las embarazadas, de acuerdo al grado de compulsi\u00f3n al consumo de coca\u00edna se resuelve la internaci\u00f3n o que contin\u00fae con el tratamiento ambulatorio.<\/p>\n\n\n\n<h2 class=\"wp-block-heading\">Signos de alerta al consumo de drogas y centros de asistencia en Mendoza<\/h2>\n\n\n\n<p>Tanto \u00c1lvarez Ocampo de la Subsecretar\u00eda de Infancias, Adolescencias y Juventudes, como Hintuchi coincidieron en que todos los&nbsp;<strong>efectores p\u00fablicos y privados deben estar alertas a estas situaciones<\/strong>&nbsp;y evitar que el consumo de estupefacientes o de alcohol se contin\u00fae en el embarazo.<\/p>\n\n\n\n<p>\u00abEn la consulta m\u00e9dica, en la an\u00e1litica, en la familia, en el centro de salud se puede llegar antes. Debemos empezar a estar m\u00e1s atentos para evitar los da\u00f1os que produce el consumo al desarrollo del beb\u00e9 y a esa mam\u00e1 que muchas veces no quiere decir que consume sustancias\u00bb, reclam\u00f3 Ocampo.<\/p>\n\n\n\n<p>A lo que Hintuchi sum\u00f3: \u00abContamos con los con los dispositivos y los centros de ayuda para acompa\u00f1ar a estas personas que tienen un consumo problem\u00e1tico.<strong>&nbsp;Tenemos a disposici\u00f3n la L\u00ednea 148 opci\u00f3n 0<\/strong>, que funciona de 8 a 20 con asistencia telef\u00f3nica y es totalmente an\u00f3nimo para realizar las derivaciones que hagan falta\u00bb.<\/p>\n\n\n\n<p>\u00abMuchas veces las personas gestantes est\u00e1n atravesadas por mandatos sociales por la responsabilidad que implica traer una vida al mundo, pero s<strong>u relaci\u00f3n con las drogas&nbsp;<\/strong>muestra otro costado de esta personalidad que muchos&nbsp;<strong>no pueden controlar<\/strong>&nbsp;y se sienten muy culpables\u00bb, sostuvo la especialista marcando un punto crucial para su contenci\u00f3n y asistencia.<\/p>\n\n\n\n<h2 class=\"wp-block-heading\"><strong>Cada vez hay m\u00e1s consultas por ni\u00f1os con coca\u00edna en sangre<\/strong><\/h2>\n\n\n\n<p>El jefe del Departamento de Toxicolog\u00eda de Mendoza,<strong>&nbsp;Sergio Saracco<\/strong>&nbsp;alert\u00f3 sobre los riesgos de los consumo de coca\u00edna durante la gestaci\u00f3n o la lactancia y las consecuencias para el desarrollo del ni\u00f1o.<\/p>\n\n\n\n<p>\u00abEsta es una realidad que la venimos viendo que es progresiva y se va traduciendo en lo cotidiano. Los efectores nos consultan o a veces nos requieren de la Justicia\u00bb, indic\u00f3 Saracco .<\/p>\n\n\n\n<p>Y cuestion\u00f3: \u00ab<strong>No hay informaci\u00f3n adecuada y prevenci\u00f3n&nbsp;<\/strong>de hacer entender a aquellos que est\u00e1n expuestos a una sustancia legal o ilegal, alcohol o coca\u00edna o marihuana, que esas sustancias tienen propiedades que hacen que se&nbsp;<strong>distribuya en todo el organismo.<\/strong>&nbsp;En el caso de mediar un embarazo&nbsp;<strong>esta distribuci\u00f3n pasa al feto&nbsp;<\/strong>que est\u00e1 en desarrollo o<strong>&nbsp;se secreta en la leche materna\u00bb.<\/strong><\/p>\n\n\n\n<p>El especialista a cargo del&nbsp;<strong>Centro de Informaci\u00f3n Toxicol\u00f3gica&nbsp;<\/strong>describi\u00f3 que las sustancia psicoactivas son hidro y liposolubles que es lo que favorece la absorci\u00f3n, \u00aby la leche materna es un veh\u00edculo favorable para que se absorba en el aparato digestivo del ni\u00f1o que est\u00e1 lactando\u00bb.<\/p>\n\n\n\n<p>\u00abEl impacto en el organismo de un ni\u00f1o es mucho mayor que en el del adulto, en donde el peso es menor\u00bb, recalc\u00f3.<\/p>\n\n\n\n<p>Uno de los aparatos en los que se genera mayor da\u00f1o por la presencia de droga es el neurol\u00f3gico porque est\u00e1 en plena formaci\u00f3n.<\/p>\n\n\n\n<p>Saracco subray\u00f3 que,\u00bb<strong>en los consensos internacionales no hay duda de que en el embarazo, alcohol ni una gota, ni consumo de ning\u00fan tipo de drogas<\/strong>&nbsp;y por eso se incluy\u00f3 en las etiquetas de vino que est\u00e1 prohibido el consumo en embarazadas porque&nbsp;<strong>da\u00f1a el sistema nervioso central del beb\u00e9<\/strong>. Por encima de los 18 a\u00f1os, concluy\u00f3 el desarrollo madurativo del cerebro y all\u00ed tenemos otros impactos\u00bb.<\/p>\n","protected":false},"excerpt":{"rendered":"<p>Los datos corresponden a los reci\u00e9n nacidos con test positivo de coca\u00edna de abril del 2023 a abril del 2024. Duplica los casos del 2022. Esta semana el caso de un ni\u00f1o de cuatro a\u00f1os que fue internado por excitaci\u00f3n motriz volvi\u00f3 a dejar en evidencia&nbsp;el drama de la ni\u00f1ez y de los beb\u00e9s reci\u00e9n<a class=\"read-more\" href=\"https:\/\/elfederalmendoza.com.ar\/index.php\/2024\/05\/06\/en-los-ultimos-12-meses-nacieron-en-mendoza-120-bebes-con-cocaina-en-sangre\/\"> [&hellip;]<\/a><\/p>\n","protected":false},"author":2,"featured_media":32705,"comment_status":"open","ping_status":"open","sticky":false,"template":"","format":"standard","meta":{"footnotes":""},"categories":[1],"tags":[],"class_list":["post-32703","post","type-post","status-publish","format-standard","has-post-thumbnail","hentry","category-mza"],"rttpg_featured_image_url":{"full":["https:\/\/elfederalmendoza.com.ar\/wp-content\/uploads\/2024\/05\/bebe-cocaina.jpg",1200,675,false],"landscape":["https:\/\/elfederalmendoza.com.ar\/wp-content\/uploads\/2024\/05\/bebe-cocaina.jpg",1200,675,false],"portraits":["https:\/\/elfederalmendoza.com.ar\/wp-content\/uploads\/2024\/05\/bebe-cocaina.jpg",1200,675,false],"thumbnail":["https:\/\/elfederalmendoza.com.ar\/wp-content\/uploads\/2024\/05\/bebe-cocaina-150x150.jpg",150,150,true],"medium":["https:\/\/elfederalmendoza.com.ar\/wp-content\/uploads\/2024\/05\/bebe-cocaina-300x169.jpg",300,169,true],"large":["https:\/\/elfederalmendoza.com.ar\/wp-content\/uploads\/2024\/05\/bebe-cocaina-1024x576.jpg",640,360,true],"1536x1536":["https:\/\/elfederalmendoza.com.ar\/wp-content\/uploads\/2024\/05\/bebe-cocaina.jpg",1200,675,false],"2048x2048":["https:\/\/elfederalmendoza.com.ar\/wp-content\/uploads\/2024\/05\/bebe-cocaina.jpg",1200,675,false],"ultp_layout_landscape_large":["https:\/\/elfederalmendoza.com.ar\/wp-content\/uploads\/2024\/05\/bebe-cocaina.jpg",1200,675,false],"ultp_layout_landscape":["https:\/\/elfederalmendoza.com.ar\/wp-content\/uploads\/2024\/05\/bebe-cocaina-870x570.jpg",870,570,true],"ultp_layout_portrait":["https:\/\/elfederalmendoza.com.ar\/wp-content\/uploads\/2024\/05\/bebe-cocaina-600x675.jpg",600,675,true],"ultp_layout_square":["https:\/\/elfederalmendoza.com.ar\/wp-content\/uploads\/2024\/05\/bebe-cocaina-600x600.jpg",600,600,true],"rpwe-thumbnail":["https:\/\/elfederalmendoza.com.ar\/wp-content\/uploads\/2024\/05\/bebe-cocaina-45x45.jpg",45,45,true],"advps-thumb-one":["https:\/\/elfederalmendoza.com.ar\/wp-content\/uploads\/2024\/05\/bebe-cocaina-1200x420.jpg",1200,420,true]},"rttpg_author":{"display_name":"Redacci\u00f3n El Federal","author_link":"https:\/\/elfederalmendoza.com.ar\/index.php\/author\/angelflores\/"},"rttpg_comment":0,"rttpg_category":"<a href=\"https:\/\/elfederalmendoza.com.ar\/index.php\/category\/mza\/\" rel=\"category tag\">Mendoza<\/a>","rttpg_excerpt":"Los datos corresponden a los reci\u00e9n nacidos con test positivo de coca\u00edna de abril del 2023 a abril del 2024. Duplica los casos del 2022. Esta semana el caso de un ni\u00f1o de cuatro a\u00f1os que fue internado por excitaci\u00f3n motriz volvi\u00f3 a dejar en evidencia&nbsp;el drama de la ni\u00f1ez y de los beb\u00e9s reci\u00e9n&hellip;","_links":{"self":[{"href":"https:\/\/elfederalmendoza.com.ar\/index.php\/wp-json\/wp\/v2\/posts\/32703","targetHints":{"allow":["GET"]}}],"collection":[{"href":"https:\/\/elfederalmendoza.com.ar\/index.php\/wp-json\/wp\/v2\/posts"}],"about":[{"href":"https:\/\/elfederalmendoza.com.ar\/index.php\/wp-json\/wp\/v2\/types\/post"}],"author":[{"embeddable":true,"href":"https:\/\/elfederalmendoza.com.ar\/index.php\/wp-json\/wp\/v2\/users\/2"}],"replies":[{"embeddable":true,"href":"https:\/\/elfederalmendoza.com.ar\/index.php\/wp-json\/wp\/v2\/comments?post=32703"}],"version-history":[{"count":1,"href":"https:\/\/elfederalmendoza.com.ar\/index.php\/wp-json\/wp\/v2\/posts\/32703\/revisions"}],"predecessor-version":[{"id":32706,"href":"https:\/\/elfederalmendoza.com.ar\/index.php\/wp-json\/wp\/v2\/posts\/32703\/revisions\/32706"}],"wp:featuredmedia":[{"embeddable":true,"href":"https:\/\/elfederalmendoza.com.ar\/index.php\/wp-json\/wp\/v2\/media\/32705"}],"wp:attachment":[{"href":"https:\/\/elfederalmendoza.com.ar\/index.php\/wp-json\/wp\/v2\/media?parent=32703"}],"wp:term":[{"taxonomy":"category","embeddable":true,"href":"https:\/\/elfederalmendoza.com.ar\/index.php\/wp-json\/wp\/v2\/categories?post=32703"},{"taxonomy":"post_tag","embeddable":true,"href":"https:\/\/elfederalmendoza.com.ar\/index.php\/wp-json\/wp\/v2\/tags?post=32703"}],"curies":[{"name":"wp","href":"https:\/\/api.w.org\/{rel}","templated":true}]}}