{"id":32708,"date":"2024-05-06T14:55:46","date_gmt":"2024-05-06T17:55:46","guid":{"rendered":"https:\/\/elfederalmendoza.com\/?p=32708"},"modified":"2024-05-06T14:56:13","modified_gmt":"2024-05-06T17:56:13","slug":"condenaron-a-una-pareja-por-maltratar-a-su-hija-de-5-anos-en-godoy-cruz-la-mordian-y-la-quemaban","status":"publish","type":"post","link":"https:\/\/elfederalmendoza.com.ar\/index.php\/2024\/05\/06\/condenaron-a-una-pareja-por-maltratar-a-su-hija-de-5-anos-en-godoy-cruz-la-mordian-y-la-quemaban\/","title":{"rendered":"Condenaron a una pareja por maltratar a su hija de 5 a\u00f1os en Godoy Cruz: la mord\u00edan y la quemaban"},"content":{"rendered":"\n<p>Un caso de\u00a0<strong>maltrato infantil<\/strong>\u00a0ocurrido en\u00a0<strong>Godoy Cruz<\/strong>\u00a0termin\u00f3 resuelto por la Justicia en los \u00faltimos d\u00edas. Una joven pareja admiti\u00f3 haber lesionado a<strong>\u00a0una ni\u00f1a de tan s\u00f3lo 5 a\u00f1os<\/strong>\u00a0y fue condenada, aunque ambos agresores\u00a0<strong>quedaron en libertad<\/strong>.<\/p>\n\n\n\n<p>La investigaci\u00f3n se inici\u00f3 en los primeros d\u00edas del a\u00f1o pasado, cuando la peque\u00f1a ingres\u00f3 al<strong>&nbsp;Hospital Paroissien de Maip\u00fa con heridas en distintas partes del cuerpo.&nbsp;<\/strong>Los m\u00e9dicos detectaron claros indicios de&nbsp;<strong>maltrato infantil<\/strong>&nbsp;e informaron sobre la situaci\u00f3n a las autoridades.<\/p>\n\n\n\n<p>Se le dio intervenci\u00f3n al\u00a0<strong>Equipo T\u00e9cnico Interdisciplinario (ETI)<\/strong>, organismo estatal que se encarga de tomar medidas tutelares sobre menores de edad. Fue este ente quien decidi\u00f3 darle intervenci\u00f3n a la\u00a0<strong>Justicia penal<\/strong>\u00a0tras una denuncia que deriv\u00f3 en una\u00a0<strong>condena\u00a0<\/strong>el viernes pasado.<\/p>\n\n\n\n<p>En la investigaci\u00f3n se constat\u00f3 que\u00a0<strong>la menor ten\u00eda lesiones de golpes, mordeduras y tambi\u00e9n quemaduras en su cuerpo. Adem\u00e1s, vecinos del barrio Eva Per\u00f3n, donde viv\u00eda la v\u00edctima, indicaron que ya hab\u00edan llamado y notificado en distintas ocasiones que la escuchaban gritar cuando recib\u00eda las golpizas.<\/strong><\/p>\n\n\n\n<p>En el expediente fueron imputados los dos adultos que viv\u00edan con la ni\u00f1a: su madre&nbsp;<strong>Diana Macarena Pandur (25) y la pareja Ivo Maciel Rosas (24).<\/strong>&nbsp;Ambos fueron acusados por&nbsp;<strong>lesiones leves, en el caso de la mujer agravadas por el v\u00ednculo.<\/strong>&nbsp;Como se trata de delitos excarcelables,&nbsp;<strong>quedaron en libertad.<\/strong><\/p>\n\n\n\n<p>El viernes pasado se realiz\u00f3 una audiencia, ya que la defensa de los agresores,\u00a0<strong>Graciela Cola<\/strong>, y el fiscal de la causa,<strong>\u00a0Lautaro Monticone<\/strong>, acordaron resolver todo en un\u00a0<strong>juicio abreviado<\/strong>. La pareja se sent\u00f3 delante de\u00a0<strong>juez Diego Flamant<\/strong>, admiti\u00f3 haber cometido el delito y<strong>\u00a0as\u00ed los acusados fueron condenados a 2 a\u00f1os y 1 a\u00f1o de prisi\u00f3n en suspenso<\/strong>, respectivamente, seg\u00fan detallaron fuentes judiciales.<\/p>\n\n\n\n<p><em>Fuente: Diario Uno<\/em><\/p>\n","protected":false},"excerpt":{"rendered":"<p>Un caso de\u00a0maltrato infantil\u00a0ocurrido en\u00a0Godoy Cruz\u00a0termin\u00f3 resuelto por la Justicia en los \u00faltimos d\u00edas. Una joven pareja admiti\u00f3 haber lesionado a\u00a0una ni\u00f1a de tan s\u00f3lo 5 a\u00f1os\u00a0y fue condenada, aunque ambos agresores\u00a0quedaron en libertad. La investigaci\u00f3n se inici\u00f3 en los primeros d\u00edas del a\u00f1o pasado, cuando la peque\u00f1a ingres\u00f3 al&nbsp;Hospital Paroissien de Maip\u00fa con heridas<a class=\"read-more\" href=\"https:\/\/elfederalmendoza.com.ar\/index.php\/2024\/05\/06\/condenaron-a-una-pareja-por-maltratar-a-su-hija-de-5-anos-en-godoy-cruz-la-mordian-y-la-quemaban\/\"> [&hellip;]<\/a><\/p>\n","protected":false},"author":2,"featured_media":32711,"comment_status":"open","ping_status":"open","sticky":false,"template":"","format":"standard","meta":{"footnotes":""},"categories":[1],"tags":[],"class_list":["post-32708","post","type-post","status-publish","format-standard","has-post-thumbnail","hentry","category-mza"],"rttpg_featured_image_url":{"full":["https:\/\/elfederalmendoza.com.ar\/wp-content\/uploads\/2024\/05\/ivo-rosas-y-macarena-pandurjpg.webp",1200,675,false],"landscape":["https:\/\/elfederalmendoza.com.ar\/wp-content\/uploads\/2024\/05\/ivo-rosas-y-macarena-pandurjpg.webp",1200,675,false],"portraits":["https:\/\/elfederalmendoza.com.ar\/wp-content\/uploads\/2024\/05\/ivo-rosas-y-macarena-pandurjpg.webp",1200,675,false],"thumbnail":["https:\/\/elfederalmendoza.com.ar\/wp-content\/uploads\/2024\/05\/ivo-rosas-y-macarena-pandurjpg-150x150.webp",150,150,true],"medium":["https:\/\/elfederalmendoza.com.ar\/wp-content\/uploads\/2024\/05\/ivo-rosas-y-macarena-pandurjpg-300x169.webp",300,169,true],"large":["https:\/\/elfederalmendoza.com.ar\/wp-content\/uploads\/2024\/05\/ivo-rosas-y-macarena-pandurjpg-1024x576.webp",640,360,true],"1536x1536":["https:\/\/elfederalmendoza.com.ar\/wp-content\/uploads\/2024\/05\/ivo-rosas-y-macarena-pandurjpg.webp",1200,675,false],"2048x2048":["https:\/\/elfederalmendoza.com.ar\/wp-content\/uploads\/2024\/05\/ivo-rosas-y-macarena-pandurjpg.webp",1200,675,false],"ultp_layout_landscape_large":["https:\/\/elfederalmendoza.com.ar\/wp-content\/uploads\/2024\/05\/ivo-rosas-y-macarena-pandurjpg.webp",1200,675,false],"ultp_layout_landscape":["https:\/\/elfederalmendoza.com.ar\/wp-content\/uploads\/2024\/05\/ivo-rosas-y-macarena-pandurjpg-870x570.webp",870,570,true],"ultp_layout_portrait":["https:\/\/elfederalmendoza.com.ar\/wp-content\/uploads\/2024\/05\/ivo-rosas-y-macarena-pandurjpg-600x675.webp",600,675,true],"ultp_layout_square":["https:\/\/elfederalmendoza.com.ar\/wp-content\/uploads\/2024\/05\/ivo-rosas-y-macarena-pandurjpg-600x600.webp",600,600,true],"rpwe-thumbnail":["https:\/\/elfederalmendoza.com.ar\/wp-content\/uploads\/2024\/05\/ivo-rosas-y-macarena-pandurjpg-45x45.webp",45,45,true],"advps-thumb-one":["https:\/\/elfederalmendoza.com.ar\/wp-content\/uploads\/2024\/05\/ivo-rosas-y-macarena-pandurjpg-1200x420.webp",1200,420,true]},"rttpg_author":{"display_name":"Redacci\u00f3n El Federal","author_link":"https:\/\/elfederalmendoza.com.ar\/index.php\/author\/angelflores\/"},"rttpg_comment":0,"rttpg_category":"<a href=\"https:\/\/elfederalmendoza.com.ar\/index.php\/category\/mza\/\" rel=\"category tag\">Mendoza<\/a>","rttpg_excerpt":"Un caso de\u00a0maltrato infantil\u00a0ocurrido en\u00a0Godoy Cruz\u00a0termin\u00f3 resuelto por la Justicia en los \u00faltimos d\u00edas. Una joven pareja admiti\u00f3 haber lesionado a\u00a0una ni\u00f1a de tan s\u00f3lo 5 a\u00f1os\u00a0y fue condenada, aunque ambos agresores\u00a0quedaron en libertad. La investigaci\u00f3n se inici\u00f3 en los primeros d\u00edas del a\u00f1o pasado, cuando la peque\u00f1a ingres\u00f3 al&nbsp;Hospital Paroissien de Maip\u00fa con heridas&hellip;","_links":{"self":[{"href":"https:\/\/elfederalmendoza.com.ar\/index.php\/wp-json\/wp\/v2\/posts\/32708","targetHints":{"allow":["GET"]}}],"collection":[{"href":"https:\/\/elfederalmendoza.com.ar\/index.php\/wp-json\/wp\/v2\/posts"}],"about":[{"href":"https:\/\/elfederalmendoza.com.ar\/index.php\/wp-json\/wp\/v2\/types\/post"}],"author":[{"embeddable":true,"href":"https:\/\/elfederalmendoza.com.ar\/index.php\/wp-json\/wp\/v2\/users\/2"}],"replies":[{"embeddable":true,"href":"https:\/\/elfederalmendoza.com.ar\/index.php\/wp-json\/wp\/v2\/comments?post=32708"}],"version-history":[{"count":2,"href":"https:\/\/elfederalmendoza.com.ar\/index.php\/wp-json\/wp\/v2\/posts\/32708\/revisions"}],"predecessor-version":[{"id":32714,"href":"https:\/\/elfederalmendoza.com.ar\/index.php\/wp-json\/wp\/v2\/posts\/32708\/revisions\/32714"}],"wp:featuredmedia":[{"embeddable":true,"href":"https:\/\/elfederalmendoza.com.ar\/index.php\/wp-json\/wp\/v2\/media\/32711"}],"wp:attachment":[{"href":"https:\/\/elfederalmendoza.com.ar\/index.php\/wp-json\/wp\/v2\/media?parent=32708"}],"wp:term":[{"taxonomy":"category","embeddable":true,"href":"https:\/\/elfederalmendoza.com.ar\/index.php\/wp-json\/wp\/v2\/categories?post=32708"},{"taxonomy":"post_tag","embeddable":true,"href":"https:\/\/elfederalmendoza.com.ar\/index.php\/wp-json\/wp\/v2\/tags?post=32708"}],"curies":[{"name":"wp","href":"https:\/\/api.w.org\/{rel}","templated":true}]}}