{"id":32721,"date":"2024-05-07T09:39:51","date_gmt":"2024-05-07T12:39:51","guid":{"rendered":"https:\/\/elfederalmendoza.com\/?p=32721"},"modified":"2024-05-07T09:39:52","modified_gmt":"2024-05-07T12:39:52","slug":"janina-ortiz-y-osvaldo-oyhenart-deberan-devolver-60-millones-a-las-heras","status":"publish","type":"post","link":"https:\/\/elfederalmendoza.com.ar\/index.php\/2024\/05\/07\/janina-ortiz-y-osvaldo-oyhenart-deberan-devolver-60-millones-a-las-heras\/","title":{"rendered":"Janina Ortiz y Osvaldo Oyhenart deber\u00e1n devolver $60 millones a Las Heras"},"content":{"rendered":"\n<p>As\u00ed lo dispuso el Tribunal de Cuentas con el aval de todos sus integrantes, por las irregularidades en la contrataci\u00f3n de la \u00abcooperativa fantasma\u00bb. Tambi\u00e9n multaron al exintendente Daniel Orozco y otros exfuncionarios.<\/p>\n\n\n\n<p>En paralelo a la causa judicial por la \u00ab<strong>cooperativa fantasma<\/strong>\u00ab, la exsecretaria de Gobierno de Las Heras y diputada suspendida de La Uni\u00f3n Mendocina,<strong>\u00a0Janina Ortiz,<\/strong> junto con el ex subsecretario de Pol\u00edticas Sociales de la comuna,\u00a0<strong>Osvaldo Oyhenart<\/strong>, fueron sancionados por el Tribunal de Cuentas y entre ambos\u00a0<strong>deber\u00e1n pagar al municipio alrededor de $60 millones<\/strong>\u00a0en concepto de \u00abcargo solidario\u00bb, figura que se aplica para que los acusados reparen el da\u00f1o producido a un organismo: en este caso, la Municipalidad de Las Heras.<\/p>\n\n\n\n<p>As\u00ed lo dispuso el\u00a0<strong>Tribunal de Cuentas<\/strong>\u00a0de Mendoza de manera\u00a0<strong>un\u00e1nime<\/strong>, ya que los cinco integrantes se manifestaron a favor de la sanci\u00f3n: el presidente,<strong> N\u00e9stor Par\u00e9s, y los vocales Liliana de L\u00e1zzaro, H\u00e9ctor Caputto, Ricardo Pettignano y Francisco Angelini.<\/strong><\/p>\n\n\n\n<p>El cargo total que deber\u00e1n pagar de manera \u00absolidaria\u00bb (entre ambos) Ortiz y Oyhenart es de<strong>&nbsp;$61.163.422<\/strong>,&nbsp;producto de las irregularidades detectadas por el Tribunal de Cuentas en la contrataci\u00f3n de la cooperativa \u00abManos a la Obra\u00bb, m\u00e1s conocida como \u00ab<strong>cooperativa fantasma<\/strong>\u00ab, por&nbsp;<strong>prestaci\u00f3n de servicios no acreditados<\/strong>&nbsp;durante&nbsp;<strong>2022<\/strong>&nbsp;(no se tiene en cuenta a\u00fan las contrataciones de 2023).<\/p>\n\n\n\n<p>Entre otras&nbsp;<strong>falencias<\/strong>, el auditor detect\u00f3&nbsp;<strong>planillas<\/strong>&nbsp;sin firmas y algunas adulteradas; la inclusi\u00f3n de personas que no estaban asociadas a la cooperativa; y no se especific\u00f3 d\u00edas, horarios trabajados, ni se precis\u00f3 la tarea realizada. Adem\u00e1s, llamaron la atenci\u00f3n dos cosas: que&nbsp;<strong>todas las planillas eran pr\u00e1cticamente iguales<\/strong>&nbsp;en relaci\u00f3n a las horas y jornales trabajados, y que aparezcan&nbsp;<strong>tareas realizadas los fines de semana<\/strong>. Sobre esto \u00faltimo, por m\u00e1s que no estaba previsto en el pliego, se autoriz\u00f3 a \u00abpagar doble\u00bb los s\u00e1bados, domingos y feriados, lo que a posteriori agilizar\u00eda el cumplimiento del contrato.&nbsp;<strong>Los \u00fanicos que certificaron esto<\/strong>, con sus firmas y sellos al pie o al dorso de las planillas,&nbsp;<strong>fueron justamente Ortiz y Oyhenart.<\/strong><\/p>\n\n\n\n<p>En el fallo, el Tribunal de Cuentas establece sobre&nbsp;<strong>Oyhenart<\/strong>&nbsp;que \u00abes el funcionarios que ha firmado la factura y la planilla de detalle de servicios, como as\u00ed tambi\u00e9n emite informe certificando la prestaci\u00f3n del servicio de conformidad\u00bb. Y sobre&nbsp;<strong>Ortiz<\/strong>&nbsp;indica: \u00abEs la funcionaria que ha firmado la factura y la planilla de detalle de servicios (&#8230;) Adem\u00e1s, es quien autoriza la nota de pedido y luego suscribe como miembro, el Informe de la Comisi\u00f3n de Pre-Adjudicaci\u00f3n\u00bb.<\/p>\n\n\n\n<p>El Tribunal de Cuentas tambi\u00e9n tuvo en cuenta declaraciones de testigos en la causa judicial que lleva adelante el fiscal Juan Ticheli, y destac\u00f3 que \u00ab<strong>las personas que integran la cooperativa manifiestan no haber realizado trabajos para la misma<\/strong>&nbsp;(\u00abnunca funcion\u00f3\u00bb), ni haber recibido pagos de la cooperativa. Tambi\u00e9n, las personas que figuran como encargados para controlar la prestaci\u00f3n de servicios en las planillas y que son empleados municipales, desconocen las mismas, y niegan haberlas intervenido con su firma. Por lo expuesto,&nbsp;<strong>la documentaci\u00f3n<\/strong>&nbsp;adjunta a los expedientes como respaldo de la&nbsp;<strong>prestaci\u00f3n del servicio no es aut\u00e9ntica, leg\u00edtima ni suficiente<\/strong>\u00ab.&nbsp;&nbsp;<\/p>\n\n\n\n<p>En este punto, se calcula un defalco con intereses punitorios por los&nbsp;<strong>$59.231.279&nbsp;<\/strong>mencionados. Y para superar los $60 millones, hay que sumar otro cargo solidario por&nbsp;<strong>$1.932.142<\/strong>&nbsp;por \u00ab<strong>evidente sobreprecio pagado en contrataci\u00f3n directa<\/strong>\u00ab. Sobre esto \u00faltimo,&nbsp;<strong>en junio de 2022 se pag\u00f3 $1.900 la hora<\/strong>, cuando en meses anteriores y posteriores se pag\u00f3 al mismo proveedor&nbsp;<strong>$342 la hora<\/strong>.&nbsp;<\/p>\n\n\n\n<h2 class=\"wp-block-heading\"><strong>Multas a Orozco y otros exfuncionarios<\/strong><\/h2>\n\n\n\n<p>En primer lugar, adem\u00e1s del cargo solidario por m\u00e1s de $60 millones, el Tribunal de Cuentas tambi\u00e9n aplic\u00f3 multas contra Ortiz y Oyhenart, por $1.500.000 y $1.600.000, respectivamente. Por su parte, el exintendente de Las Heras\u00a0Daniel Orozco\u00a0fue multado con\u00a0<strong>$700.000<\/strong>\u00a0por \u00abfirmar los decretos aprobando los pliegos y adjudicando la licitaci\u00f3n<strong> sin que la misma cumpla con los requisitos del pliego <\/strong>que \u00e9l mismo aprob\u00f3\u00bb.\u00a0<\/p>\n\n\n\n<figure class=\"wp-block-image is-resized\"><img decoding=\"async\" src=\"https:\/\/www.mendozapost.com\/files\/image\/527\/527605\/654e416e01848_570_376!.jpg?s=33af63765bf4cd793be007b21475008a&amp;d=1715034855\" alt=\"\" style=\"width:840px;height:auto\"\/><figcaption class=\"wp-element-caption\">Orozco y su secretario de Hacienda, Carlos Nofal, quien tambi\u00e9n fue multado.<\/figcaption><\/figure>\n\n\n\n<p>Adem\u00e1s, el Tribunal cuestion\u00f3 a&nbsp;<strong>Orozco<\/strong>&nbsp;por no haber firmado las \u00f3rdenes de pago a la cooperativa fantasma. En este sentido, consider\u00f3: \u00ab<strong>La ausencia de firmas en todas las \u00f3rdenes de pago<\/strong>&nbsp;emitidas a favor de la Cooperativa Manos a la Obra por parte del Intendente Municipal, quien firm\u00f3 las normas de adjudicaci\u00f3n de los dos procesos licitatorios y durante todo el ejercicio no firm\u00f3 las \u00f3rdenes de pago, no puede atribuirse a cuestiones operativas, sino a<strong>&nbsp;evadir la responsabilidad en los pagos\u00bb.<\/strong><\/p>\n\n\n\n<p>Por \u00faltimo, los cinco integrantes del Tribunal de Cuentas coincidieron en aplicar multas contra&nbsp;<strong>Carlos Nofal<\/strong>, exsecretario de Hacienda ($750.000);&nbsp;<strong>Leandro Tassi<\/strong>, exdirector de Contadur\u00eda ($570.000);&nbsp;<strong>Diego Javier Tol\u00edn<\/strong>, ex subdirector de Contadur\u00eda ($80.000); y&nbsp;<strong>Patricia D\u00edaz<\/strong>, exdirectora de Tesorer\u00eda ($480.000).<\/p>\n\n\n\n<p>Ante estos casos, sobre todo la formulaci\u00f3n de un \u00abcargo solidario\u00bb tan elevado, los sancionados suelen presentar una Acci\u00f3n Procesal Administrativa (APA) ante la Suprema Corte y, si esto ocurre, depender\u00e1 del m\u00e1ximo tribunal el cobro final de ese dinero.<\/p>\n","protected":false},"excerpt":{"rendered":"<p>As\u00ed lo dispuso el Tribunal de Cuentas con el aval de todos sus integrantes, por las irregularidades en la contrataci\u00f3n de la \u00abcooperativa fantasma\u00bb. Tambi\u00e9n multaron al exintendente Daniel Orozco y otros exfuncionarios. En paralelo a la causa judicial por la \u00abcooperativa fantasma\u00ab, la exsecretaria de Gobierno de Las Heras y diputada suspendida de La<a class=\"read-more\" href=\"https:\/\/elfederalmendoza.com.ar\/index.php\/2024\/05\/07\/janina-ortiz-y-osvaldo-oyhenart-deberan-devolver-60-millones-a-las-heras\/\"> [&hellip;]<\/a><\/p>\n","protected":false},"author":2,"featured_media":32723,"comment_status":"open","ping_status":"open","sticky":false,"template":"","format":"standard","meta":{"footnotes":""},"categories":[1],"tags":[],"class_list":["post-32721","post","type-post","status-publish","format-standard","has-post-thumbnail","hentry","category-mza"],"rttpg_featured_image_url":{"full":["https:\/\/elfederalmendoza.com.ar\/wp-content\/uploads\/2024\/05\/JANINA.jpg",1224,891,false],"landscape":["https:\/\/elfederalmendoza.com.ar\/wp-content\/uploads\/2024\/05\/JANINA.jpg",1224,891,false],"portraits":["https:\/\/elfederalmendoza.com.ar\/wp-content\/uploads\/2024\/05\/JANINA.jpg",1224,891,false],"thumbnail":["https:\/\/elfederalmendoza.com.ar\/wp-content\/uploads\/2024\/05\/JANINA-150x150.jpg",150,150,true],"medium":["https:\/\/elfederalmendoza.com.ar\/wp-content\/uploads\/2024\/05\/JANINA-300x218.jpg",300,218,true],"large":["https:\/\/elfederalmendoza.com.ar\/wp-content\/uploads\/2024\/05\/JANINA-1024x745.jpg",640,466,true],"1536x1536":["https:\/\/elfederalmendoza.com.ar\/wp-content\/uploads\/2024\/05\/JANINA.jpg",1224,891,false],"2048x2048":["https:\/\/elfederalmendoza.com.ar\/wp-content\/uploads\/2024\/05\/JANINA.jpg",1224,891,false],"ultp_layout_landscape_large":["https:\/\/elfederalmendoza.com.ar\/wp-content\/uploads\/2024\/05\/JANINA-1200x800.jpg",1200,800,true],"ultp_layout_landscape":["https:\/\/elfederalmendoza.com.ar\/wp-content\/uploads\/2024\/05\/JANINA-870x570.jpg",870,570,true],"ultp_layout_portrait":["https:\/\/elfederalmendoza.com.ar\/wp-content\/uploads\/2024\/05\/JANINA-600x891.jpg",600,891,true],"ultp_layout_square":["https:\/\/elfederalmendoza.com.ar\/wp-content\/uploads\/2024\/05\/JANINA-600x600.jpg",600,600,true],"rpwe-thumbnail":["https:\/\/elfederalmendoza.com.ar\/wp-content\/uploads\/2024\/05\/JANINA-45x45.jpg",45,45,true],"advps-thumb-one":["https:\/\/elfederalmendoza.com.ar\/wp-content\/uploads\/2024\/05\/JANINA-1200x420.jpg",1200,420,true]},"rttpg_author":{"display_name":"Redacci\u00f3n El Federal","author_link":"https:\/\/elfederalmendoza.com.ar\/index.php\/author\/angelflores\/"},"rttpg_comment":0,"rttpg_category":"<a href=\"https:\/\/elfederalmendoza.com.ar\/index.php\/category\/mza\/\" rel=\"category tag\">Mendoza<\/a>","rttpg_excerpt":"As\u00ed lo dispuso el Tribunal de Cuentas con el aval de todos sus integrantes, por las irregularidades en la contrataci\u00f3n de la \u00abcooperativa fantasma\u00bb. Tambi\u00e9n multaron al exintendente Daniel Orozco y otros exfuncionarios. En paralelo a la causa judicial por la \u00abcooperativa fantasma\u00ab, la exsecretaria de Gobierno de Las Heras y diputada suspendida de La&hellip;","_links":{"self":[{"href":"https:\/\/elfederalmendoza.com.ar\/index.php\/wp-json\/wp\/v2\/posts\/32721","targetHints":{"allow":["GET"]}}],"collection":[{"href":"https:\/\/elfederalmendoza.com.ar\/index.php\/wp-json\/wp\/v2\/posts"}],"about":[{"href":"https:\/\/elfederalmendoza.com.ar\/index.php\/wp-json\/wp\/v2\/types\/post"}],"author":[{"embeddable":true,"href":"https:\/\/elfederalmendoza.com.ar\/index.php\/wp-json\/wp\/v2\/users\/2"}],"replies":[{"embeddable":true,"href":"https:\/\/elfederalmendoza.com.ar\/index.php\/wp-json\/wp\/v2\/comments?post=32721"}],"version-history":[{"count":1,"href":"https:\/\/elfederalmendoza.com.ar\/index.php\/wp-json\/wp\/v2\/posts\/32721\/revisions"}],"predecessor-version":[{"id":32724,"href":"https:\/\/elfederalmendoza.com.ar\/index.php\/wp-json\/wp\/v2\/posts\/32721\/revisions\/32724"}],"wp:featuredmedia":[{"embeddable":true,"href":"https:\/\/elfederalmendoza.com.ar\/index.php\/wp-json\/wp\/v2\/media\/32723"}],"wp:attachment":[{"href":"https:\/\/elfederalmendoza.com.ar\/index.php\/wp-json\/wp\/v2\/media?parent=32721"}],"wp:term":[{"taxonomy":"category","embeddable":true,"href":"https:\/\/elfederalmendoza.com.ar\/index.php\/wp-json\/wp\/v2\/categories?post=32721"},{"taxonomy":"post_tag","embeddable":true,"href":"https:\/\/elfederalmendoza.com.ar\/index.php\/wp-json\/wp\/v2\/tags?post=32721"}],"curies":[{"name":"wp","href":"https:\/\/api.w.org\/{rel}","templated":true}]}}