{"id":32726,"date":"2024-05-07T09:58:45","date_gmt":"2024-05-07T12:58:45","guid":{"rendered":"https:\/\/elfederalmendoza.com\/?p=32726"},"modified":"2024-05-07T10:15:30","modified_gmt":"2024-05-07T13:15:30","slug":"milei-profundiza-su-vinculo-personal-con-musk-que-define-un-plan-de-inversiones-en-la-argentina","status":"publish","type":"post","link":"https:\/\/elfederalmendoza.com.ar\/index.php\/2024\/05\/07\/milei-profundiza-su-vinculo-personal-con-musk-que-define-un-plan-de-inversiones-en-la-argentina\/","title":{"rendered":"Milei profundiza su v\u00ednculo personal con Musk, que define un plan de inversiones en la Argentina"},"content":{"rendered":"\n<p>El Presidente y el poderoso empresario se reunieron en la convenci\u00f3n global del Instituto Milken, en Los \u00c1ngeles, <strong>y avanzaron en una hoja de ruta de inversiones que puede generar flujos de dinero hacia las comunicaciones y la miner\u00eda en Argentina.<\/strong><\/p>\n\n\n\n<p><strong>Javier Milei<\/strong>&nbsp;<strong>profundiz\u00f3 su v\u00ednculo personal<\/strong>&nbsp;con&nbsp;<strong>Elon Musk&nbsp;<\/strong>durante su encuentro en Los \u00c1ngeles, antes de regresar a Buenos Aires. El presidente y el empresario avanzan en una hoja de ruta que implicar\u00e1&nbsp;<strong>un flujo de inversiones<\/strong>&nbsp;hacia las comunicaciones y la miner\u00eda, dos \u00e1reas de negocios que la Casa Rosada pretende abrir a la competencia de mercado.<\/p>\n\n\n\n<p><a href=\"https:\/\/www.infobae.com\/politica\/2024\/05\/07\/elon-musk-tras-el-encuentro-con-milei-recomiendo-invertir-en-argentina\/\" target=\"_blank\" rel=\"noreferrer noopener\"><\/a><\/p>\n\n\n\n<figure class=\"wp-block-image\"><a href=\"https:\/\/www.infobae.com\/politica\/2024\/05\/07\/elon-musk-tras-el-encuentro-con-milei-recomiendo-invertir-en-argentina\/\" target=\"_blank\" rel=\"noreferrer noopener\"><img decoding=\"async\" src=\"https:\/\/www.infobae.com\/new-resizer\/ZdcyPmEivR6IbV35DQ_V2M9mGVs=\/1200x675\/filters:format(webp):quality(85)\/cloudfront-us-east-1.images.arcpublishing.com\/infobae\/LANL3Q7EQBAGRPMHTBVPM44FJ4.jpeg\" alt=\"Elon Musk, tras el encuentro con Milei: \u201cRecomiendo invertir en Argentina\u201d\"\/><\/a><\/figure>\n\n\n\n<p><strong>\u201cFabulosa\u201d,<\/strong>&nbsp;contest\u00f3 Milei -en may\u00fasculas- cuando le preguntaron v\u00eda chat c\u00f3mo hab\u00eda sido la reuni\u00f3n con Musk.<\/p>\n\n\n\n<p>El Presidente estaba en vuelo hacia Buenos Aires -aterrizar\u00e1 cerca de las 12-, cuando Musk tambi\u00e9n reflej\u00f3 su balance del segundo c\u00f3nclave compartido con el jefe de Estado.&nbsp;<strong>Musk utiliz\u00f3 la red social X<\/strong>&nbsp;(antes Twitter), que le pertenece.<a href=\"https:\/\/www.infobae.com\/politica\/2024\/05\/07\/negociaciones-voto-a-voto-en-el-senado-por-la-ley-bases-reuniones-a-contrarreloj-y-el-escenario-que-vislumbra-el-gobierno\/\" target=\"_blank\" rel=\"noreferrer noopener\"><\/a><\/p>\n\n\n\n<p><strong>\u201cRecomiendo invertir en Argentina\u201d,<\/strong>&nbsp;poste\u00f3 desde su cuenta personal.<\/p>\n\n\n\n<p><img loading=\"lazy\" decoding=\"async\" height=\"572\" width=\"534\" srcset=\"https:\/\/www.infobae.com\/new-resizer\/NsuDNoGxsHsQe31hmgdUmtWmg8I=\/420x420\/filters:format(webp):quality(85)\/cloudfront-us-east-1.images.arcpublishing.com\/infobae\/5VNGVG4BHNAMDK5PDMFTOT4WLQ.png 420w,https:\/\/www.infobae.com\/new-resizer\/A3_YQKcgWDwav1mA-dzvGXr_kQI=\/768x768\/filters:format(webp):quality(85)\/cloudfront-us-east-1.images.arcpublishing.com\/infobae\/5VNGVG4BHNAMDK5PDMFTOT4WLQ.png 768w,https:\/\/www.infobae.com\/new-resizer\/U_FKFGYU0YNNX737KMtVzjDHmkA=\/992x992\/filters:format(webp):quality(85)\/cloudfront-us-east-1.images.arcpublishing.com\/infobae\/5VNGVG4BHNAMDK5PDMFTOT4WLQ.png 992w,https:\/\/www.infobae.com\/new-resizer\/1XI5jo2gwJyxSdjwxeB4n-xn5Hg=\/1200x1200\/filters:format(webp):quality(85)\/cloudfront-us-east-1.images.arcpublishing.com\/infobae\/5VNGVG4BHNAMDK5PDMFTOT4WLQ.png 1200w,https:\/\/www.infobae.com\/new-resizer\/i2I6hN7Opxwp4xZMaasMBOeLJ2g=\/1440x1440\/filters:format(webp):quality(85)\/cloudfront-us-east-1.images.arcpublishing.com\/infobae\/5VNGVG4BHNAMDK5PDMFTOT4WLQ.png 1440w\" class=\"\" src=\"https:\/\/www.infobae.com\/new-resizer\/NsuDNoGxsHsQe31hmgdUmtWmg8I=\/420x420\/filters:format(webp):quality(85)\/cloudfront-us-east-1.images.arcpublishing.com\/infobae\/5VNGVG4BHNAMDK5PDMFTOT4WLQ.png%20420w\" alt=\"Post de Musk tras la reuni\u00f3n que protagoniz\u00f3 con Milei en Los \u00c1ngeles\"><\/p>\n\n\n\n<p>Post de Musk tras la reuni\u00f3n que protagoniz\u00f3 con Milei en Los \u00c1ngeles<\/p>\n\n\n\n<p>Y cuando Milei hizo cuarenta minutos de escala en Lima<strong>,<\/strong>&nbsp;parada obligada para abastecer de combustible al ARG 01, conoci\u00f3 el mensaje de Musk y&nbsp;<strong>reposte\u00f3<\/strong>.<\/p>\n\n\n\n<p><a href=\"https:\/\/www.infobae.com\/politica\/2024\/05\/07\/ley-bases-que-pasa-si-el-senado-hace-modificaciones-al-proyecto-y-como-afectaria-al-pacto-de-mayo\/\" target=\"_blank\" rel=\"noreferrer noopener\"><\/a><\/p>\n\n\n\n<p><img loading=\"lazy\" decoding=\"async\" alt=\"Repost de Milei del tuit de Musk recomendando invertir en la Argentina\" height=\"1837\" width=\"1920\" class=\"\" src=\"https:\/\/www.infobae.com\/new-resizer\/y_cgulI_brmM40PmuJwOWaf7xHE=\/420x420\/filters:format(webp):quality(85)\/cloudfront-us-east-1.images.arcpublishing.com\/infobae\/YNMNOMPUBRCZHDKURXNZF2J7Y4.jpeg%20420w\" srcset=\"https:\/\/www.infobae.com\/new-resizer\/y_cgulI_brmM40PmuJwOWaf7xHE=\/420x420\/filters:format(webp):quality(85)\/cloudfront-us-east-1.images.arcpublishing.com\/infobae\/YNMNOMPUBRCZHDKURXNZF2J7Y4.jpeg 420w,https:\/\/www.infobae.com\/new-resizer\/3M1CCx74s42fhzXc3lROu-_shiw=\/768x768\/filters:format(webp):quality(85)\/cloudfront-us-east-1.images.arcpublishing.com\/infobae\/YNMNOMPUBRCZHDKURXNZF2J7Y4.jpeg 768w,https:\/\/www.infobae.com\/new-resizer\/-qYRerzuOY8okljAmQz1CCylHow=\/992x992\/filters:format(webp):quality(85)\/cloudfront-us-east-1.images.arcpublishing.com\/infobae\/YNMNOMPUBRCZHDKURXNZF2J7Y4.jpeg 992w,https:\/\/www.infobae.com\/new-resizer\/pKhS9_Y6QgryezZz588H007qpaI=\/1200x1200\/filters:format(webp):quality(85)\/cloudfront-us-east-1.images.arcpublishing.com\/infobae\/YNMNOMPUBRCZHDKURXNZF2J7Y4.jpeg 1200w,https:\/\/www.infobae.com\/new-resizer\/6EjCoDbQQMHA6J5UMGbzNbpGh18=\/1440x1440\/filters:format(webp):quality(85)\/cloudfront-us-east-1.images.arcpublishing.com\/infobae\/YNMNOMPUBRCZHDKURXNZF2J7Y4.jpeg 1440w\">Repost de Milei del tuit de Musk recomendando invertir en la Argentina<\/p>\n\n\n\n<p>La segunda reuni\u00f3n entre Milei y Musk se extendi\u00f3 casi una hora, e incluy\u00f3 a la secretaria General de la Presidencia,&nbsp;<strong>Karina Milei<\/strong>, y al embajador en Estados Unidos,&nbsp;<strong>Gerardo Werthein<\/strong>. Adem\u00e1s de un eventual flujo de inversiones, el presidente y el empresario dialogaron sobre el impacto de la inteligencia artificial en el desarrollo de la econom\u00eda global.<\/p>\n\n\n\n<p>El presidente rescata los desaf\u00edos personales que se plantea Musk, y antes del c\u00f3nclave aprovech\u00f3 su conferencia en la convenci\u00f3n global del Instituto Milken para enviarle un mensaje directo.<\/p>\n\n\n\n<p><strong>\u201cHemos puesto hombres en la Luna y ahora miramos a Marte.<\/strong>&nbsp;Y lo hemos hecho gracias a la ambici\u00f3n, la creatividad y el optimismo de hombres como ustedes, que se asociaron entre s\u00ed en pos de la b\u00fasqueda de la propia felicidad. (&#8230;) Somos una especie de exploradores, de creadores, de inventores. No de bur\u00f3cratas. Y es el empresario-aventurero, no el bur\u00f3crata de escritorio, la clase de hombre que encarna en el presente esta cualidad atemporal del esp\u00edritu humano. Por eso,&nbsp;<strong>no quiero dejar de celebrar el esfuerzo de mi amigo Elon Musk por pisar Marte\u201d<\/strong>, dijo el presidente cuando completaba su exposici\u00f3n.<\/p>\n\n\n\n<p><strong>Musk retribuy\u00f3 el gesto de Milei<\/strong>&nbsp;durante el c\u00f3nclave en Los \u00c1ngeles.&nbsp;<strong>Hizo una defensa cerrada&nbsp;<\/strong>de la obra de&nbsp;<strong>Friedrich Hayek y Murray Rothbard,<\/strong>&nbsp;herederos de la obra de Ludwig von Mises, un autor fundamental en la concepci\u00f3n econ\u00f3mica que proyecta el presidente sobre su plan de gobierno.<\/p>\n\n\n\n<p>La hoja de ruta que conciliaron Milei y Musk&nbsp;<strong>significa un trabajo silencioso<\/strong>, que deber\u00eda desembocar en un anuncio oficial protagonizado por el presidente y el empresario durante su visita a la Argentina. Ese viaje a\u00fan no tiene fecha confirmada, y podr\u00eda ocurrir hacia fin de a\u00f1o.<\/p>\n\n\n\n<p><img loading=\"lazy\" decoding=\"async\" alt=\"Milei abraza una bandera del Estado de israel antes de su conferencia en la convenci\u00f3n global que organiz\u00f3 el Instituto Milken\" height=\"2297\" width=\"1920\" class=\"\" src=\"https:\/\/www.infobae.com\/new-resizer\/ft0maol3phuqUEaaOlTuK-5F8fE=\/420x560\/filters:format(webp):quality(85)\/cloudfront-us-east-1.images.arcpublishing.com\/infobae\/IRMGDEE4Z5A5NA7DY2MDS473E4.jpg%20420w\" srcset=\"https:\/\/www.infobae.com\/new-resizer\/ft0maol3phuqUEaaOlTuK-5F8fE=\/420x560\/filters:format(webp):quality(85)\/cloudfront-us-east-1.images.arcpublishing.com\/infobae\/IRMGDEE4Z5A5NA7DY2MDS473E4.jpg 420w,https:\/\/www.infobae.com\/new-resizer\/7QNnjS5e7JAbt6eLB_amUPWa5pE=\/768x1024\/filters:format(webp):quality(85)\/cloudfront-us-east-1.images.arcpublishing.com\/infobae\/IRMGDEE4Z5A5NA7DY2MDS473E4.jpg 768w,https:\/\/www.infobae.com\/new-resizer\/yXwMzfxJlk3mv3jaIBT_NHYA8XA=\/992x1323\/filters:format(webp):quality(85)\/cloudfront-us-east-1.images.arcpublishing.com\/infobae\/IRMGDEE4Z5A5NA7DY2MDS473E4.jpg 992w,https:\/\/www.infobae.com\/new-resizer\/tKgOBgByA85SX9kKLnHWVV5RR3E=\/1200x1600\/filters:format(webp):quality(85)\/cloudfront-us-east-1.images.arcpublishing.com\/infobae\/IRMGDEE4Z5A5NA7DY2MDS473E4.jpg 1200w\">Milei abraza una bandera del Estado de israel antes de su conferencia en la convenci\u00f3n global que organiz\u00f3 el Instituto Milken<\/p>\n\n\n\n<p>Antes del encuentro con Musk, el presidente dio su conferencia en la convenci\u00f3n global organizada por el Instituto Milken. Milei caminaba por el backstage del evento rumbo al almuerzo y&nbsp;<strong>se encontr\u00f3 con la bandera del Estado de Israel<\/strong>. Se abraz\u00f3 a la bandera israel\u00ed, pidi\u00f3 que le sacaran una foto y&nbsp;<strong>record\u00f3&nbsp;<\/strong>la crisis en Medio Oriente durante su exposici\u00f3n.<\/p>\n\n\n\n<p>\u201cComo civilizaci\u00f3n, habiendo visto de qu\u00e9 somos capaces, estamos eligiendo desconfiar de nuestra propia capacidad, negar nuestra propia virtud, nuestra propia identidad y cometer lo que es, a todas luces, un suicidio colectivo. Hoy, ya demasiado tarde en algunos lugares, vemos con horror los frutos que empiezan a dar estas ideas. Por ejemplo, esta semana aqu\u00ed mismo, en Estados Unidos, con las decenas de miles de j\u00f3venes a lo largo y a lo ancho de los campus universitarios,<strong>&nbsp;reivindicando el terrorismo isl\u00e1mico y promoviendo el antisemitismo.<\/strong>&nbsp;O sea, literalmente,&nbsp;<strong>la futura elite de Occidente enemistada con su propia cultura\u201d,&nbsp;<\/strong>sostuvo el jefe de Estado.<\/p>\n\n\n\n<p>El discurso del presidente impact\u00f3 en la audiencia de la convenci\u00f3n global. No s\u00f3lo por el contenido ideol\u00f3gico, sino tambi\u00e9n por su presentaci\u00f3n del pa\u00eds y la perspectiva que aplic\u00f3 para analizar el actual tablero internacional.<\/p>\n\n\n\n<p><em><strong>\u201c<\/strong><\/em>Estoy convencido, sin la m\u00e1s m\u00ednima duda, que&nbsp;<strong>Argentina tiene todas las condiciones para ser la nueva Meca de Occidente\u201d<\/strong>, sostuvo Milei.<\/p>\n\n\n\n<p><strong>Marcelo Mindlin<\/strong>,<strong>\u00a0presidente de Pampa Argentina<\/strong>, estaba sentado al lado de Michael Milken -organizador del evento- cuando Milei cuestion\u00f3 la actual versi\u00f3n del capitalismo y conden\u00f3 la intervenci\u00f3n estatal para enmendar lo que denomina\u00a0<em>fallas del mercado<\/em>.<\/p>\n\n\n\n<figure class=\"wp-block-image size-large\"><img loading=\"lazy\" decoding=\"async\" width=\"1024\" height=\"577\" src=\"https:\/\/elfederalmendoza.com\/wp-content\/uploads\/2024\/05\/MUSK1-1024x577.jpg\" alt=\"\" class=\"wp-image-32731\" srcset=\"https:\/\/elfederalmendoza.com.ar\/wp-content\/uploads\/2024\/05\/MUSK1-1024x577.jpg 1024w, https:\/\/elfederalmendoza.com.ar\/wp-content\/uploads\/2024\/05\/MUSK1-300x169.jpg 300w, https:\/\/elfederalmendoza.com.ar\/wp-content\/uploads\/2024\/05\/MUSK1-768x433.jpg 768w, https:\/\/elfederalmendoza.com.ar\/wp-content\/uploads\/2024\/05\/MUSK1.jpg 1200w\" sizes=\"auto, (max-width: 1024px) 100vw, 1024px\" \/><\/figure>\n\n\n\n<p>\u201c<strong>Me sorprendi\u00f3 la concurrencia que tuvo el almuerzo donde habl\u00f3 el Presidente&nbsp;<\/strong>y la manera en que fue recibido por todos los presentes, una reacci\u00f3n parecida a la de Davos\u201d, sostuvo&nbsp;<strong>Mindlin<\/strong>&nbsp;cuando le preguntaron sobre la conferencia de Milei.<\/p>\n\n\n\n<p>La opini\u00f3n de Mindlin es similar a lo que escucharon&nbsp;<strong>Nicol\u00e1s Posse&nbsp;<\/strong>y<strong>&nbsp;Luis Caputo<\/strong>&nbsp;en sus encuentros con los banqueros, inversores y CEOs, que llegaron a California para participar de la conferencia organizada por Milken. En esas reuniones, el jefe de Gabinete y el ministro de Econom\u00eda describieron el programa de ajuste y su posible perspectiva hacia adelante, ante la inflaci\u00f3n que baja y el d\u00e9ficit fiscal -por ahora- neutralizado.<\/p>\n\n\n\n<p>En todos los casos, Posse y Caputo se enfrentaron con la misma pregunta:&nbsp;<strong>\u201c\u00bfC\u00f3mo es Milei?\u201d<\/strong>&nbsp;Un interrogante que asemeja al comienzo de&nbsp;<em>La Rebeli\u00f3n de Atlas,<\/em>&nbsp;el libro inici\u00e1tico de&nbsp;<strong>Ayn Rand<\/strong>. La escritora rusa, madre del O<em>bjetivismo<\/em>, tambi\u00e9n se preguntaba:&nbsp;<strong>\u201c\u00bfQui\u00e9n es John Galt?\u201d<\/strong>.<\/p>\n","protected":false},"excerpt":{"rendered":"<p>El Presidente y el poderoso empresario se reunieron en la convenci\u00f3n global del Instituto Milken, en Los \u00c1ngeles, y avanzaron en una hoja de ruta de inversiones que puede generar flujos de dinero hacia las comunicaciones y la miner\u00eda en Argentina. Javier Milei&nbsp;profundiz\u00f3 su v\u00ednculo personal&nbsp;con&nbsp;Elon Musk&nbsp;durante su encuentro en Los \u00c1ngeles, antes de regresar<a class=\"read-more\" href=\"https:\/\/elfederalmendoza.com.ar\/index.php\/2024\/05\/07\/milei-profundiza-su-vinculo-personal-con-musk-que-define-un-plan-de-inversiones-en-la-argentina\/\"> [&hellip;]<\/a><\/p>\n","protected":false},"author":2,"featured_media":32728,"comment_status":"open","ping_status":"open","sticky":false,"template":"","format":"standard","meta":{"footnotes":""},"categories":[5618],"tags":[],"class_list":["post-32726","post","type-post","status-publish","format-standard","has-post-thumbnail","hentry","category-arg"],"rttpg_featured_image_url":{"full":["https:\/\/elfederalmendoza.com.ar\/wp-content\/uploads\/2024\/05\/MUSK.jpg",1526,1144,false],"landscape":["https:\/\/elfederalmendoza.com.ar\/wp-content\/uploads\/2024\/05\/MUSK.jpg",1526,1144,false],"portraits":["https:\/\/elfederalmendoza.com.ar\/wp-content\/uploads\/2024\/05\/MUSK.jpg",1526,1144,false],"thumbnail":["https:\/\/elfederalmendoza.com.ar\/wp-content\/uploads\/2024\/05\/MUSK-150x150.jpg",150,150,true],"medium":["https:\/\/elfederalmendoza.com.ar\/wp-content\/uploads\/2024\/05\/MUSK-300x225.jpg",300,225,true],"large":["https:\/\/elfederalmendoza.com.ar\/wp-content\/uploads\/2024\/05\/MUSK-1024x768.jpg",640,480,true],"1536x1536":["https:\/\/elfederalmendoza.com.ar\/wp-content\/uploads\/2024\/05\/MUSK.jpg",1526,1144,false],"2048x2048":["https:\/\/elfederalmendoza.com.ar\/wp-content\/uploads\/2024\/05\/MUSK.jpg",1526,1144,false],"ultp_layout_landscape_large":["https:\/\/elfederalmendoza.com.ar\/wp-content\/uploads\/2024\/05\/MUSK-1200x800.jpg",1200,800,true],"ultp_layout_landscape":["https:\/\/elfederalmendoza.com.ar\/wp-content\/uploads\/2024\/05\/MUSK-870x570.jpg",870,570,true],"ultp_layout_portrait":["https:\/\/elfederalmendoza.com.ar\/wp-content\/uploads\/2024\/05\/MUSK-600x900.jpg",600,900,true],"ultp_layout_square":["https:\/\/elfederalmendoza.com.ar\/wp-content\/uploads\/2024\/05\/MUSK-600x600.jpg",600,600,true],"rpwe-thumbnail":["https:\/\/elfederalmendoza.com.ar\/wp-content\/uploads\/2024\/05\/MUSK-45x45.jpg",45,45,true],"advps-thumb-one":["https:\/\/elfederalmendoza.com.ar\/wp-content\/uploads\/2024\/05\/MUSK-1200x420.jpg",1200,420,true]},"rttpg_author":{"display_name":"Redacci\u00f3n El Federal","author_link":"https:\/\/elfederalmendoza.com.ar\/index.php\/author\/angelflores\/"},"rttpg_comment":0,"rttpg_category":"<a href=\"https:\/\/elfederalmendoza.com.ar\/index.php\/category\/arg\/\" rel=\"category tag\">Argentina<\/a>","rttpg_excerpt":"El Presidente y el poderoso empresario se reunieron en la convenci\u00f3n global del Instituto Milken, en Los \u00c1ngeles, y avanzaron en una hoja de ruta de inversiones que puede generar flujos de dinero hacia las comunicaciones y la miner\u00eda en Argentina. Javier Milei&nbsp;profundiz\u00f3 su v\u00ednculo personal&nbsp;con&nbsp;Elon Musk&nbsp;durante su encuentro en Los \u00c1ngeles, antes de regresar&hellip;","_links":{"self":[{"href":"https:\/\/elfederalmendoza.com.ar\/index.php\/wp-json\/wp\/v2\/posts\/32726","targetHints":{"allow":["GET"]}}],"collection":[{"href":"https:\/\/elfederalmendoza.com.ar\/index.php\/wp-json\/wp\/v2\/posts"}],"about":[{"href":"https:\/\/elfederalmendoza.com.ar\/index.php\/wp-json\/wp\/v2\/types\/post"}],"author":[{"embeddable":true,"href":"https:\/\/elfederalmendoza.com.ar\/index.php\/wp-json\/wp\/v2\/users\/2"}],"replies":[{"embeddable":true,"href":"https:\/\/elfederalmendoza.com.ar\/index.php\/wp-json\/wp\/v2\/comments?post=32726"}],"version-history":[{"count":2,"href":"https:\/\/elfederalmendoza.com.ar\/index.php\/wp-json\/wp\/v2\/posts\/32726\/revisions"}],"predecessor-version":[{"id":32732,"href":"https:\/\/elfederalmendoza.com.ar\/index.php\/wp-json\/wp\/v2\/posts\/32726\/revisions\/32732"}],"wp:featuredmedia":[{"embeddable":true,"href":"https:\/\/elfederalmendoza.com.ar\/index.php\/wp-json\/wp\/v2\/media\/32728"}],"wp:attachment":[{"href":"https:\/\/elfederalmendoza.com.ar\/index.php\/wp-json\/wp\/v2\/media?parent=32726"}],"wp:term":[{"taxonomy":"category","embeddable":true,"href":"https:\/\/elfederalmendoza.com.ar\/index.php\/wp-json\/wp\/v2\/categories?post=32726"},{"taxonomy":"post_tag","embeddable":true,"href":"https:\/\/elfederalmendoza.com.ar\/index.php\/wp-json\/wp\/v2\/tags?post=32726"}],"curies":[{"name":"wp","href":"https:\/\/api.w.org\/{rel}","templated":true}]}}