{"id":32736,"date":"2024-05-07T12:46:35","date_gmt":"2024-05-07T15:46:35","guid":{"rendered":"https:\/\/elfederalmendoza.com\/?p=32736"},"modified":"2024-05-07T12:46:35","modified_gmt":"2024-05-07T15:46:35","slug":"ex-intendente-de-lavalle-fue-multado-por-abusar-del-uso-de-la-tarjeta-de-credito-corporativa-del-municipio","status":"publish","type":"post","link":"https:\/\/elfederalmendoza.com.ar\/index.php\/2024\/05\/07\/ex-intendente-de-lavalle-fue-multado-por-abusar-del-uso-de-la-tarjeta-de-credito-corporativa-del-municipio\/","title":{"rendered":"Ex intendente de Lavalle fue multado por abusar del uso de la tarjeta de cr\u00e9dito corporativa del municipio"},"content":{"rendered":"\n<p>A trav\u00e9s del fallo 18.023, el\u00a0<strong>Tribunal de Cuentas\u00a0<\/strong>de Mendoza mult\u00f3 al exintendente de Lavalle,\u00a0<strong>Roberto Righi<\/strong>, y le formul\u00f3 un cargo para que reintegre dinero cuyo uso no se rindi\u00f3 correctamente. En concreto, detectaron algunas irregularidades en gastos sin respaldo por uso de \u201ctarjeta corporativa\u201d del municipio.<\/p>\n\n\n\n<p>A ra\u00edz de ello, le formularon un cargo por 57 mil pesos para que reintegre el valor de un pasaje a\u00e9reo que no justific\u00f3. Pero por las deficiencias administrativas le impusieron una multa de 200 mil pesos m\u00e1s.<\/p>\n\n\n\n<p>\u00abSe observ\u00f3 que durante la auditor\u00eda in situ, se hab\u00edan detectado movimientos bancarios en la cuenta del Banco Santander R\u00edo 1361\/1 que estaban pendientes de conciliar. Los&nbsp;responsables informaron que dicha situaci\u00f3n se deb\u00eda al uso de una &#8216;tarjeta corporativa&#8217;&nbsp;(similar al uso de tarjeta de cr\u00e9dito), que es de titularidad del Intendente Municipal. Explicaron adem\u00e1s que, al no tener las rendiciones de los gastos, no se pudieron realizar las imputaciones presupuestarias correspondientes y, por consiguiente, quedaron estos importes como partidas pendientes de conciliar\u00bb, se puede leer en el fallo del \u00f3rgano de control.<\/p>\n\n\n\n<p>Ante esa situaci\u00f3n, el&nbsp;<strong>Tribunal de Cuentas<\/strong>&nbsp;determin\u00f3 que existi\u00f3 una falta de normativa legal que apruebe el uso de la \u201ctarjeta corporativa\u201d. \u00abDe acuerdo a lo informado por los responsables, no se trat\u00f3 de una tarjeta prepaga, sino de una tarjeta de cr\u00e9dito corriente. A pesar de ser solicitada durante la etapa de fiscalizaci\u00f3n, los responsables no aportaron convenio con la Instituci\u00f3n bancaria ni normativa municipal que apruebe el uso de la tarjeta de cr\u00e9dito en el cual se establezca entre otras cosas: -obligaci\u00f3n y metodolog\u00eda de la rendici\u00f3n -tipo de gastos a efectuar -monto autorizado -comisiones bancarias -responsables del uso de la tarjeta Se entiende que, el uso de la tarjeta de cr\u00e9dito implica la implementaci\u00f3n de un medio de pago, como son las transferencias bancarias y cheques utilizados por la comuna para pagar a sus proveedores\u00bb, esgrimieron desde la auditor\u00eda contable.<\/p>\n\n\n\n<p>Seg\u00fan remarcan, los responsables del municipio no presentaron documentaci\u00f3n que acredite la compra de un pasaje por 20.120 pesos pero adem\u00e1s de ello detectaron que se compr\u00f3 un pasaje a una persona que no trabajaba en la comuna. A ra\u00edz de ello, le formularon cargos a&nbsp;<strong>Roberto Righi&nbsp;<\/strong>para que reintegre 57 mil pesos al municipio.<\/p>\n\n\n\n<p>Pero adem\u00e1s, se impuso una multa de 200 mil pesos por las deficiencia en el sistema de control interno y del sistema contable. Por ejemplo en el caso de \u00abun comprobante de pasaje a\u00e9reo a nombre de Muzzin, Rolando (no se encuentra en la n\u00f3mina de autoridades, ni es empleado de la Municipalidad) por $33.787,78 de fecha 19\/5\/22 al 21\/5\/22\u00bb. \u00abLos comprobantes no est\u00e1n firmados por los responsables, adem\u00e1s no se justifica el gasto efectuado y tampoco la raz\u00f3n por la cual se abona pasaje al se\u00f1or Muzzin quien no se encuentra en la n\u00f3mina como empleado municipal&nbsp;con la tarjeta de titularidad del Intendente\u00bb, advierten desde el Tribunal de Cuentas.<\/p>\n\n\n\n<p>Adem\u00e1s de multar al exintendente\u00a0<strong>Roberto Righi<\/strong>, tambi\u00e9n sancionaron al exsecretario de Gobierno, Jos\u00e9\u00a0Luis Blanco con 180.000 pesos; al exdirector de Hacienda,\u00a0Juan Carlos Molina por 130.000 pesos; a la contadora Adriana Menconi con una multa de 80.000 pesos;\u00a0a la exdirectora de Cultura Natalia Tomelin por 30.000 pesos;\u00a0y al tesorero\u00a0\u00a0Ricardo Gim\u00e9nez tambi\u00e9n por 30.000 pesos.<\/p>\n\n\n\n<p><em>Fuente: MDZ<\/em><\/p>\n","protected":false},"excerpt":{"rendered":"<p>A trav\u00e9s del fallo 18.023, el\u00a0Tribunal de Cuentas\u00a0de Mendoza mult\u00f3 al exintendente de Lavalle,\u00a0Roberto Righi, y le formul\u00f3 un cargo para que reintegre dinero cuyo uso no se rindi\u00f3 correctamente. En concreto, detectaron algunas irregularidades en gastos sin respaldo por uso de \u201ctarjeta corporativa\u201d del municipio. A ra\u00edz de ello, le formularon un cargo por<a class=\"read-more\" href=\"https:\/\/elfederalmendoza.com.ar\/index.php\/2024\/05\/07\/ex-intendente-de-lavalle-fue-multado-por-abusar-del-uso-de-la-tarjeta-de-credito-corporativa-del-municipio\/\"> [&hellip;]<\/a><\/p>\n","protected":false},"author":2,"featured_media":32740,"comment_status":"open","ping_status":"open","sticky":false,"template":"","format":"standard","meta":{"footnotes":""},"categories":[1],"tags":[],"class_list":["post-32736","post","type-post","status-publish","format-standard","has-post-thumbnail","hentry","category-mza"],"rttpg_featured_image_url":{"full":["https:\/\/elfederalmendoza.com.ar\/wp-content\/uploads\/2024\/05\/f768x1-1392150_1392277_4548.webp",768,511,false],"landscape":["https:\/\/elfederalmendoza.com.ar\/wp-content\/uploads\/2024\/05\/f768x1-1392150_1392277_4548.webp",768,511,false],"portraits":["https:\/\/elfederalmendoza.com.ar\/wp-content\/uploads\/2024\/05\/f768x1-1392150_1392277_4548.webp",768,511,false],"thumbnail":["https:\/\/elfederalmendoza.com.ar\/wp-content\/uploads\/2024\/05\/f768x1-1392150_1392277_4548-150x150.webp",150,150,true],"medium":["https:\/\/elfederalmendoza.com.ar\/wp-content\/uploads\/2024\/05\/f768x1-1392150_1392277_4548-300x200.webp",300,200,true],"large":["https:\/\/elfederalmendoza.com.ar\/wp-content\/uploads\/2024\/05\/f768x1-1392150_1392277_4548.webp",640,426,false],"1536x1536":["https:\/\/elfederalmendoza.com.ar\/wp-content\/uploads\/2024\/05\/f768x1-1392150_1392277_4548.webp",768,511,false],"2048x2048":["https:\/\/elfederalmendoza.com.ar\/wp-content\/uploads\/2024\/05\/f768x1-1392150_1392277_4548.webp",768,511,false],"ultp_layout_landscape_large":["https:\/\/elfederalmendoza.com.ar\/wp-content\/uploads\/2024\/05\/f768x1-1392150_1392277_4548.webp",768,511,false],"ultp_layout_landscape":["https:\/\/elfederalmendoza.com.ar\/wp-content\/uploads\/2024\/05\/f768x1-1392150_1392277_4548.webp",768,511,false],"ultp_layout_portrait":["https:\/\/elfederalmendoza.com.ar\/wp-content\/uploads\/2024\/05\/f768x1-1392150_1392277_4548-600x511.webp",600,511,true],"ultp_layout_square":["https:\/\/elfederalmendoza.com.ar\/wp-content\/uploads\/2024\/05\/f768x1-1392150_1392277_4548-600x511.webp",600,511,true],"rpwe-thumbnail":["https:\/\/elfederalmendoza.com.ar\/wp-content\/uploads\/2024\/05\/f768x1-1392150_1392277_4548-45x45.webp",45,45,true],"advps-thumb-one":["https:\/\/elfederalmendoza.com.ar\/wp-content\/uploads\/2024\/05\/f768x1-1392150_1392277_4548-768x420.webp",768,420,true]},"rttpg_author":{"display_name":"Redacci\u00f3n El Federal","author_link":"https:\/\/elfederalmendoza.com.ar\/index.php\/author\/angelflores\/"},"rttpg_comment":0,"rttpg_category":"<a href=\"https:\/\/elfederalmendoza.com.ar\/index.php\/category\/mza\/\" rel=\"category tag\">Mendoza<\/a>","rttpg_excerpt":"A trav\u00e9s del fallo 18.023, el\u00a0Tribunal de Cuentas\u00a0de Mendoza mult\u00f3 al exintendente de Lavalle,\u00a0Roberto Righi, y le formul\u00f3 un cargo para que reintegre dinero cuyo uso no se rindi\u00f3 correctamente. En concreto, detectaron algunas irregularidades en gastos sin respaldo por uso de \u201ctarjeta corporativa\u201d del municipio. A ra\u00edz de ello, le formularon un cargo por&hellip;","_links":{"self":[{"href":"https:\/\/elfederalmendoza.com.ar\/index.php\/wp-json\/wp\/v2\/posts\/32736","targetHints":{"allow":["GET"]}}],"collection":[{"href":"https:\/\/elfederalmendoza.com.ar\/index.php\/wp-json\/wp\/v2\/posts"}],"about":[{"href":"https:\/\/elfederalmendoza.com.ar\/index.php\/wp-json\/wp\/v2\/types\/post"}],"author":[{"embeddable":true,"href":"https:\/\/elfederalmendoza.com.ar\/index.php\/wp-json\/wp\/v2\/users\/2"}],"replies":[{"embeddable":true,"href":"https:\/\/elfederalmendoza.com.ar\/index.php\/wp-json\/wp\/v2\/comments?post=32736"}],"version-history":[{"count":1,"href":"https:\/\/elfederalmendoza.com.ar\/index.php\/wp-json\/wp\/v2\/posts\/32736\/revisions"}],"predecessor-version":[{"id":32741,"href":"https:\/\/elfederalmendoza.com.ar\/index.php\/wp-json\/wp\/v2\/posts\/32736\/revisions\/32741"}],"wp:featuredmedia":[{"embeddable":true,"href":"https:\/\/elfederalmendoza.com.ar\/index.php\/wp-json\/wp\/v2\/media\/32740"}],"wp:attachment":[{"href":"https:\/\/elfederalmendoza.com.ar\/index.php\/wp-json\/wp\/v2\/media?parent=32736"}],"wp:term":[{"taxonomy":"category","embeddable":true,"href":"https:\/\/elfederalmendoza.com.ar\/index.php\/wp-json\/wp\/v2\/categories?post=32736"},{"taxonomy":"post_tag","embeddable":true,"href":"https:\/\/elfederalmendoza.com.ar\/index.php\/wp-json\/wp\/v2\/tags?post=32736"}],"curies":[{"name":"wp","href":"https:\/\/api.w.org\/{rel}","templated":true}]}}