{"id":32737,"date":"2024-05-07T12:50:00","date_gmt":"2024-05-07T15:50:00","guid":{"rendered":"https:\/\/elfederalmendoza.com\/?p=32737"},"modified":"2024-05-07T12:50:01","modified_gmt":"2024-05-07T15:50:01","slug":"la-justicia-confirmo-la-primera-condena-y-algunos-sobreseimientos-por-el-crimen-del-jubilado-cordobes-en-san-rafael","status":"publish","type":"post","link":"https:\/\/elfederalmendoza.com.ar\/index.php\/2024\/05\/07\/la-justicia-confirmo-la-primera-condena-y-algunos-sobreseimientos-por-el-crimen-del-jubilado-cordobes-en-san-rafael\/","title":{"rendered":"La justicia confirm\u00f3 la primera condena y algunos sobreseimientos por el crimen del jubilado cordob\u00e9s en San Rafael"},"content":{"rendered":"\n<p>Gran parte del expediente por\u00a0la desaparici\u00f3n y posterior asesinato del cordob\u00e9s\u00a0<strong>H\u00e9ctor Aguilar (65)<\/strong>\u00a0termin\u00f3 esclarecido en la ma\u00f1ana de este martes. Todas las personas imputadas, excepto el asesino confeso y otro recluso, llegaron a acuerdos con la Fiscal\u00eda y terminaron condenados a penas menores o sobrese\u00eddos en la causa que indag\u00f3 el\u00a0<strong>crimen en San Rafael<\/strong>\u00a0ocurrido a mediados del a\u00f1o pasado.<\/p>\n\n\n\n<p>A mediados de julio pasado,&nbsp;<strong>H\u00e9ctor Aguilar<\/strong>&nbsp;sali\u00f3 de su casa ubicada en R\u00edo Cuarto y viajo con destino a San Rafael. Desde entonces, nunca m\u00e1s volvi\u00f3 a ser visto con vida. La investigaci\u00f3n penal termin\u00f3 destapando que&nbsp;<strong>fue v\u00edctima de una particular estafa virtual y finalmente le quitaron la vida<\/strong>&nbsp;en ese departamento del Sur provincial&nbsp;<em>-ver m\u00e1s abajo-<\/em>.<\/p>\n\n\n\n<p>En el expediente se encontraban imputados\u00a0<strong>el asesino confeso Brian\u00a0<em>Gato<\/em>\u00a0R\u00edos Quiroga (30) por homicidio criminis causa y por alevos\u00eda; su novia Silvia Raquel Luffi (30), la madre de ella Silvia Luffi y los presos Alan Eloy Mart\u00ednez (27) y Hern\u00e1n Ariel Oviedo (31) por estafa; y el sereno C\u00e9sar Daniel Campos por encubrimiento.<\/strong><\/p>\n\n\n\n<p>Casi todos ellos, excepto\u00a0<em>Gato\u00a0<\/em>R\u00edos y Hern\u00e1n Oviedo, resolvieron su situaci\u00f3n en la causa.\u00a0<strong>C\u00e9sar Campos pasaron por un juicio abreviado donde admitieron haber recibido y desguazado el auto que le sustrajeron a la v\u00edctima fatal. Fue condenado a una pena de 3 a\u00f1os de prisi\u00f3n en suspenso.<\/strong><\/p>\n\n\n\n<p>En tanto que&nbsp;<strong>Luffi, su madre y el recluso Alan Mart\u00ednez terminaron sobrese\u00eddos. Si bien en la investigaci\u00f3n se comprob\u00f3 que H\u00e9ctor Aguilar envi\u00f3 sumas de dinero a sus cuentas de Mercado Pago cuando fue estafado, todas las personas que declararon en la causa coincidieron en que el asesino Brian R\u00edos tambi\u00e9n los enga\u00f1\u00f3 y nunca les dijo que esa plata proven\u00eda de un fraude.<\/strong><\/p>\n\n\n\n<p>De esta forma, resta resolver la situaci\u00f3n de Hern\u00e1n Oviedo, imputado como parte de la estafa, y del principal sospechoso, Brian R\u00edos, que\u00a0<strong>arriesga una potencial condena de prisi\u00f3n perpetua ya que est\u00e1 imputado por homicidio agravado por ser cometido para garantizar la impunidad de otro delito -el robo y la estafa- y por ser cometido con alevos\u00eda.<\/strong><\/p>\n\n\n\n<h2 class=\"wp-block-heading\">Desaparici\u00f3n y crimen en San Rafael<\/h2>\n\n\n\n<p>En los primeros d\u00edas de 2023, H\u00e9ctor Aguilar fue contactado por una mujer en su perfil de Facebook.&nbsp;<strong>La f\u00e9mina -luego se demostr\u00f3 que era un perfil falso- lo termin\u00f3 convenciendo de que a\u00f1os atr\u00e1s hab\u00edan tenido una relaci\u00f3n sexual ocasional y que ahora ten\u00eda una hija producto de ese encuentro.<\/strong><\/p>\n\n\n\n<p><strong>La v\u00edctima cay\u00f3 en el enga\u00f1o, a tal punto que envi\u00f3 dinero a distintas billeteras virtuales en concepto de manutenci\u00f3n y decidi\u00f3 viajar a San Rafael, donde supuestamente viv\u00eda la mujer con su hija, para rescatarlas, ya que era v\u00edctima de violencia de g\u00e9nero y no pasaba una buena situaci\u00f3n econ\u00f3mica.<\/strong><\/p>\n\n\n\n<p><strong>El 1 de julio, H\u00e9ctor Aguilar se subi\u00f3 a su Gol Trend y sali\u00f3 desde su pueblo natal, San Basilio, ubicado en la localidad de R\u00edo Cuarto. Esa fue la \u00faltima vez que su familia lo vio con vida.<\/strong><\/p>\n\n\n\n<p>Al d\u00eda siguiente ingres\u00f3 a la localidad sanrafaelina de Ca\u00f1ada Seca, donde hab\u00eda quedado en encontrarse con la mujer. Pero&nbsp;<strong>se encontr\u00f3 con un hombre<\/strong>&nbsp;que para la Fiscal\u00eda se trataba del&nbsp;<em>Gato<\/em>&nbsp;R\u00edos Quiroga, quien hab\u00eda recuperado su libertad el 17 de junio pasado tras ser condenado por hechos de violencia de g\u00e9nero.<\/p>\n\n\n\n<p>H\u00e9ctor Aguilar termin\u00f3 recibiendo&nbsp;<strong>una primera herida de arma blanca en el costado izquierdo del t\u00f3rax, lo que hace suponer que estaba sentado en el asiento del acompa\u00f1ante y no manejando su veh\u00edculo. E<\/strong><strong>l golpe fatal se lo dieron cuando ya estaba maniatado con alambres. Por eso la imputaci\u00f3n contempl\u00f3 el agravante de la alevos\u00eda -cometer el hecho cuando la v\u00edctima est\u00e1 indefensa-. Termin\u00f3 ocultando el cuerpo en un lugar inh\u00f3spito en la zona cercana a la mina Sierra Pintada y dique Los Reyunos.<\/strong><\/p>\n\n\n\n<p>Tras la desaparici\u00f3n de H\u00e9ctor Aguilera, los investigadores empezaron a profundizar en su b\u00fasqueda con las conversaciones que mantuvo la v\u00edctima mediante Facebook y WhatsApp con la supuesta madre de su hijo, con escuchas telef\u00f3nicas donde hablan sobre el crimen en San Rafael y con las billeteras virtuales que estaban a su nombre y de los dos presos que quedaron vinculados a la causa.\u00a0<strong>Todos fueron detenidos semanas despu\u00e9s<\/strong>.<\/p>\n\n\n\n<p><em>Fuente: Diario Uno<\/em><\/p>\n","protected":false},"excerpt":{"rendered":"<p>Gran parte del expediente por\u00a0la desaparici\u00f3n y posterior asesinato del cordob\u00e9s\u00a0H\u00e9ctor Aguilar (65)\u00a0termin\u00f3 esclarecido en la ma\u00f1ana de este martes. Todas las personas imputadas, excepto el asesino confeso y otro recluso, llegaron a acuerdos con la Fiscal\u00eda y terminaron condenados a penas menores o sobrese\u00eddos en la causa que indag\u00f3 el\u00a0crimen en San Rafael\u00a0ocurrido a<a class=\"read-more\" href=\"https:\/\/elfederalmendoza.com.ar\/index.php\/2024\/05\/07\/la-justicia-confirmo-la-primera-condena-y-algunos-sobreseimientos-por-el-crimen-del-jubilado-cordobes-en-san-rafael\/\"> [&hellip;]<\/a><\/p>\n","protected":false},"author":2,"featured_media":32744,"comment_status":"open","ping_status":"open","sticky":false,"template":"","format":"standard","meta":{"footnotes":""},"categories":[1],"tags":[],"class_list":["post-32737","post","type-post","status-publish","format-standard","has-post-thumbnail","hentry","category-mza"],"rttpg_featured_image_url":{"full":["https:\/\/elfederalmendoza.com.ar\/wp-content\/uploads\/2024\/05\/detenidos-san-rafael-hector-aguilarjpg.webp",1200,675,false],"landscape":["https:\/\/elfederalmendoza.com.ar\/wp-content\/uploads\/2024\/05\/detenidos-san-rafael-hector-aguilarjpg.webp",1200,675,false],"portraits":["https:\/\/elfederalmendoza.com.ar\/wp-content\/uploads\/2024\/05\/detenidos-san-rafael-hector-aguilarjpg.webp",1200,675,false],"thumbnail":["https:\/\/elfederalmendoza.com.ar\/wp-content\/uploads\/2024\/05\/detenidos-san-rafael-hector-aguilarjpg-150x150.webp",150,150,true],"medium":["https:\/\/elfederalmendoza.com.ar\/wp-content\/uploads\/2024\/05\/detenidos-san-rafael-hector-aguilarjpg-300x169.webp",300,169,true],"large":["https:\/\/elfederalmendoza.com.ar\/wp-content\/uploads\/2024\/05\/detenidos-san-rafael-hector-aguilarjpg-1024x576.webp",640,360,true],"1536x1536":["https:\/\/elfederalmendoza.com.ar\/wp-content\/uploads\/2024\/05\/detenidos-san-rafael-hector-aguilarjpg.webp",1200,675,false],"2048x2048":["https:\/\/elfederalmendoza.com.ar\/wp-content\/uploads\/2024\/05\/detenidos-san-rafael-hector-aguilarjpg.webp",1200,675,false],"ultp_layout_landscape_large":["https:\/\/elfederalmendoza.com.ar\/wp-content\/uploads\/2024\/05\/detenidos-san-rafael-hector-aguilarjpg.webp",1200,675,false],"ultp_layout_landscape":["https:\/\/elfederalmendoza.com.ar\/wp-content\/uploads\/2024\/05\/detenidos-san-rafael-hector-aguilarjpg-870x570.webp",870,570,true],"ultp_layout_portrait":["https:\/\/elfederalmendoza.com.ar\/wp-content\/uploads\/2024\/05\/detenidos-san-rafael-hector-aguilarjpg-600x675.webp",600,675,true],"ultp_layout_square":["https:\/\/elfederalmendoza.com.ar\/wp-content\/uploads\/2024\/05\/detenidos-san-rafael-hector-aguilarjpg-600x600.webp",600,600,true],"rpwe-thumbnail":["https:\/\/elfederalmendoza.com.ar\/wp-content\/uploads\/2024\/05\/detenidos-san-rafael-hector-aguilarjpg-45x45.webp",45,45,true],"advps-thumb-one":["https:\/\/elfederalmendoza.com.ar\/wp-content\/uploads\/2024\/05\/detenidos-san-rafael-hector-aguilarjpg-1200x420.webp",1200,420,true]},"rttpg_author":{"display_name":"Redacci\u00f3n El Federal","author_link":"https:\/\/elfederalmendoza.com.ar\/index.php\/author\/angelflores\/"},"rttpg_comment":0,"rttpg_category":"<a href=\"https:\/\/elfederalmendoza.com.ar\/index.php\/category\/mza\/\" rel=\"category tag\">Mendoza<\/a>","rttpg_excerpt":"Gran parte del expediente por\u00a0la desaparici\u00f3n y posterior asesinato del cordob\u00e9s\u00a0H\u00e9ctor Aguilar (65)\u00a0termin\u00f3 esclarecido en la ma\u00f1ana de este martes. Todas las personas imputadas, excepto el asesino confeso y otro recluso, llegaron a acuerdos con la Fiscal\u00eda y terminaron condenados a penas menores o sobrese\u00eddos en la causa que indag\u00f3 el\u00a0crimen en San Rafael\u00a0ocurrido a&hellip;","_links":{"self":[{"href":"https:\/\/elfederalmendoza.com.ar\/index.php\/wp-json\/wp\/v2\/posts\/32737","targetHints":{"allow":["GET"]}}],"collection":[{"href":"https:\/\/elfederalmendoza.com.ar\/index.php\/wp-json\/wp\/v2\/posts"}],"about":[{"href":"https:\/\/elfederalmendoza.com.ar\/index.php\/wp-json\/wp\/v2\/types\/post"}],"author":[{"embeddable":true,"href":"https:\/\/elfederalmendoza.com.ar\/index.php\/wp-json\/wp\/v2\/users\/2"}],"replies":[{"embeddable":true,"href":"https:\/\/elfederalmendoza.com.ar\/index.php\/wp-json\/wp\/v2\/comments?post=32737"}],"version-history":[{"count":1,"href":"https:\/\/elfederalmendoza.com.ar\/index.php\/wp-json\/wp\/v2\/posts\/32737\/revisions"}],"predecessor-version":[{"id":32745,"href":"https:\/\/elfederalmendoza.com.ar\/index.php\/wp-json\/wp\/v2\/posts\/32737\/revisions\/32745"}],"wp:featuredmedia":[{"embeddable":true,"href":"https:\/\/elfederalmendoza.com.ar\/index.php\/wp-json\/wp\/v2\/media\/32744"}],"wp:attachment":[{"href":"https:\/\/elfederalmendoza.com.ar\/index.php\/wp-json\/wp\/v2\/media?parent=32737"}],"wp:term":[{"taxonomy":"category","embeddable":true,"href":"https:\/\/elfederalmendoza.com.ar\/index.php\/wp-json\/wp\/v2\/categories?post=32737"},{"taxonomy":"post_tag","embeddable":true,"href":"https:\/\/elfederalmendoza.com.ar\/index.php\/wp-json\/wp\/v2\/tags?post=32737"}],"curies":[{"name":"wp","href":"https:\/\/api.w.org\/{rel}","templated":true}]}}