{"id":32738,"date":"2024-05-07T12:52:15","date_gmt":"2024-05-07T15:52:15","guid":{"rendered":"https:\/\/elfederalmendoza.com\/?p=32738"},"modified":"2024-05-07T12:52:46","modified_gmt":"2024-05-07T15:52:46","slug":"una-de-las-causas-de-tantos-accidentes-solo-dos-municipios-de-mendoza-hacen-tests-psicologicos-antes-de-dar-licencias-de-conducir","status":"publish","type":"post","link":"https:\/\/elfederalmendoza.com.ar\/index.php\/2024\/05\/07\/una-de-las-causas-de-tantos-accidentes-solo-dos-municipios-de-mendoza-hacen-tests-psicologicos-antes-de-dar-licencias-de-conducir\/","title":{"rendered":"\u00bfUna de las causas de tantos accidentes? S\u00f3lo dos municipios de Mendoza hacen test psicol\u00f3gicos antes de dar licencias de conducir"},"content":{"rendered":"\n<p>La doctora en Psicolog\u00eda y especialista en temas viales&nbsp;<strong>Marta D\u00edaz Dragotta<\/strong>&nbsp;habl\u00f3 con \u00ab<strong>Jornada de #6a7<\/strong>\u00ab, que conduce Jorge Fern\u00e1ndez Rojas por&nbsp;<em>Radio Jornada FM 91.9<\/em>, y se\u00f1al\u00f3 que&nbsp;<strong>s\u00f3lo dos municipios de Mendoza<\/strong>&nbsp;realizan el&nbsp;<strong>examen psicol\u00f3gico<\/strong>&nbsp;para entregar el carnet de conducir:&nbsp;<strong>Guaymall\u00e9n y San Mart\u00edn<\/strong>. Adem\u00e1s, explic\u00f3 la importancia de analizar el estructuramiento de la personalidad al momento de otorgar una licencia.<\/p>\n\n\n\n<p>\u00abHay solo dos municipios en Mendoza que tienen un psic\u00f3logo que eval\u00faa a las personas: Guaymall\u00e9n y San Mart\u00edn. Es cuesti\u00f3n de pol\u00edticas p\u00fablicas, porque los intendentes hacen caso omiso a la ley. Cuando me preguntan, estoy predicando en el desierto porque nadie se hace cargo, se preocupan por la tolerancia cero (cero gramos de alcohol en sangre) y fundamentalmente por las multas, pero hasta el d\u00eda de ayer llevamos&nbsp;<strong>78 muertos en lo que va del a\u00f1o<\/strong>, es terrible. La muerte de un familiar es un agujero ps\u00edquico inmensurable\u00bb, coment\u00f3.<\/p>\n\n\n\n<p>Este viernes cerca de la medianoche, un tr\u00e1gico accidente donde murieron dos servidores p\u00fablicos -un agente de Tr\u00e1nsito de Godoy Cruz y un efectivo de la Polic\u00eda Vial- luego que los atropellara un conductor con 2,68 gramos de alcohol en sangre, reanud\u00f3 el debate en la provincia sobre c\u00f3mo se podr\u00eda evitar estos eventos y qu\u00e9 controles mejorar.\u00a0 \u00a0<\/p>\n\n\n\n<p>D\u00edaz Dragotta explic\u00f3 que ella integra un grupo de psic\u00f3logos que trabaja en red \u00abpara tratar de solucionar esta problem\u00e1tica en relaci\u00f3n directa con la Agencia Nacional de Seguridad Vial. La Comisi\u00f3n Nacional de Psicolog\u00eda del Tr\u00e1nsito es asesora de la ANSV. Consideramos que es mucho m\u00e1s importante detectar en un sujeto el estructuramiento de personalidad y el grado de alcoholemia pasar\u00eda a un segundo plano\u00bb.<\/p>\n\n\n\n<p>La doctora explic\u00f3 que muchas veces suceden accidentes con fallecimientos o heridos graves en donde el control de alcoholemia da cero: \u00abPor eso se generaliza en darle mayor importancia a la estructura de la personalidad. Se detecta a trav\u00e9s de una entrevista psicol\u00f3gica con conductas que los sujetos manifiestan. Se trabaja en equipo con el m\u00e9dico para evaluarlos. Para nosotros es prioridad la estructura de personalidad\u00bb.<\/p>\n\n\n\n<p>La especialista tambi\u00e9n mencion\u00f3 que un conductor que es temerario, si se le aplica una multa, va a seguir transgrediendo: \u00abLos psic\u00f3logos detectamos&nbsp;<strong>estructura de personalidad, nivel de empat\u00eda, inmadurez emocional.&nbsp;<\/strong>Ayer iba a mi consultorio y delante iba una moto con dos chicos. En el sem\u00e1foro, el conductor aceleraba y se pon\u00eda posici\u00f3n de&nbsp;<em>willy (en una rueda).&nbsp;<\/em>Este es un inmaduro y un impulsivo porque quer\u00eda r\u00e1pido que el sem\u00e1foro se pusiera en verde\u00bb.<\/p>\n\n\n\n<p>A su vez, la profesional recalc\u00f3 la importancia de pedirle a los municipios que tengan un psic\u00f3logo en la evaluaci\u00f3n: \u00abYo no ando buscando trabajo, sino que trato que no haya incidentes de tr\u00e1nsito. Estuve en el Ministerio de Seguridad durante 36 a\u00f1os evaluando polic\u00edas y penitenciarios para habilitarlo en la tramitaci\u00f3n de licencias de conducir de alto riesgo y las armas. Habilitar una licencia de conducir es habilitar un arma\u00bb.<\/p>\n","protected":false},"excerpt":{"rendered":"<p>La doctora en Psicolog\u00eda y especialista en temas viales&nbsp;Marta D\u00edaz Dragotta&nbsp;habl\u00f3 con \u00abJornada de #6a7\u00ab, que conduce Jorge Fern\u00e1ndez Rojas por&nbsp;Radio Jornada FM 91.9, y se\u00f1al\u00f3 que&nbsp;s\u00f3lo dos municipios de Mendoza&nbsp;realizan el&nbsp;examen psicol\u00f3gico&nbsp;para entregar el carnet de conducir:&nbsp;Guaymall\u00e9n y San Mart\u00edn. Adem\u00e1s, explic\u00f3 la importancia de analizar el estructuramiento de la personalidad al momento de<a class=\"read-more\" href=\"https:\/\/elfederalmendoza.com.ar\/index.php\/2024\/05\/07\/una-de-las-causas-de-tantos-accidentes-solo-dos-municipios-de-mendoza-hacen-tests-psicologicos-antes-de-dar-licencias-de-conducir\/\"> [&hellip;]<\/a><\/p>\n","protected":false},"author":2,"featured_media":32748,"comment_status":"open","ping_status":"open","sticky":false,"template":"","format":"standard","meta":{"footnotes":""},"categories":[1],"tags":[],"class_list":["post-32738","post","type-post","status-publish","format-standard","has-post-thumbnail","hentry","category-mza"],"rttpg_featured_image_url":{"full":["https:\/\/elfederalmendoza.com.ar\/wp-content\/uploads\/2024\/05\/carnet-nacional-conducir-mendozajpg.webp",1200,675,false],"landscape":["https:\/\/elfederalmendoza.com.ar\/wp-content\/uploads\/2024\/05\/carnet-nacional-conducir-mendozajpg.webp",1200,675,false],"portraits":["https:\/\/elfederalmendoza.com.ar\/wp-content\/uploads\/2024\/05\/carnet-nacional-conducir-mendozajpg.webp",1200,675,false],"thumbnail":["https:\/\/elfederalmendoza.com.ar\/wp-content\/uploads\/2024\/05\/carnet-nacional-conducir-mendozajpg-150x150.webp",150,150,true],"medium":["https:\/\/elfederalmendoza.com.ar\/wp-content\/uploads\/2024\/05\/carnet-nacional-conducir-mendozajpg-300x169.webp",300,169,true],"large":["https:\/\/elfederalmendoza.com.ar\/wp-content\/uploads\/2024\/05\/carnet-nacional-conducir-mendozajpg-1024x576.webp",640,360,true],"1536x1536":["https:\/\/elfederalmendoza.com.ar\/wp-content\/uploads\/2024\/05\/carnet-nacional-conducir-mendozajpg.webp",1200,675,false],"2048x2048":["https:\/\/elfederalmendoza.com.ar\/wp-content\/uploads\/2024\/05\/carnet-nacional-conducir-mendozajpg.webp",1200,675,false],"ultp_layout_landscape_large":["https:\/\/elfederalmendoza.com.ar\/wp-content\/uploads\/2024\/05\/carnet-nacional-conducir-mendozajpg.webp",1200,675,false],"ultp_layout_landscape":["https:\/\/elfederalmendoza.com.ar\/wp-content\/uploads\/2024\/05\/carnet-nacional-conducir-mendozajpg-870x570.webp",870,570,true],"ultp_layout_portrait":["https:\/\/elfederalmendoza.com.ar\/wp-content\/uploads\/2024\/05\/carnet-nacional-conducir-mendozajpg-600x675.webp",600,675,true],"ultp_layout_square":["https:\/\/elfederalmendoza.com.ar\/wp-content\/uploads\/2024\/05\/carnet-nacional-conducir-mendozajpg-600x600.webp",600,600,true],"rpwe-thumbnail":["https:\/\/elfederalmendoza.com.ar\/wp-content\/uploads\/2024\/05\/carnet-nacional-conducir-mendozajpg-45x45.webp",45,45,true],"advps-thumb-one":["https:\/\/elfederalmendoza.com.ar\/wp-content\/uploads\/2024\/05\/carnet-nacional-conducir-mendozajpg-1200x420.webp",1200,420,true]},"rttpg_author":{"display_name":"Redacci\u00f3n El Federal","author_link":"https:\/\/elfederalmendoza.com.ar\/index.php\/author\/angelflores\/"},"rttpg_comment":0,"rttpg_category":"<a href=\"https:\/\/elfederalmendoza.com.ar\/index.php\/category\/mza\/\" rel=\"category tag\">Mendoza<\/a>","rttpg_excerpt":"La doctora en Psicolog\u00eda y especialista en temas viales&nbsp;Marta D\u00edaz Dragotta&nbsp;habl\u00f3 con \u00abJornada de #6a7\u00ab, que conduce Jorge Fern\u00e1ndez Rojas por&nbsp;Radio Jornada FM 91.9, y se\u00f1al\u00f3 que&nbsp;s\u00f3lo dos municipios de Mendoza&nbsp;realizan el&nbsp;examen psicol\u00f3gico&nbsp;para entregar el carnet de conducir:&nbsp;Guaymall\u00e9n y San Mart\u00edn. Adem\u00e1s, explic\u00f3 la importancia de analizar el estructuramiento de la personalidad al momento de&hellip;","_links":{"self":[{"href":"https:\/\/elfederalmendoza.com.ar\/index.php\/wp-json\/wp\/v2\/posts\/32738","targetHints":{"allow":["GET"]}}],"collection":[{"href":"https:\/\/elfederalmendoza.com.ar\/index.php\/wp-json\/wp\/v2\/posts"}],"about":[{"href":"https:\/\/elfederalmendoza.com.ar\/index.php\/wp-json\/wp\/v2\/types\/post"}],"author":[{"embeddable":true,"href":"https:\/\/elfederalmendoza.com.ar\/index.php\/wp-json\/wp\/v2\/users\/2"}],"replies":[{"embeddable":true,"href":"https:\/\/elfederalmendoza.com.ar\/index.php\/wp-json\/wp\/v2\/comments?post=32738"}],"version-history":[{"count":2,"href":"https:\/\/elfederalmendoza.com.ar\/index.php\/wp-json\/wp\/v2\/posts\/32738\/revisions"}],"predecessor-version":[{"id":32751,"href":"https:\/\/elfederalmendoza.com.ar\/index.php\/wp-json\/wp\/v2\/posts\/32738\/revisions\/32751"}],"wp:featuredmedia":[{"embeddable":true,"href":"https:\/\/elfederalmendoza.com.ar\/index.php\/wp-json\/wp\/v2\/media\/32748"}],"wp:attachment":[{"href":"https:\/\/elfederalmendoza.com.ar\/index.php\/wp-json\/wp\/v2\/media?parent=32738"}],"wp:term":[{"taxonomy":"category","embeddable":true,"href":"https:\/\/elfederalmendoza.com.ar\/index.php\/wp-json\/wp\/v2\/categories?post=32738"},{"taxonomy":"post_tag","embeddable":true,"href":"https:\/\/elfederalmendoza.com.ar\/index.php\/wp-json\/wp\/v2\/tags?post=32738"}],"curies":[{"name":"wp","href":"https:\/\/api.w.org\/{rel}","templated":true}]}}