{"id":32756,"date":"2024-05-08T13:51:48","date_gmt":"2024-05-08T16:51:48","guid":{"rendered":"https:\/\/elfederalmendoza.com\/?p=32756"},"modified":"2024-05-08T13:51:50","modified_gmt":"2024-05-08T16:51:50","slug":"ancianos-fueron-victimas-de-una-entradera-en-las-heras-los-ataron-con-precintos-y-desvalijaron-la-casa","status":"publish","type":"post","link":"https:\/\/elfederalmendoza.com.ar\/index.php\/2024\/05\/08\/ancianos-fueron-victimas-de-una-entradera-en-las-heras-los-ataron-con-precintos-y-desvalijaron-la-casa\/","title":{"rendered":"Ancianos fueron v\u00edctimas de una entradera en Las Heras: los ataron con precintos y desvalijaron la casa"},"content":{"rendered":"\n<p>\u00a0Un matrimonio de\u00a0<strong>ancianos<\/strong>\u00a0fue atacado por cuatro delincuentes que los sorprendieron cuando sacaban el auto, en su casa de\u00a0<strong>Las Heras.\u00a0<\/strong><\/p>\n\n\n\n<p>El hecho ocurri\u00f3 en la noche del lunes en una vivienda de calle Los Pescadores. El hombre de 84 a\u00f1os estaba abriendo el port\u00f3n cuando fueron emboscados por los&nbsp;<strong>delincuentes<\/strong>&nbsp;que se trasladaban en un VW Gol. Bajo amenaza lo hicieron entrar a la casa, lo ataron con precintos junto a su esposa y ya con las v\u00edctimas reducidas se dedicaron a revolver toda la casa.&nbsp;<\/p>\n\n\n\n<p>Los ladrones se llevaron una camioneta Oroch, un Honda Fit, una m\u00e1quina de coser, dinero y celulares entre otras pertenencias. Tambi\u00e9n sustrajeron de la casa dos armas de fuego. Luego se distribuyeron y escaparon en los veh\u00edculos de las v\u00edctimas.&nbsp;<\/p>\n\n\n\n<p><em>Fuente: Mendoza Post<\/em><\/p>\n","protected":false},"excerpt":{"rendered":"<p>\u00a0Un matrimonio de\u00a0ancianos\u00a0fue atacado por cuatro delincuentes que los sorprendieron cuando sacaban el auto, en su casa de\u00a0Las Heras.\u00a0 El hecho ocurri\u00f3 en la noche del lunes en una vivienda de calle Los Pescadores. El hombre de 84 a\u00f1os estaba abriendo el port\u00f3n cuando fueron emboscados por los&nbsp;delincuentes&nbsp;que se trasladaban en un VW Gol. Bajo<a class=\"read-more\" href=\"https:\/\/elfederalmendoza.com.ar\/index.php\/2024\/05\/08\/ancianos-fueron-victimas-de-una-entradera-en-las-heras-los-ataron-con-precintos-y-desvalijaron-la-casa\/\"> [&hellip;]<\/a><\/p>\n","protected":false},"author":2,"featured_media":23690,"comment_status":"open","ping_status":"open","sticky":false,"template":"","format":"standard","meta":{"footnotes":""},"categories":[1],"tags":[],"class_list":["post-32756","post","type-post","status-publish","format-standard","has-post-thumbnail","hentry","category-mza"],"rttpg_featured_image_url":{"full":["https:\/\/elfederalmendoza.com.ar\/wp-content\/uploads\/2023\/06\/f1280x720-1223516_1355191_4555.jpg",1280,720,false],"landscape":["https:\/\/elfederalmendoza.com.ar\/wp-content\/uploads\/2023\/06\/f1280x720-1223516_1355191_4555.jpg",1280,720,false],"portraits":["https:\/\/elfederalmendoza.com.ar\/wp-content\/uploads\/2023\/06\/f1280x720-1223516_1355191_4555.jpg",1280,720,false],"thumbnail":["https:\/\/elfederalmendoza.com.ar\/wp-content\/uploads\/2023\/06\/f1280x720-1223516_1355191_4555-150x150.jpg",150,150,true],"medium":["https:\/\/elfederalmendoza.com.ar\/wp-content\/uploads\/2023\/06\/f1280x720-1223516_1355191_4555-300x169.jpg",300,169,true],"large":["https:\/\/elfederalmendoza.com.ar\/wp-content\/uploads\/2023\/06\/f1280x720-1223516_1355191_4555-1024x576.jpg",640,360,true],"1536x1536":["https:\/\/elfederalmendoza.com.ar\/wp-content\/uploads\/2023\/06\/f1280x720-1223516_1355191_4555.jpg",1280,720,false],"2048x2048":["https:\/\/elfederalmendoza.com.ar\/wp-content\/uploads\/2023\/06\/f1280x720-1223516_1355191_4555.jpg",1280,720,false],"ultp_layout_landscape_large":["https:\/\/elfederalmendoza.com.ar\/wp-content\/uploads\/2023\/06\/f1280x720-1223516_1355191_4555-1200x720.jpg",1200,720,true],"ultp_layout_landscape":["https:\/\/elfederalmendoza.com.ar\/wp-content\/uploads\/2023\/06\/f1280x720-1223516_1355191_4555-870x570.jpg",870,570,true],"ultp_layout_portrait":["https:\/\/elfederalmendoza.com.ar\/wp-content\/uploads\/2023\/06\/f1280x720-1223516_1355191_4555-600x720.jpg",600,720,true],"ultp_layout_square":["https:\/\/elfederalmendoza.com.ar\/wp-content\/uploads\/2023\/06\/f1280x720-1223516_1355191_4555-600x600.jpg",600,600,true],"rpwe-thumbnail":["https:\/\/elfederalmendoza.com.ar\/wp-content\/uploads\/2023\/06\/f1280x720-1223516_1355191_4555-45x45.jpg",45,45,true],"advps-thumb-one":["https:\/\/elfederalmendoza.com.ar\/wp-content\/uploads\/2023\/06\/f1280x720-1223516_1355191_4555-1200x420.jpg",1200,420,true]},"rttpg_author":{"display_name":"Redacci\u00f3n El Federal","author_link":"https:\/\/elfederalmendoza.com.ar\/index.php\/author\/angelflores\/"},"rttpg_comment":0,"rttpg_category":"<a href=\"https:\/\/elfederalmendoza.com.ar\/index.php\/category\/mza\/\" rel=\"category tag\">Mendoza<\/a>","rttpg_excerpt":"\u00a0Un matrimonio de\u00a0ancianos\u00a0fue atacado por cuatro delincuentes que los sorprendieron cuando sacaban el auto, en su casa de\u00a0Las Heras.\u00a0 El hecho ocurri\u00f3 en la noche del lunes en una vivienda de calle Los Pescadores. El hombre de 84 a\u00f1os estaba abriendo el port\u00f3n cuando fueron emboscados por los&nbsp;delincuentes&nbsp;que se trasladaban en un VW Gol. Bajo&hellip;","_links":{"self":[{"href":"https:\/\/elfederalmendoza.com.ar\/index.php\/wp-json\/wp\/v2\/posts\/32756","targetHints":{"allow":["GET"]}}],"collection":[{"href":"https:\/\/elfederalmendoza.com.ar\/index.php\/wp-json\/wp\/v2\/posts"}],"about":[{"href":"https:\/\/elfederalmendoza.com.ar\/index.php\/wp-json\/wp\/v2\/types\/post"}],"author":[{"embeddable":true,"href":"https:\/\/elfederalmendoza.com.ar\/index.php\/wp-json\/wp\/v2\/users\/2"}],"replies":[{"embeddable":true,"href":"https:\/\/elfederalmendoza.com.ar\/index.php\/wp-json\/wp\/v2\/comments?post=32756"}],"version-history":[{"count":1,"href":"https:\/\/elfederalmendoza.com.ar\/index.php\/wp-json\/wp\/v2\/posts\/32756\/revisions"}],"predecessor-version":[{"id":32761,"href":"https:\/\/elfederalmendoza.com.ar\/index.php\/wp-json\/wp\/v2\/posts\/32756\/revisions\/32761"}],"wp:featuredmedia":[{"embeddable":true,"href":"https:\/\/elfederalmendoza.com.ar\/index.php\/wp-json\/wp\/v2\/media\/23690"}],"wp:attachment":[{"href":"https:\/\/elfederalmendoza.com.ar\/index.php\/wp-json\/wp\/v2\/media?parent=32756"}],"wp:term":[{"taxonomy":"category","embeddable":true,"href":"https:\/\/elfederalmendoza.com.ar\/index.php\/wp-json\/wp\/v2\/categories?post=32756"},{"taxonomy":"post_tag","embeddable":true,"href":"https:\/\/elfederalmendoza.com.ar\/index.php\/wp-json\/wp\/v2\/tags?post=32756"}],"curies":[{"name":"wp","href":"https:\/\/api.w.org\/{rel}","templated":true}]}}