{"id":32757,"date":"2024-05-08T13:46:53","date_gmt":"2024-05-08T16:46:53","guid":{"rendered":"https:\/\/elfederalmendoza.com\/?p=32757"},"modified":"2024-05-08T13:46:54","modified_gmt":"2024-05-08T16:46:54","slug":"fue-a-guaymallen-a-buscar-una-moto-comprada-por-facebook-pero-era-una-estafa-lo-apunalaron-y-le-robaron","status":"publish","type":"post","link":"https:\/\/elfederalmendoza.com.ar\/index.php\/2024\/05\/08\/fue-a-guaymallen-a-buscar-una-moto-comprada-por-facebook-pero-era-una-estafa-lo-apunalaron-y-le-robaron\/","title":{"rendered":"Fue a Guaymall\u00e9n a buscar una moto comprada por Facebook, pero era una estafa: lo apu\u00f1alaron y le robaron"},"content":{"rendered":"\n<p>Un hombre de 30 a\u00f1os fue apu\u00f1alado por asaltantes la tarde del lunes cuando fue a comprar una moto a&nbsp;<strong>Guaymall\u00e9n<\/strong>. La v\u00edctima hab\u00eda pactado la transacci\u00f3n a trav\u00e9s de&nbsp;<strong>Facebook<\/strong>, pero todo se trataba de un enga\u00f1o para robarle. Fue internado en el&nbsp;<strong>Hospital Central<\/strong>.<\/p>\n\n\n\n<p>Las autoridades tomaron conocimiento sobre la situaci\u00f3n alrededor de las 16.40 cuando un hombre ingres\u00f3 a la guardia del mencionado nosocomio de&nbsp;<strong>Ciudad<\/strong>, con una&nbsp;<strong>herida de arma blanca&nbsp;<\/strong>en la zona lumbar.<\/p>\n\n\n\n<p>Mientras era asistido, fue entrevistado por un polic\u00eda que cumpl\u00eda servicios extraordinarios en el efector p\u00fablico y relat\u00f3 que&nbsp;<mark>fue atacado por malvivientes en el interior del&nbsp;<strong>barrio El Carmen<\/strong>, en&nbsp;<strong>El Bermejo<\/strong><\/mark>.<\/p>\n\n\n\n<p>Agreg\u00f3 que se dirigi\u00f3 hasta ese lugar porque hab\u00eda sido citado por un sujeto que vend\u00eda una motocicleta en las redes sociales. Pero que al llegar fue abordado por un grupo de individuos, uno de los cuales lo amenaz\u00f3 con un arma blanca.<\/p>\n\n\n\n<p>Los maleantes intentaron robarle, pero&nbsp;<mark>ante la resistencia de la v\u00edctima, le dieron un puntazo y escaparon<\/mark>, perdi\u00e9ndose de vista por entre las calles de la barriada.<\/p>\n\n\n\n<p>Luego de ser revisado por una m\u00e9dica, se logr\u00f3 establecer que el hombre no corr\u00eda peligro y recibi\u00f3 el alta en poco tiempo.<\/p>\n","protected":false},"excerpt":{"rendered":"<p>Un hombre de 30 a\u00f1os fue apu\u00f1alado por asaltantes la tarde del lunes cuando fue a comprar una moto a&nbsp;Guaymall\u00e9n. La v\u00edctima hab\u00eda pactado la transacci\u00f3n a trav\u00e9s de&nbsp;Facebook, pero todo se trataba de un enga\u00f1o para robarle. Fue internado en el&nbsp;Hospital Central. Las autoridades tomaron conocimiento sobre la situaci\u00f3n alrededor de las 16.40 cuando<a class=\"read-more\" href=\"https:\/\/elfederalmendoza.com.ar\/index.php\/2024\/05\/08\/fue-a-guaymallen-a-buscar-una-moto-comprada-por-facebook-pero-era-una-estafa-lo-apunalaron-y-le-robaron\/\"> [&hellip;]<\/a><\/p>\n","protected":false},"author":2,"featured_media":29784,"comment_status":"open","ping_status":"open","sticky":false,"template":"","format":"standard","meta":{"footnotes":""},"categories":[1],"tags":[],"class_list":["post-32757","post","type-post","status-publish","format-standard","has-post-thumbnail","hentry","category-mza"],"rttpg_featured_image_url":{"full":["https:\/\/elfederalmendoza.com.ar\/wp-content\/uploads\/2023\/11\/Efectivo-policia-de-Mendoza-foto-El-Cuco-Digital.jpg",675,420,false],"landscape":["https:\/\/elfederalmendoza.com.ar\/wp-content\/uploads\/2023\/11\/Efectivo-policia-de-Mendoza-foto-El-Cuco-Digital.jpg",675,420,false],"portraits":["https:\/\/elfederalmendoza.com.ar\/wp-content\/uploads\/2023\/11\/Efectivo-policia-de-Mendoza-foto-El-Cuco-Digital.jpg",675,420,false],"thumbnail":["https:\/\/elfederalmendoza.com.ar\/wp-content\/uploads\/2023\/11\/Efectivo-policia-de-Mendoza-foto-El-Cuco-Digital-150x150.jpg",150,150,true],"medium":["https:\/\/elfederalmendoza.com.ar\/wp-content\/uploads\/2023\/11\/Efectivo-policia-de-Mendoza-foto-El-Cuco-Digital-300x187.jpg",300,187,true],"large":["https:\/\/elfederalmendoza.com.ar\/wp-content\/uploads\/2023\/11\/Efectivo-policia-de-Mendoza-foto-El-Cuco-Digital.jpg",640,398,false],"1536x1536":["https:\/\/elfederalmendoza.com.ar\/wp-content\/uploads\/2023\/11\/Efectivo-policia-de-Mendoza-foto-El-Cuco-Digital.jpg",675,420,false],"2048x2048":["https:\/\/elfederalmendoza.com.ar\/wp-content\/uploads\/2023\/11\/Efectivo-policia-de-Mendoza-foto-El-Cuco-Digital.jpg",675,420,false],"ultp_layout_landscape_large":["https:\/\/elfederalmendoza.com.ar\/wp-content\/uploads\/2023\/11\/Efectivo-policia-de-Mendoza-foto-El-Cuco-Digital.jpg",675,420,false],"ultp_layout_landscape":["https:\/\/elfederalmendoza.com.ar\/wp-content\/uploads\/2023\/11\/Efectivo-policia-de-Mendoza-foto-El-Cuco-Digital.jpg",675,420,false],"ultp_layout_portrait":["https:\/\/elfederalmendoza.com.ar\/wp-content\/uploads\/2023\/11\/Efectivo-policia-de-Mendoza-foto-El-Cuco-Digital-600x420.jpg",600,420,true],"ultp_layout_square":["https:\/\/elfederalmendoza.com.ar\/wp-content\/uploads\/2023\/11\/Efectivo-policia-de-Mendoza-foto-El-Cuco-Digital-600x420.jpg",600,420,true],"rpwe-thumbnail":["https:\/\/elfederalmendoza.com.ar\/wp-content\/uploads\/2023\/11\/Efectivo-policia-de-Mendoza-foto-El-Cuco-Digital-45x45.jpg",45,45,true],"advps-thumb-one":["https:\/\/elfederalmendoza.com.ar\/wp-content\/uploads\/2023\/11\/Efectivo-policia-de-Mendoza-foto-El-Cuco-Digital.jpg",675,420,false]},"rttpg_author":{"display_name":"Redacci\u00f3n El Federal","author_link":"https:\/\/elfederalmendoza.com.ar\/index.php\/author\/angelflores\/"},"rttpg_comment":0,"rttpg_category":"<a href=\"https:\/\/elfederalmendoza.com.ar\/index.php\/category\/mza\/\" rel=\"category tag\">Mendoza<\/a>","rttpg_excerpt":"Un hombre de 30 a\u00f1os fue apu\u00f1alado por asaltantes la tarde del lunes cuando fue a comprar una moto a&nbsp;Guaymall\u00e9n. La v\u00edctima hab\u00eda pactado la transacci\u00f3n a trav\u00e9s de&nbsp;Facebook, pero todo se trataba de un enga\u00f1o para robarle. Fue internado en el&nbsp;Hospital Central. Las autoridades tomaron conocimiento sobre la situaci\u00f3n alrededor de las 16.40 cuando&hellip;","_links":{"self":[{"href":"https:\/\/elfederalmendoza.com.ar\/index.php\/wp-json\/wp\/v2\/posts\/32757","targetHints":{"allow":["GET"]}}],"collection":[{"href":"https:\/\/elfederalmendoza.com.ar\/index.php\/wp-json\/wp\/v2\/posts"}],"about":[{"href":"https:\/\/elfederalmendoza.com.ar\/index.php\/wp-json\/wp\/v2\/types\/post"}],"author":[{"embeddable":true,"href":"https:\/\/elfederalmendoza.com.ar\/index.php\/wp-json\/wp\/v2\/users\/2"}],"replies":[{"embeddable":true,"href":"https:\/\/elfederalmendoza.com.ar\/index.php\/wp-json\/wp\/v2\/comments?post=32757"}],"version-history":[{"count":1,"href":"https:\/\/elfederalmendoza.com.ar\/index.php\/wp-json\/wp\/v2\/posts\/32757\/revisions"}],"predecessor-version":[{"id":32758,"href":"https:\/\/elfederalmendoza.com.ar\/index.php\/wp-json\/wp\/v2\/posts\/32757\/revisions\/32758"}],"wp:featuredmedia":[{"embeddable":true,"href":"https:\/\/elfederalmendoza.com.ar\/index.php\/wp-json\/wp\/v2\/media\/29784"}],"wp:attachment":[{"href":"https:\/\/elfederalmendoza.com.ar\/index.php\/wp-json\/wp\/v2\/media?parent=32757"}],"wp:term":[{"taxonomy":"category","embeddable":true,"href":"https:\/\/elfederalmendoza.com.ar\/index.php\/wp-json\/wp\/v2\/categories?post=32757"},{"taxonomy":"post_tag","embeddable":true,"href":"https:\/\/elfederalmendoza.com.ar\/index.php\/wp-json\/wp\/v2\/tags?post=32757"}],"curies":[{"name":"wp","href":"https:\/\/api.w.org\/{rel}","templated":true}]}}