{"id":32763,"date":"2024-05-09T12:06:59","date_gmt":"2024-05-09T15:06:59","guid":{"rendered":"https:\/\/elfederalmendoza.com\/?p=32763"},"modified":"2024-05-09T12:07:00","modified_gmt":"2024-05-09T15:07:00","slug":"un-grupo-de-senadores-adhirieron-al-paro-de-la-cgt-y-no-fueron-a-trabajar","status":"publish","type":"post","link":"https:\/\/elfederalmendoza.com.ar\/index.php\/2024\/05\/09\/un-grupo-de-senadores-adhirieron-al-paro-de-la-cgt-y-no-fueron-a-trabajar\/","title":{"rendered":"Un grupo de Senadores adhirieron al paro de la CGT y no fueron a trabajar"},"content":{"rendered":"\n<p>Mientras las centrales obreras intentan mostrar un \u00e9xito en la adhesi\u00f3n al paro y el gobierno un fracaso, <strong>los senadores del interbloque Uni\u00f3n por la Patria<\/strong> no se hicieron presentes en el plenario de comisiones que debate la Ley de Bases.<\/p>\n\n\n\n<p>En ese escenario, esta ma\u00f1ana el senador por Neuqu\u00e9n\u00a0<strong>Oscar Parrilli<\/strong>\u00a0manifest\u00f3 su adhesi\u00f3n al\u00a0<strong>paro<\/strong>\u00a0convocado por la Confederaci\u00f3n General del Trabajo (CGT) y anunci\u00f3 que no asistir\u00e1 al Senado el d\u00eda de la huelga.<\/p>\n\n\n\n<p>\u00abNo voy a ir al&nbsp;<strong>Senado<\/strong>\u00ab, dijo el legislador esta ma\u00f1ana en una entrevista radial.&nbsp;&nbsp;Adem\u00e1s, expres\u00f3 que, aunque no pod\u00eda hablar en nombre de otros, ten\u00eda la impresi\u00f3n de que el resto del bloque tampoco asistir\u00eda. \u00abNo s\u00e9, creo que no van, pero no s\u00e9, yo no quiero responder por otros\u00bb, se\u00f1al\u00f3.<\/p>\n\n\n\n<p>La imagen del plenario de comisiones de Legislaci\u00f3n General, Presupuesto y Hacienda y Asuntos Constitucionales con las sillas vac\u00edas del lado del bloque peronista mostraron la adhesi\u00f3n de este espacio al reclamo de las centrales obreras.<\/p>\n\n\n\n<figure class=\"wp-block-image size-large\"><img loading=\"lazy\" decoding=\"async\" width=\"1024\" height=\"523\" src=\"https:\/\/elfederalmendoza.com\/wp-content\/uploads\/2024\/05\/senadores-ausentes-1024x523.jpg\" alt=\"\" class=\"wp-image-32765\" srcset=\"https:\/\/elfederalmendoza.com.ar\/wp-content\/uploads\/2024\/05\/senadores-ausentes-1024x523.jpg 1024w, https:\/\/elfederalmendoza.com.ar\/wp-content\/uploads\/2024\/05\/senadores-ausentes-300x153.jpg 300w, https:\/\/elfederalmendoza.com.ar\/wp-content\/uploads\/2024\/05\/senadores-ausentes-768x392.jpg 768w, https:\/\/elfederalmendoza.com.ar\/wp-content\/uploads\/2024\/05\/senadores-ausentes.jpg 1282w\" sizes=\"auto, (max-width: 1024px) 100vw, 1024px\" \/><\/figure>\n\n\n\n<p>Cuando se le\u00a0pregunt\u00f3 al senador por Neuqu\u00e9n si su decisi\u00f3n de no asistir estaba relacionada con su apoyo al paro, el senador fue directo: \u00abObviamente, claro\u00bb.\u00a0<strong>Parrilli<\/strong>\u00a0defendi\u00f3 el derecho a la protesta de los trabajadores y resalt\u00f3 la importancia de las huelgas en una democracia.<\/p>\n\n\n\n<p>\u00abEn el sistema de vida democr\u00e1tico en la&nbsp;<strong>Argentina<\/strong>, est\u00e1 prevista la existencia de los paros. Est\u00e1 en la Constituci\u00f3n Nacional. El mundo occidental, democr\u00e1tico, liberal, de Europa, de Estados Unidos, todos prev\u00e9n la realizaci\u00f3n de paros como una expresi\u00f3n de protesta de un sector de la sociedad, en este caso, los trabajadores, que no est\u00e1n de acuerdo con las pol\u00edticas que llevan adelante porque entienden que perjudican sus intereses\u00bb, afirm\u00f3.<\/p>\n\n\n\n<figure class=\"wp-block-image\"><img decoding=\"async\" src=\"https:\/\/www.mdzol.com\/u\/fotografias\/m\/2022\/7\/7\/f768x427-1246163_1293029_5050.jpg\" alt=\"\"\/><figcaption class=\"wp-element-caption\">El senador Parrilli confirm\u00f3 en una entrevista radical que no se presentar\u00e1 en el Senado.<\/figcaption><\/figure>\n\n\n\n<p>En ese contexto, critic\u00f3 a quienes se oponen a la huelga, consider\u00e1ndolos contrarios a una herramienta fundamental de la democracia. \u00abNo s\u00e9 por qu\u00e9 tanta agresividad en contra del paro\u00bb, cuestion\u00f3.<\/p>\n\n\n\n<p>Por el motivo del paro nacional convocado&nbsp;por la CGT,&nbsp;<strong>Parrilli<\/strong>&nbsp;destac\u00f3 que se trata de un mecanismo leg\u00edtimo para expresar el desacuerdo con las pol\u00edticas del gobierno actual, liderado por Javier Milei. \u00abDicen que reci\u00e9n empieza el gobierno de Javier Milei y que la CGT no le hizo paros a Alberto Fern\u00e1ndez cuando la gente no llegaba a fin de mes. Bueno, porque coincid\u00eda con la pol\u00edtica de Alberto Fern\u00e1ndez\u00bb, agreg\u00f3.<\/p>\n\n\n\n<p>Finalmente, reiter\u00f3 su compromiso con el derecho de los trabajadores a protestar y su oposici\u00f3n a las pol\u00edticas actuales que, seg\u00fan su percepci\u00f3n, perjudican a los sectores m\u00e1s vulnerables de la sociedad.<\/p>\n","protected":false},"excerpt":{"rendered":"<p>Mientras las centrales obreras intentan mostrar un \u00e9xito en la adhesi\u00f3n al paro y el gobierno un fracaso, los senadores del interbloque Uni\u00f3n por la Patria no se hicieron presentes en el plenario de comisiones que debate la Ley de Bases. En ese escenario, esta ma\u00f1ana el senador por Neuqu\u00e9n\u00a0Oscar Parrilli\u00a0manifest\u00f3 su adhesi\u00f3n al\u00a0paro\u00a0convocado por<a class=\"read-more\" href=\"https:\/\/elfederalmendoza.com.ar\/index.php\/2024\/05\/09\/un-grupo-de-senadores-adhirieron-al-paro-de-la-cgt-y-no-fueron-a-trabajar\/\"> [&hellip;]<\/a><\/p>\n","protected":false},"author":2,"featured_media":32766,"comment_status":"open","ping_status":"open","sticky":false,"template":"","format":"standard","meta":{"footnotes":""},"categories":[5618],"tags":[],"class_list":["post-32763","post","type-post","status-publish","format-standard","has-post-thumbnail","hentry","category-arg"],"rttpg_featured_image_url":{"full":["https:\/\/elfederalmendoza.com.ar\/wp-content\/uploads\/2024\/05\/senadores-uxp.jpg",1200,675,false],"landscape":["https:\/\/elfederalmendoza.com.ar\/wp-content\/uploads\/2024\/05\/senadores-uxp.jpg",1200,675,false],"portraits":["https:\/\/elfederalmendoza.com.ar\/wp-content\/uploads\/2024\/05\/senadores-uxp.jpg",1200,675,false],"thumbnail":["https:\/\/elfederalmendoza.com.ar\/wp-content\/uploads\/2024\/05\/senadores-uxp-150x150.jpg",150,150,true],"medium":["https:\/\/elfederalmendoza.com.ar\/wp-content\/uploads\/2024\/05\/senadores-uxp-300x169.jpg",300,169,true],"large":["https:\/\/elfederalmendoza.com.ar\/wp-content\/uploads\/2024\/05\/senadores-uxp-1024x576.jpg",640,360,true],"1536x1536":["https:\/\/elfederalmendoza.com.ar\/wp-content\/uploads\/2024\/05\/senadores-uxp.jpg",1200,675,false],"2048x2048":["https:\/\/elfederalmendoza.com.ar\/wp-content\/uploads\/2024\/05\/senadores-uxp.jpg",1200,675,false],"ultp_layout_landscape_large":["https:\/\/elfederalmendoza.com.ar\/wp-content\/uploads\/2024\/05\/senadores-uxp.jpg",1200,675,false],"ultp_layout_landscape":["https:\/\/elfederalmendoza.com.ar\/wp-content\/uploads\/2024\/05\/senadores-uxp-870x570.jpg",870,570,true],"ultp_layout_portrait":["https:\/\/elfederalmendoza.com.ar\/wp-content\/uploads\/2024\/05\/senadores-uxp-600x675.jpg",600,675,true],"ultp_layout_square":["https:\/\/elfederalmendoza.com.ar\/wp-content\/uploads\/2024\/05\/senadores-uxp-600x600.jpg",600,600,true],"rpwe-thumbnail":["https:\/\/elfederalmendoza.com.ar\/wp-content\/uploads\/2024\/05\/senadores-uxp-45x45.jpg",45,45,true],"advps-thumb-one":["https:\/\/elfederalmendoza.com.ar\/wp-content\/uploads\/2024\/05\/senadores-uxp-1200x420.jpg",1200,420,true]},"rttpg_author":{"display_name":"Redacci\u00f3n El Federal","author_link":"https:\/\/elfederalmendoza.com.ar\/index.php\/author\/angelflores\/"},"rttpg_comment":0,"rttpg_category":"<a href=\"https:\/\/elfederalmendoza.com.ar\/index.php\/category\/arg\/\" rel=\"category tag\">Argentina<\/a>","rttpg_excerpt":"Mientras las centrales obreras intentan mostrar un \u00e9xito en la adhesi\u00f3n al paro y el gobierno un fracaso, los senadores del interbloque Uni\u00f3n por la Patria no se hicieron presentes en el plenario de comisiones que debate la Ley de Bases. En ese escenario, esta ma\u00f1ana el senador por Neuqu\u00e9n\u00a0Oscar Parrilli\u00a0manifest\u00f3 su adhesi\u00f3n al\u00a0paro\u00a0convocado por&hellip;","_links":{"self":[{"href":"https:\/\/elfederalmendoza.com.ar\/index.php\/wp-json\/wp\/v2\/posts\/32763","targetHints":{"allow":["GET"]}}],"collection":[{"href":"https:\/\/elfederalmendoza.com.ar\/index.php\/wp-json\/wp\/v2\/posts"}],"about":[{"href":"https:\/\/elfederalmendoza.com.ar\/index.php\/wp-json\/wp\/v2\/types\/post"}],"author":[{"embeddable":true,"href":"https:\/\/elfederalmendoza.com.ar\/index.php\/wp-json\/wp\/v2\/users\/2"}],"replies":[{"embeddable":true,"href":"https:\/\/elfederalmendoza.com.ar\/index.php\/wp-json\/wp\/v2\/comments?post=32763"}],"version-history":[{"count":1,"href":"https:\/\/elfederalmendoza.com.ar\/index.php\/wp-json\/wp\/v2\/posts\/32763\/revisions"}],"predecessor-version":[{"id":32767,"href":"https:\/\/elfederalmendoza.com.ar\/index.php\/wp-json\/wp\/v2\/posts\/32763\/revisions\/32767"}],"wp:featuredmedia":[{"embeddable":true,"href":"https:\/\/elfederalmendoza.com.ar\/index.php\/wp-json\/wp\/v2\/media\/32766"}],"wp:attachment":[{"href":"https:\/\/elfederalmendoza.com.ar\/index.php\/wp-json\/wp\/v2\/media?parent=32763"}],"wp:term":[{"taxonomy":"category","embeddable":true,"href":"https:\/\/elfederalmendoza.com.ar\/index.php\/wp-json\/wp\/v2\/categories?post=32763"},{"taxonomy":"post_tag","embeddable":true,"href":"https:\/\/elfederalmendoza.com.ar\/index.php\/wp-json\/wp\/v2\/tags?post=32763"}],"curies":[{"name":"wp","href":"https:\/\/api.w.org\/{rel}","templated":true}]}}