{"id":32769,"date":"2024-05-09T18:58:00","date_gmt":"2024-05-09T21:58:00","guid":{"rendered":"https:\/\/elfederalmendoza.com\/?p=32769"},"modified":"2024-05-09T18:58:02","modified_gmt":"2024-05-09T21:58:02","slug":"una-camioneta-choco-contra-un-camion-en-las-catitas-y-se-desintegro-el-conductor-murio","status":"publish","type":"post","link":"https:\/\/elfederalmendoza.com.ar\/index.php\/2024\/05\/09\/una-camioneta-choco-contra-un-camion-en-las-catitas-y-se-desintegro-el-conductor-murio\/","title":{"rendered":"Una camioneta choc\u00f3 contra un cami\u00f3n en Las Catitas y \u00abse desintegr\u00f3\u00bb: el conductor muri\u00f3"},"content":{"rendered":"\n<p>En la tarde de este jueves un impresionante choque entre una&nbsp;<strong>camioneta<\/strong>&nbsp;y un&nbsp;<strong>cami\u00f3n<\/strong>&nbsp;dej\u00f3 como saldo una persona fallecida.<\/p>\n\n\n\n<p>El accidente ocurri\u00f3 en la ruta 153, seis kil\u00f3metros al sur de Las Catitas. Seg\u00fan report\u00f3 el Ministerio de Seguridad, el cami\u00f3n iba de Norte a Sur y la\u00a0<strong>Renault Duster<\/strong>\u00a0perdi\u00f3 el dominio, se cruz\u00f3 de carril e impact\u00f3 de lleno. Producto del fuerte impacto, la mitad de la cabina \u00abdesapareci\u00f3\u00bb.<\/p>\n\n\n\n<figure class=\"wp-block-image is-resized\"><img decoding=\"async\" src=\"https:\/\/www.mendozapost.com\/files\/image\/568\/568803\/663d36622cb0e_570_570!.jpg?s=535ffc932262bc42fb3511edc12d2c1f&amp;d=1715287652\" alt=\"\" style=\"width:840px;height:auto\"\/><figcaption class=\"wp-element-caption\">As\u00ed qued\u00f3 el auto en el que iba la v\u00edctima fatal.<\/figcaption><\/figure>\n\n\n\n<p>Ambos veh\u00edculos quedaron al costado este de la ruta. Las im\u00e1genes parecen reflejar que el impacto fue a muy alta velocidad.&nbsp;<\/p>\n\n\n\n<figure class=\"wp-block-image is-resized\"><img decoding=\"async\" src=\"https:\/\/www.mendozapost.com\/files\/image\/568\/568807\/663d3670c61e3_570_570!.jpg?s=e786e9131394a794281393b1b57810b5&amp;d=1715287667\" alt=\"\" style=\"width:840px;height:auto\"\/><figcaption class=\"wp-element-caption\">El cami\u00f3n que estuvo involucrado en el choque.<\/figcaption><\/figure>\n\n\n\n<p>La identidad de la v\u00edctima fatal todav\u00eda se desconoce. Tambi\u00e9n se investigan las causas del choque, en cuya escena trabaja la Polic\u00eda, bomberos y m\u00e9dicos del Servicio de Emergencias Coordinado (SEC).<\/p>\n\n\n\n<figure class=\"wp-block-image\"><img decoding=\"async\" src=\"https:\/\/www.mendozapost.com\/files\/image\/568\/568809\/663d367db0907_570_570!.jpg?s=93bf48adc5b931b3eaddfc0d73cb0bc9&amp;d=1715287680\" alt=\"\"\/><\/figure>\n","protected":false},"excerpt":{"rendered":"<p>En la tarde de este jueves un impresionante choque entre una&nbsp;camioneta&nbsp;y un&nbsp;cami\u00f3n&nbsp;dej\u00f3 como saldo una persona fallecida. El accidente ocurri\u00f3 en la ruta 153, seis kil\u00f3metros al sur de Las Catitas. Seg\u00fan report\u00f3 el Ministerio de Seguridad, el cami\u00f3n iba de Norte a Sur y la\u00a0Renault Duster\u00a0perdi\u00f3 el dominio, se cruz\u00f3 de carril e impact\u00f3<a class=\"read-more\" href=\"https:\/\/elfederalmendoza.com.ar\/index.php\/2024\/05\/09\/una-camioneta-choco-contra-un-camion-en-las-catitas-y-se-desintegro-el-conductor-murio\/\"> [&hellip;]<\/a><\/p>\n","protected":false},"author":2,"featured_media":32771,"comment_status":"open","ping_status":"open","sticky":false,"template":"","format":"standard","meta":{"footnotes":""},"categories":[1],"tags":[],"class_list":["post-32769","post","type-post","status-publish","format-standard","has-post-thumbnail","hentry","category-mza"],"rttpg_featured_image_url":{"full":["https:\/\/elfederalmendoza.com.ar\/wp-content\/uploads\/2024\/05\/noqui.jpg",1678,668,false],"landscape":["https:\/\/elfederalmendoza.com.ar\/wp-content\/uploads\/2024\/05\/noqui.jpg",1678,668,false],"portraits":["https:\/\/elfederalmendoza.com.ar\/wp-content\/uploads\/2024\/05\/noqui.jpg",1678,668,false],"thumbnail":["https:\/\/elfederalmendoza.com.ar\/wp-content\/uploads\/2024\/05\/noqui-150x150.jpg",150,150,true],"medium":["https:\/\/elfederalmendoza.com.ar\/wp-content\/uploads\/2024\/05\/noqui-300x119.jpg",300,119,true],"large":["https:\/\/elfederalmendoza.com.ar\/wp-content\/uploads\/2024\/05\/noqui-1024x408.jpg",640,255,true],"1536x1536":["https:\/\/elfederalmendoza.com.ar\/wp-content\/uploads\/2024\/05\/noqui-1536x611.jpg",1536,611,true],"2048x2048":["https:\/\/elfederalmendoza.com.ar\/wp-content\/uploads\/2024\/05\/noqui.jpg",1678,668,false],"ultp_layout_landscape_large":["https:\/\/elfederalmendoza.com.ar\/wp-content\/uploads\/2024\/05\/noqui-1200x668.jpg",1200,668,true],"ultp_layout_landscape":["https:\/\/elfederalmendoza.com.ar\/wp-content\/uploads\/2024\/05\/noqui-870x570.jpg",870,570,true],"ultp_layout_portrait":["https:\/\/elfederalmendoza.com.ar\/wp-content\/uploads\/2024\/05\/noqui-600x668.jpg",600,668,true],"ultp_layout_square":["https:\/\/elfederalmendoza.com.ar\/wp-content\/uploads\/2024\/05\/noqui-600x600.jpg",600,600,true],"rpwe-thumbnail":["https:\/\/elfederalmendoza.com.ar\/wp-content\/uploads\/2024\/05\/noqui-45x45.jpg",45,45,true],"advps-thumb-one":["https:\/\/elfederalmendoza.com.ar\/wp-content\/uploads\/2024\/05\/noqui-1200x420.jpg",1200,420,true]},"rttpg_author":{"display_name":"Redacci\u00f3n El Federal","author_link":"https:\/\/elfederalmendoza.com.ar\/index.php\/author\/angelflores\/"},"rttpg_comment":0,"rttpg_category":"<a href=\"https:\/\/elfederalmendoza.com.ar\/index.php\/category\/mza\/\" rel=\"category tag\">Mendoza<\/a>","rttpg_excerpt":"En la tarde de este jueves un impresionante choque entre una&nbsp;camioneta&nbsp;y un&nbsp;cami\u00f3n&nbsp;dej\u00f3 como saldo una persona fallecida. El accidente ocurri\u00f3 en la ruta 153, seis kil\u00f3metros al sur de Las Catitas. Seg\u00fan report\u00f3 el Ministerio de Seguridad, el cami\u00f3n iba de Norte a Sur y la\u00a0Renault Duster\u00a0perdi\u00f3 el dominio, se cruz\u00f3 de carril e impact\u00f3&hellip;","_links":{"self":[{"href":"https:\/\/elfederalmendoza.com.ar\/index.php\/wp-json\/wp\/v2\/posts\/32769","targetHints":{"allow":["GET"]}}],"collection":[{"href":"https:\/\/elfederalmendoza.com.ar\/index.php\/wp-json\/wp\/v2\/posts"}],"about":[{"href":"https:\/\/elfederalmendoza.com.ar\/index.php\/wp-json\/wp\/v2\/types\/post"}],"author":[{"embeddable":true,"href":"https:\/\/elfederalmendoza.com.ar\/index.php\/wp-json\/wp\/v2\/users\/2"}],"replies":[{"embeddable":true,"href":"https:\/\/elfederalmendoza.com.ar\/index.php\/wp-json\/wp\/v2\/comments?post=32769"}],"version-history":[{"count":1,"href":"https:\/\/elfederalmendoza.com.ar\/index.php\/wp-json\/wp\/v2\/posts\/32769\/revisions"}],"predecessor-version":[{"id":32772,"href":"https:\/\/elfederalmendoza.com.ar\/index.php\/wp-json\/wp\/v2\/posts\/32769\/revisions\/32772"}],"wp:featuredmedia":[{"embeddable":true,"href":"https:\/\/elfederalmendoza.com.ar\/index.php\/wp-json\/wp\/v2\/media\/32771"}],"wp:attachment":[{"href":"https:\/\/elfederalmendoza.com.ar\/index.php\/wp-json\/wp\/v2\/media?parent=32769"}],"wp:term":[{"taxonomy":"category","embeddable":true,"href":"https:\/\/elfederalmendoza.com.ar\/index.php\/wp-json\/wp\/v2\/categories?post=32769"},{"taxonomy":"post_tag","embeddable":true,"href":"https:\/\/elfederalmendoza.com.ar\/index.php\/wp-json\/wp\/v2\/tags?post=32769"}],"curies":[{"name":"wp","href":"https:\/\/api.w.org\/{rel}","templated":true}]}}