{"id":32775,"date":"2024-05-10T13:26:16","date_gmt":"2024-05-10T16:26:16","guid":{"rendered":"https:\/\/elfederalmendoza.com\/?p=32775"},"modified":"2024-05-10T13:26:16","modified_gmt":"2024-05-10T16:26:16","slug":"internaron-en-el-hospital-notti-a-un-nino-que-tiene-legionella-pneumophila","status":"publish","type":"post","link":"https:\/\/elfederalmendoza.com.ar\/index.php\/2024\/05\/10\/internaron-en-el-hospital-notti-a-un-nino-que-tiene-legionella-pneumophila\/","title":{"rendered":"Internaron en el Hospital Notti a un ni\u00f1o que tiene Legionella pneumophila"},"content":{"rendered":"\n<p>Este viernes, autoridades del&nbsp;<strong>Ministerio de Salud de Mendoza<\/strong>&nbsp;informaron que identificaron&nbsp;<strong>Legionella pneumophila<\/strong><mark>&nbsp;en un menor de 13 a\u00f1os&nbsp;<\/mark>que se encuentra internado en el hospital Humberto Notti con neumon\u00eda nosocomial.<\/p>\n\n\n\n<p>De acuerdo con la informaci\u00f3n brindada,&nbsp;<mark>el paciente se encuentra bajo tratamientos de antibi\u00f3ticos espec\u00edficos y<\/mark><mark>&nbsp;su evoluci\u00f3n ha sido favorable.<\/mark><\/p>\n\n\n\n<h2 class=\"wp-block-heading\" id=\"h-que-es-la-legionella-y-como-se-contagia\">Qu\u00e9 es la Legionella y c\u00f3mo se contagia<\/h2>\n\n\n\n<p><mark>La&nbsp;<em>Legionella<\/em>&nbsp;es una bacteria que vive en agua dulce, como lagos y arroyos, que se encuentra estancada o en recipientes.<\/mark><\/p>\n\n\n\n<p>Los pacientes que se contagian presentan s\u00edntomas como fiebre, tos, escalofr\u00edos o dolores musculares.&nbsp;<mark>La mayor\u00eda de las veces afectan a los pulmones, causando neumon\u00eda y s\u00edntomas similares a los de la gripe.<\/mark><\/p>\n\n\n\n<p><mark>No se transmite de persona a persona<\/mark>, sino por v\u00eda respiratoria al inhalar las gotitas que son las que contienen las bacterias.<\/p>\n\n\n\n<p><strong>Qui\u00e9nes tienen mayor riesgo de enfermarse<\/strong><\/p>\n\n\n\n<ul class=\"wp-block-list\">\n<li>Las personas de 50 a\u00f1os o mayores.<\/li>\n\n\n\n<li>Los fumadores o exfumadores.<\/li>\n\n\n\n<li>Las personas con enfermedad pulmonar cr\u00f3nica (como enfermedad pulmonar obstructiva cr\u00f3nica o enfisema).<\/li>\n\n\n\n<li>Quienes tienen el sistema inmunitario debilitado o toman medicamentos que lo debilitan (como despu\u00e9s de un trasplante de \u00f3rgano o por quimioterapia).<\/li>\n\n\n\n<li>Enfermos oncol\u00f3gicos.<\/li>\n\n\n\n<li>Las personas con enfermedades subyacentes (como diabetes, insuficiencia renal o insuficiencia hep\u00e1tica).<\/li>\n<\/ul>\n\n\n\n<h2 class=\"wp-block-heading\" id=\"h-tranquilidad-a-los-mendocinos\">Tranquilidad a los mendocinos<\/h2>\n\n\n\n<p>Frente a la detecci\u00f3n del caso, los profesionales del Notti implementaron los protocolos previstos para la actuaci\u00f3n en estos casos, tomando las muestras ambientales correspondientes para analizarla y aplicando las medidas recomendadas para el tratamiento.<\/p>\n\n\n\n<p>En tanto, desde el Programa de Control de Infecciones Asociadas al Cuidado de la Salud (IACS) indicaron algunas recomendaciones a seguir, ya que el hospital tiene un equipo de ingenieros y bioingenieros que trabajan en el mantenimiento hospitalario y asesoran a las autoridades en cuanto a la prevenci\u00f3n de este tipo de infecciones.<\/p>\n\n\n\n<p>Asimismo,&nbsp;<mark>el Ministerio de Salud y Deportes solicit\u00f3 llevar tranquilidad a la poblaci\u00f3n<\/mark>, ya que la situaci\u00f3n est\u00e1 controlada y los profesionales est\u00e1n monitoreando la evoluci\u00f3n.<\/p>\n\n\n\n<p><em>Fuente: El Sol<\/em><\/p>\n","protected":false},"excerpt":{"rendered":"<p>Este viernes, autoridades del&nbsp;Ministerio de Salud de Mendoza&nbsp;informaron que identificaron&nbsp;Legionella pneumophila&nbsp;en un menor de 13 a\u00f1os&nbsp;que se encuentra internado en el hospital Humberto Notti con neumon\u00eda nosocomial. De acuerdo con la informaci\u00f3n brindada,&nbsp;el paciente se encuentra bajo tratamientos de antibi\u00f3ticos espec\u00edficos y&nbsp;su evoluci\u00f3n ha sido favorable. Qu\u00e9 es la Legionella y c\u00f3mo se contagia La&nbsp;Legionella&nbsp;es<a class=\"read-more\" href=\"https:\/\/elfederalmendoza.com.ar\/index.php\/2024\/05\/10\/internaron-en-el-hospital-notti-a-un-nino-que-tiene-legionella-pneumophila\/\"> [&hellip;]<\/a><\/p>\n","protected":false},"author":2,"featured_media":20243,"comment_status":"open","ping_status":"open","sticky":false,"template":"","format":"standard","meta":{"footnotes":""},"categories":[1],"tags":[],"class_list":["post-32775","post","type-post","status-publish","format-standard","has-post-thumbnail","hentry","category-mza"],"rttpg_featured_image_url":{"full":["https:\/\/elfederalmendoza.com.ar\/wp-content\/uploads\/2023\/02\/notti.jpg",1138,588,false],"landscape":["https:\/\/elfederalmendoza.com.ar\/wp-content\/uploads\/2023\/02\/notti.jpg",1138,588,false],"portraits":["https:\/\/elfederalmendoza.com.ar\/wp-content\/uploads\/2023\/02\/notti.jpg",1138,588,false],"thumbnail":["https:\/\/elfederalmendoza.com.ar\/wp-content\/uploads\/2023\/02\/notti-150x150.jpg",150,150,true],"medium":["https:\/\/elfederalmendoza.com.ar\/wp-content\/uploads\/2023\/02\/notti-300x155.jpg",300,155,true],"large":["https:\/\/elfederalmendoza.com.ar\/wp-content\/uploads\/2023\/02\/notti-1024x529.jpg",640,331,true],"1536x1536":["https:\/\/elfederalmendoza.com.ar\/wp-content\/uploads\/2023\/02\/notti.jpg",1138,588,false],"2048x2048":["https:\/\/elfederalmendoza.com.ar\/wp-content\/uploads\/2023\/02\/notti.jpg",1138,588,false],"ultp_layout_landscape_large":["https:\/\/elfederalmendoza.com.ar\/wp-content\/uploads\/2023\/02\/notti.jpg",1138,588,false],"ultp_layout_landscape":["https:\/\/elfederalmendoza.com.ar\/wp-content\/uploads\/2023\/02\/notti-870x570.jpg",870,570,true],"ultp_layout_portrait":["https:\/\/elfederalmendoza.com.ar\/wp-content\/uploads\/2023\/02\/notti-600x588.jpg",600,588,true],"ultp_layout_square":["https:\/\/elfederalmendoza.com.ar\/wp-content\/uploads\/2023\/02\/notti-600x588.jpg",600,588,true],"rpwe-thumbnail":["https:\/\/elfederalmendoza.com.ar\/wp-content\/uploads\/2023\/02\/notti-45x45.jpg",45,45,true],"advps-thumb-one":["https:\/\/elfederalmendoza.com.ar\/wp-content\/uploads\/2023\/02\/notti-1138x420.jpg",1138,420,true]},"rttpg_author":{"display_name":"Redacci\u00f3n El Federal","author_link":"https:\/\/elfederalmendoza.com.ar\/index.php\/author\/angelflores\/"},"rttpg_comment":0,"rttpg_category":"<a href=\"https:\/\/elfederalmendoza.com.ar\/index.php\/category\/mza\/\" rel=\"category tag\">Mendoza<\/a>","rttpg_excerpt":"Este viernes, autoridades del&nbsp;Ministerio de Salud de Mendoza&nbsp;informaron que identificaron&nbsp;Legionella pneumophila&nbsp;en un menor de 13 a\u00f1os&nbsp;que se encuentra internado en el hospital Humberto Notti con neumon\u00eda nosocomial. De acuerdo con la informaci\u00f3n brindada,&nbsp;el paciente se encuentra bajo tratamientos de antibi\u00f3ticos espec\u00edficos y&nbsp;su evoluci\u00f3n ha sido favorable. Qu\u00e9 es la Legionella y c\u00f3mo se contagia La&nbsp;Legionella&nbsp;es&hellip;","_links":{"self":[{"href":"https:\/\/elfederalmendoza.com.ar\/index.php\/wp-json\/wp\/v2\/posts\/32775","targetHints":{"allow":["GET"]}}],"collection":[{"href":"https:\/\/elfederalmendoza.com.ar\/index.php\/wp-json\/wp\/v2\/posts"}],"about":[{"href":"https:\/\/elfederalmendoza.com.ar\/index.php\/wp-json\/wp\/v2\/types\/post"}],"author":[{"embeddable":true,"href":"https:\/\/elfederalmendoza.com.ar\/index.php\/wp-json\/wp\/v2\/users\/2"}],"replies":[{"embeddable":true,"href":"https:\/\/elfederalmendoza.com.ar\/index.php\/wp-json\/wp\/v2\/comments?post=32775"}],"version-history":[{"count":1,"href":"https:\/\/elfederalmendoza.com.ar\/index.php\/wp-json\/wp\/v2\/posts\/32775\/revisions"}],"predecessor-version":[{"id":32783,"href":"https:\/\/elfederalmendoza.com.ar\/index.php\/wp-json\/wp\/v2\/posts\/32775\/revisions\/32783"}],"wp:featuredmedia":[{"embeddable":true,"href":"https:\/\/elfederalmendoza.com.ar\/index.php\/wp-json\/wp\/v2\/media\/20243"}],"wp:attachment":[{"href":"https:\/\/elfederalmendoza.com.ar\/index.php\/wp-json\/wp\/v2\/media?parent=32775"}],"wp:term":[{"taxonomy":"category","embeddable":true,"href":"https:\/\/elfederalmendoza.com.ar\/index.php\/wp-json\/wp\/v2\/categories?post=32775"},{"taxonomy":"post_tag","embeddable":true,"href":"https:\/\/elfederalmendoza.com.ar\/index.php\/wp-json\/wp\/v2\/tags?post=32775"}],"curies":[{"name":"wp","href":"https:\/\/api.w.org\/{rel}","templated":true}]}}