{"id":32776,"date":"2024-05-10T13:27:52","date_gmt":"2024-05-10T16:27:52","guid":{"rendered":"https:\/\/elfederalmendoza.com\/?p=32776"},"modified":"2024-05-10T13:27:53","modified_gmt":"2024-05-10T16:27:53","slug":"inseguridad-imparable-en-mendoza-le-robaron-la-moto-cuando-llegaba-a-la-casa-de-su-novia-en-las-heras","status":"publish","type":"post","link":"https:\/\/elfederalmendoza.com.ar\/index.php\/2024\/05\/10\/inseguridad-imparable-en-mendoza-le-robaron-la-moto-cuando-llegaba-a-la-casa-de-su-novia-en-las-heras\/","title":{"rendered":"Inseguridad imparable en Mendoza: le robaron la moto cuando llegaba a la casa de su novia en Las Heras"},"content":{"rendered":"\n<p>En el departamento de\u00a0<strong>Las Heras<\/strong>, un hombre de 36 a\u00f1os fue v\u00edctima de un\u00a0<strong>asalto\u00a0<\/strong>en el cual le arrebataron todas sus posesiones, incluyendo una\u00a0<strong>moto<\/strong>.<\/p>\n\n\n\n<p>El incidente tuvo lugar alrededor de las 2.00 de la madrugada de este viernes, en la intersecci\u00f3n de las calles Monse\u00f1or Verdaguer y Pte. Roberto Ortiz. <\/p>\n\n\n\n<p>Seg\u00fan relat\u00f3 la v\u00edctima, mientras se dirig\u00eda a la casa de su\u00a0<strong>pareja<\/strong>, fue interceptado por individuos armados, quienes lo amenazaron y despojaron de un celular, una billetera que conten\u00eda documentaci\u00f3n personal, y una\u00a0<strong>moto\u00a0<\/strong>marca Honda de 125 cc.<\/p>\n\n\n\n<p>La Oficina Fiscal 5 tom\u00f3 intervenci\u00f3n en el caso, investigando este acto delictivo.<\/p>\n\n\n\n<p><em>Fuente: Diario Mendoza<\/em><\/p>\n","protected":false},"excerpt":{"rendered":"<p>En el departamento de\u00a0Las Heras, un hombre de 36 a\u00f1os fue v\u00edctima de un\u00a0asalto\u00a0en el cual le arrebataron todas sus posesiones, incluyendo una\u00a0moto. El incidente tuvo lugar alrededor de las 2.00 de la madrugada de este viernes, en la intersecci\u00f3n de las calles Monse\u00f1or Verdaguer y Pte. Roberto Ortiz. Seg\u00fan relat\u00f3 la v\u00edctima, mientras se<a class=\"read-more\" href=\"https:\/\/elfederalmendoza.com.ar\/index.php\/2024\/05\/10\/inseguridad-imparable-en-mendoza-le-robaron-la-moto-cuando-llegaba-a-la-casa-de-su-novia-en-las-heras\/\"> [&hellip;]<\/a><\/p>\n","protected":false},"author":2,"featured_media":20490,"comment_status":"open","ping_status":"open","sticky":false,"template":"","format":"standard","meta":{"footnotes":""},"categories":[1],"tags":[],"class_list":["post-32776","post","type-post","status-publish","format-standard","has-post-thumbnail","hentry","category-mza"],"rttpg_featured_image_url":{"full":["https:\/\/elfederalmendoza.com.ar\/wp-content\/uploads\/2023\/02\/policia-mendoza2.jpg",1049,554,false],"landscape":["https:\/\/elfederalmendoza.com.ar\/wp-content\/uploads\/2023\/02\/policia-mendoza2.jpg",1049,554,false],"portraits":["https:\/\/elfederalmendoza.com.ar\/wp-content\/uploads\/2023\/02\/policia-mendoza2.jpg",1049,554,false],"thumbnail":["https:\/\/elfederalmendoza.com.ar\/wp-content\/uploads\/2023\/02\/policia-mendoza2-150x150.jpg",150,150,true],"medium":["https:\/\/elfederalmendoza.com.ar\/wp-content\/uploads\/2023\/02\/policia-mendoza2-300x158.jpg",300,158,true],"large":["https:\/\/elfederalmendoza.com.ar\/wp-content\/uploads\/2023\/02\/policia-mendoza2-1024x541.jpg",640,338,true],"1536x1536":["https:\/\/elfederalmendoza.com.ar\/wp-content\/uploads\/2023\/02\/policia-mendoza2.jpg",1049,554,false],"2048x2048":["https:\/\/elfederalmendoza.com.ar\/wp-content\/uploads\/2023\/02\/policia-mendoza2.jpg",1049,554,false],"ultp_layout_landscape_large":["https:\/\/elfederalmendoza.com.ar\/wp-content\/uploads\/2023\/02\/policia-mendoza2.jpg",1049,554,false],"ultp_layout_landscape":["https:\/\/elfederalmendoza.com.ar\/wp-content\/uploads\/2023\/02\/policia-mendoza2-870x554.jpg",870,554,true],"ultp_layout_portrait":["https:\/\/elfederalmendoza.com.ar\/wp-content\/uploads\/2023\/02\/policia-mendoza2-600x554.jpg",600,554,true],"ultp_layout_square":["https:\/\/elfederalmendoza.com.ar\/wp-content\/uploads\/2023\/02\/policia-mendoza2-600x554.jpg",600,554,true],"rpwe-thumbnail":["https:\/\/elfederalmendoza.com.ar\/wp-content\/uploads\/2023\/02\/policia-mendoza2-45x45.jpg",45,45,true],"advps-thumb-one":["https:\/\/elfederalmendoza.com.ar\/wp-content\/uploads\/2023\/02\/policia-mendoza2-1049x420.jpg",1049,420,true]},"rttpg_author":{"display_name":"Redacci\u00f3n El Federal","author_link":"https:\/\/elfederalmendoza.com.ar\/index.php\/author\/angelflores\/"},"rttpg_comment":0,"rttpg_category":"<a href=\"https:\/\/elfederalmendoza.com.ar\/index.php\/category\/mza\/\" rel=\"category tag\">Mendoza<\/a>","rttpg_excerpt":"En el departamento de\u00a0Las Heras, un hombre de 36 a\u00f1os fue v\u00edctima de un\u00a0asalto\u00a0en el cual le arrebataron todas sus posesiones, incluyendo una\u00a0moto. El incidente tuvo lugar alrededor de las 2.00 de la madrugada de este viernes, en la intersecci\u00f3n de las calles Monse\u00f1or Verdaguer y Pte. Roberto Ortiz. Seg\u00fan relat\u00f3 la v\u00edctima, mientras se&hellip;","_links":{"self":[{"href":"https:\/\/elfederalmendoza.com.ar\/index.php\/wp-json\/wp\/v2\/posts\/32776","targetHints":{"allow":["GET"]}}],"collection":[{"href":"https:\/\/elfederalmendoza.com.ar\/index.php\/wp-json\/wp\/v2\/posts"}],"about":[{"href":"https:\/\/elfederalmendoza.com.ar\/index.php\/wp-json\/wp\/v2\/types\/post"}],"author":[{"embeddable":true,"href":"https:\/\/elfederalmendoza.com.ar\/index.php\/wp-json\/wp\/v2\/users\/2"}],"replies":[{"embeddable":true,"href":"https:\/\/elfederalmendoza.com.ar\/index.php\/wp-json\/wp\/v2\/comments?post=32776"}],"version-history":[{"count":1,"href":"https:\/\/elfederalmendoza.com.ar\/index.php\/wp-json\/wp\/v2\/posts\/32776\/revisions"}],"predecessor-version":[{"id":32786,"href":"https:\/\/elfederalmendoza.com.ar\/index.php\/wp-json\/wp\/v2\/posts\/32776\/revisions\/32786"}],"wp:featuredmedia":[{"embeddable":true,"href":"https:\/\/elfederalmendoza.com.ar\/index.php\/wp-json\/wp\/v2\/media\/20490"}],"wp:attachment":[{"href":"https:\/\/elfederalmendoza.com.ar\/index.php\/wp-json\/wp\/v2\/media?parent=32776"}],"wp:term":[{"taxonomy":"category","embeddable":true,"href":"https:\/\/elfederalmendoza.com.ar\/index.php\/wp-json\/wp\/v2\/categories?post=32776"},{"taxonomy":"post_tag","embeddable":true,"href":"https:\/\/elfederalmendoza.com.ar\/index.php\/wp-json\/wp\/v2\/tags?post=32776"}],"curies":[{"name":"wp","href":"https:\/\/api.w.org\/{rel}","templated":true}]}}