{"id":32777,"date":"2024-05-10T13:24:35","date_gmt":"2024-05-10T16:24:35","guid":{"rendered":"https:\/\/elfederalmendoza.com\/?p=32777"},"modified":"2024-05-10T13:24:37","modified_gmt":"2024-05-10T16:24:37","slug":"la-increible-historia-de-el-tatotito-el-soldadito-de-la-yaqui-acusado-de-asesinar-a-un-lider-narco-en-godoy-cruz","status":"publish","type":"post","link":"https:\/\/elfederalmendoza.com.ar\/index.php\/2024\/05\/10\/la-increible-historia-de-el-tatotito-el-soldadito-de-la-yaqui-acusado-de-asesinar-a-un-lider-narco-en-godoy-cruz\/","title":{"rendered":"La incre\u00edble historia de \u00abEl Tatotito\u00bb, el soldadito de \u00abLa Yaqui\u00bb acusado de asesinar a un l\u00edder narco en Godoy Cruz"},"content":{"rendered":"\n<p>Nehu\u00e9n Mart\u00ednez, conocido como\u00a0<strong>El Tatotito<\/strong>, fue capturado este viernes en Campo Papa. Era buscado por la Polic\u00eda acusado de ser el autor del crimen de Miguel \u00c1ngel Valdivia, uno de los jefes narcos del Oeste de Godoy Cruz.<\/p>\n\n\n\n<p>El joven de 19 a\u00f1os es conocido en la zona como&nbsp;<strong>uno de los soldaditos de la jefa narco Sandra Yaqui Vargas (48)<\/strong>.<\/p>\n\n\n\n<p>Fue se\u00f1alado por los testigos y por la propia v\u00edctima del asesinato como el autor de los 9 disparos que le provocaron la muerte al&nbsp;<strong>Pollo Valdivia&nbsp;<\/strong>el pasado 6 de marzo en la puerta de su gomer\u00eda -para los pesquisas era un kiosco de venta de drogas- ubicada en calle Salvador Civit al 980.<\/p>\n\n\n\n<p>Fue trasladado a sede del Polo Judicial, donde se le realizar\u00e1 la<strong>\u00a0imputaci\u00f3n\u00a0<\/strong>del delito que se investiga.<\/p>\n\n\n\n<h2 class=\"wp-block-heading\">Escap\u00f3 del megaoperativo en Campo Papa<\/h2>\n\n\n\n<p>El Tatotito era uno de los m\u00e1s buscados por la Polic\u00eda en los procedimientos que se realizaron a mediados de marzo en el Campo Papa.<\/p>\n\n\n\n<p>De hecho se realiz\u00f3 un allanamiento en su domicilio, donde las autoridades policiales detuvieron a un morador que empez\u00f3 a escapar por los techos y creyeron que era \u00e9l, pero finalmente lo identificaron como<strong>&nbsp;su hermano<\/strong>, por lo que qued\u00f3 en libertad.<\/p>\n\n\n\n<p>Nehu\u00e9n Mart\u00ednez&nbsp;<strong>se mostraba armado en las redes sociales<\/strong>. Antes de alcanzar la mayor\u00eda de edad, fue aprehendido varias veces.<\/p>\n\n\n\n<p>Incluso permaneci\u00f3 en el&nbsp;<strong>Sistema de Responsabilidad Juvenil (ex COSE)<\/strong>&nbsp;al ser acusado de ser el autor de un primer ataque a Valdivia, sucedido el 9 de noviembre de 2021. En aquel hecho, una de las balas impact\u00f3 en la columna vertebral del jefe narco&nbsp;<strong>dej\u00e1ndolo en silla de ruedas<\/strong>.<\/p>\n\n\n\n<p>El Tatotito recuper\u00f3 la libertad por esa acusaci\u00f3n en abril del 2022.<\/p>\n\n\n\n<h2 class=\"wp-block-heading\">El crimen por el que se acusa al Tatotito<\/h2>\n\n\n\n<p>La detenci\u00f3n de este viernes es por finalmente haber&nbsp;<strong>acribillado de 9 tiros a aquel sujeto<\/strong>.<\/p>\n\n\n\n<p><strong>El Pollo Valdivia -la v\u00edctima- pertenec\u00eda a una familia que desde hace m\u00e1s de una d\u00e9cada ven\u00eda arrastrando problemas con la banda de la Yaqui Vargas<\/strong>&nbsp;en la disputa por el poder de la venta de drogas del barrio godoycruce\u00f1o.<\/p>\n\n\n\n<p>El&nbsp;<strong>6 de marzo, se encontraba trabajando en su gomer\u00eda cuando fue atacado a balazos.<\/strong>&nbsp;El Pollo fue trasladado en un auto particular hasta el Hospital El Carmen, donde ingres\u00f3 sin vida.<\/p>\n\n\n\n<p>Minutos antes de morir,&nbsp;<strong>alcanz\u00f3 a se\u00f1alar al Tatotito como el sicario<\/strong>.<\/p>\n\n\n\n<p>Valdivia ten\u00eda tambi\u00e9n un v\u00ednculo con\u00a0<strong>Alan Forquera, conocido como El Farolito<\/strong>, otro presunto l\u00edder delictivo quien fue detenido el 12 de marzo en el megaoperativo en Campo Papa.<\/p>\n\n\n\n<p><em>Fuente: Diario Uno<\/em><\/p>\n","protected":false},"excerpt":{"rendered":"<p>Nehu\u00e9n Mart\u00ednez, conocido como\u00a0El Tatotito, fue capturado este viernes en Campo Papa. Era buscado por la Polic\u00eda acusado de ser el autor del crimen de Miguel \u00c1ngel Valdivia, uno de los jefes narcos del Oeste de Godoy Cruz. El joven de 19 a\u00f1os es conocido en la zona como&nbsp;uno de los soldaditos de la jefa<a class=\"read-more\" href=\"https:\/\/elfederalmendoza.com.ar\/index.php\/2024\/05\/10\/la-increible-historia-de-el-tatotito-el-soldadito-de-la-yaqui-acusado-de-asesinar-a-un-lider-narco-en-godoy-cruz\/\"> [&hellip;]<\/a><\/p>\n","protected":false},"author":2,"featured_media":32778,"comment_status":"open","ping_status":"open","sticky":false,"template":"","format":"standard","meta":{"footnotes":""},"categories":[1],"tags":[],"class_list":["post-32777","post","type-post","status-publish","format-standard","has-post-thumbnail","hentry","category-mza"],"rttpg_featured_image_url":{"full":["https:\/\/elfederalmendoza.com.ar\/wp-content\/uploads\/2024\/05\/tatotito-detenidojpg.webp",1200,675,false],"landscape":["https:\/\/elfederalmendoza.com.ar\/wp-content\/uploads\/2024\/05\/tatotito-detenidojpg.webp",1200,675,false],"portraits":["https:\/\/elfederalmendoza.com.ar\/wp-content\/uploads\/2024\/05\/tatotito-detenidojpg.webp",1200,675,false],"thumbnail":["https:\/\/elfederalmendoza.com.ar\/wp-content\/uploads\/2024\/05\/tatotito-detenidojpg-150x150.webp",150,150,true],"medium":["https:\/\/elfederalmendoza.com.ar\/wp-content\/uploads\/2024\/05\/tatotito-detenidojpg-300x169.webp",300,169,true],"large":["https:\/\/elfederalmendoza.com.ar\/wp-content\/uploads\/2024\/05\/tatotito-detenidojpg-1024x576.webp",640,360,true],"1536x1536":["https:\/\/elfederalmendoza.com.ar\/wp-content\/uploads\/2024\/05\/tatotito-detenidojpg.webp",1200,675,false],"2048x2048":["https:\/\/elfederalmendoza.com.ar\/wp-content\/uploads\/2024\/05\/tatotito-detenidojpg.webp",1200,675,false],"ultp_layout_landscape_large":["https:\/\/elfederalmendoza.com.ar\/wp-content\/uploads\/2024\/05\/tatotito-detenidojpg.webp",1200,675,false],"ultp_layout_landscape":["https:\/\/elfederalmendoza.com.ar\/wp-content\/uploads\/2024\/05\/tatotito-detenidojpg-870x570.webp",870,570,true],"ultp_layout_portrait":["https:\/\/elfederalmendoza.com.ar\/wp-content\/uploads\/2024\/05\/tatotito-detenidojpg-600x675.webp",600,675,true],"ultp_layout_square":["https:\/\/elfederalmendoza.com.ar\/wp-content\/uploads\/2024\/05\/tatotito-detenidojpg-600x600.webp",600,600,true],"rpwe-thumbnail":["https:\/\/elfederalmendoza.com.ar\/wp-content\/uploads\/2024\/05\/tatotito-detenidojpg-45x45.webp",45,45,true],"advps-thumb-one":["https:\/\/elfederalmendoza.com.ar\/wp-content\/uploads\/2024\/05\/tatotito-detenidojpg-1200x420.webp",1200,420,true]},"rttpg_author":{"display_name":"Redacci\u00f3n El Federal","author_link":"https:\/\/elfederalmendoza.com.ar\/index.php\/author\/angelflores\/"},"rttpg_comment":0,"rttpg_category":"<a href=\"https:\/\/elfederalmendoza.com.ar\/index.php\/category\/mza\/\" rel=\"category tag\">Mendoza<\/a>","rttpg_excerpt":"Nehu\u00e9n Mart\u00ednez, conocido como\u00a0El Tatotito, fue capturado este viernes en Campo Papa. Era buscado por la Polic\u00eda acusado de ser el autor del crimen de Miguel \u00c1ngel Valdivia, uno de los jefes narcos del Oeste de Godoy Cruz. El joven de 19 a\u00f1os es conocido en la zona como&nbsp;uno de los soldaditos de la jefa&hellip;","_links":{"self":[{"href":"https:\/\/elfederalmendoza.com.ar\/index.php\/wp-json\/wp\/v2\/posts\/32777","targetHints":{"allow":["GET"]}}],"collection":[{"href":"https:\/\/elfederalmendoza.com.ar\/index.php\/wp-json\/wp\/v2\/posts"}],"about":[{"href":"https:\/\/elfederalmendoza.com.ar\/index.php\/wp-json\/wp\/v2\/types\/post"}],"author":[{"embeddable":true,"href":"https:\/\/elfederalmendoza.com.ar\/index.php\/wp-json\/wp\/v2\/users\/2"}],"replies":[{"embeddable":true,"href":"https:\/\/elfederalmendoza.com.ar\/index.php\/wp-json\/wp\/v2\/comments?post=32777"}],"version-history":[{"count":1,"href":"https:\/\/elfederalmendoza.com.ar\/index.php\/wp-json\/wp\/v2\/posts\/32777\/revisions"}],"predecessor-version":[{"id":32780,"href":"https:\/\/elfederalmendoza.com.ar\/index.php\/wp-json\/wp\/v2\/posts\/32777\/revisions\/32780"}],"wp:featuredmedia":[{"embeddable":true,"href":"https:\/\/elfederalmendoza.com.ar\/index.php\/wp-json\/wp\/v2\/media\/32778"}],"wp:attachment":[{"href":"https:\/\/elfederalmendoza.com.ar\/index.php\/wp-json\/wp\/v2\/media?parent=32777"}],"wp:term":[{"taxonomy":"category","embeddable":true,"href":"https:\/\/elfederalmendoza.com.ar\/index.php\/wp-json\/wp\/v2\/categories?post=32777"},{"taxonomy":"post_tag","embeddable":true,"href":"https:\/\/elfederalmendoza.com.ar\/index.php\/wp-json\/wp\/v2\/tags?post=32777"}],"curies":[{"name":"wp","href":"https:\/\/api.w.org\/{rel}","templated":true}]}}