{"id":32788,"date":"2024-05-11T08:43:58","date_gmt":"2024-05-11T11:43:58","guid":{"rendered":"https:\/\/elfederalmendoza.com\/?p=32788"},"modified":"2024-05-11T08:43:58","modified_gmt":"2024-05-11T11:43:58","slug":"arrestaron-en-san-martin-a-una-madre-que-fue-filmada-golpeando-a-su-hija-de-4-anos-con-un-cinturon","status":"publish","type":"post","link":"https:\/\/elfederalmendoza.com.ar\/index.php\/2024\/05\/11\/arrestaron-en-san-martin-a-una-madre-que-fue-filmada-golpeando-a-su-hija-de-4-anos-con-un-cinturon\/","title":{"rendered":"Arrestaron en San Mart\u00edn a una madre que fue filmada golpeando a su hija de 4 a\u00f1os con un cintur\u00f3n"},"content":{"rendered":"\n<p>Un nuevo caso de\u00a0<strong>maltrato infantil\u00a0<\/strong>comenz\u00f3 a investigarse en la Justicia y una\u00a0<strong>joven de 19 a\u00f1os qued\u00f3 detenida<\/strong>. La sospechosa fue filmada mientras golpeaba con un cintur\u00f3n y amenazaba a su hija de 4 a\u00f1os en un domicilio ubicado en\u00a0<strong>San Mart\u00edn<\/strong>.<\/p>\n\n\n\n<p>La pesquisa se inici\u00f3 luego de que el video lleg\u00f3 a manos de las autoridades de la Justicia. En las im\u00e1genes se puede ver que la mujer -se reserva su identidad para resguardar la de la v\u00edctima menor de edad-<strong>&nbsp;golpea con un cintur\u00f3n y con su mano a la peque\u00f1a.&nbsp;<\/strong>Mientras la insulta, le grita \u00abparate porque te hago re cagar\u00bb.<\/p>\n\n\n\n<p>La v\u00edctima le pide auxilio a un joven que est\u00e1 presente en el lugar, ante lo que<strong>\u00a0la agresora le grita \u00abel otro culiado no te defiende\u00bb y \u00abte voy a dejar la boca morada\u00bb.<\/strong><\/p>\n\n\n\n<p>La causa qued\u00f3 en manos del fiscal correccional Tabar\u00e9 Ezcurra, quien&nbsp;<strong>orden\u00f3 la detenci\u00f3n de la sospechosa, que se concret\u00f3 en la localidad de Tres Porte\u00f1as.<\/strong><\/p>\n\n\n\n<p>La mujer qued\u00f3 alojada en la Comisar\u00eda 39 y ser\u00e1<strong>&nbsp;imputada por los delitos de lesiones leves agravadas por el v\u00ednculo y amenazas agravadas por el uso de arma impropia.<\/strong><\/p>\n\n\n\n<p>En las pr\u00f3ximas horas se definir\u00e1 si contin\u00faa detenida. Si bien es un delito excarcelable, trascendi\u00f3 que la joven tiene antecedentes por delitos contra la propiedad y contra las personas.<\/p>\n\n\n\n<p><em>Fuente: Diario Uno<\/em><\/p>\n","protected":false},"excerpt":{"rendered":"<p>Un nuevo caso de\u00a0maltrato infantil\u00a0comenz\u00f3 a investigarse en la Justicia y una\u00a0joven de 19 a\u00f1os qued\u00f3 detenida. La sospechosa fue filmada mientras golpeaba con un cintur\u00f3n y amenazaba a su hija de 4 a\u00f1os en un domicilio ubicado en\u00a0San Mart\u00edn. La pesquisa se inici\u00f3 luego de que el video lleg\u00f3 a manos de las autoridades<a class=\"read-more\" href=\"https:\/\/elfederalmendoza.com.ar\/index.php\/2024\/05\/11\/arrestaron-en-san-martin-a-una-madre-que-fue-filmada-golpeando-a-su-hija-de-4-anos-con-un-cinturon\/\"> [&hellip;]<\/a><\/p>\n","protected":false},"author":2,"featured_media":32790,"comment_status":"open","ping_status":"open","sticky":false,"template":"","format":"standard","meta":{"footnotes":""},"categories":[1],"tags":[],"class_list":["post-32788","post","type-post","status-publish","format-standard","has-post-thumbnail","hentry","category-mza"],"rttpg_featured_image_url":{"full":["https:\/\/elfederalmendoza.com.ar\/wp-content\/uploads\/2024\/05\/maltrato-infantil-brenda-avilajpg.webp",1200,675,false],"landscape":["https:\/\/elfederalmendoza.com.ar\/wp-content\/uploads\/2024\/05\/maltrato-infantil-brenda-avilajpg.webp",1200,675,false],"portraits":["https:\/\/elfederalmendoza.com.ar\/wp-content\/uploads\/2024\/05\/maltrato-infantil-brenda-avilajpg.webp",1200,675,false],"thumbnail":["https:\/\/elfederalmendoza.com.ar\/wp-content\/uploads\/2024\/05\/maltrato-infantil-brenda-avilajpg-150x150.webp",150,150,true],"medium":["https:\/\/elfederalmendoza.com.ar\/wp-content\/uploads\/2024\/05\/maltrato-infantil-brenda-avilajpg-300x169.webp",300,169,true],"large":["https:\/\/elfederalmendoza.com.ar\/wp-content\/uploads\/2024\/05\/maltrato-infantil-brenda-avilajpg-1024x576.webp",640,360,true],"1536x1536":["https:\/\/elfederalmendoza.com.ar\/wp-content\/uploads\/2024\/05\/maltrato-infantil-brenda-avilajpg.webp",1200,675,false],"2048x2048":["https:\/\/elfederalmendoza.com.ar\/wp-content\/uploads\/2024\/05\/maltrato-infantil-brenda-avilajpg.webp",1200,675,false],"ultp_layout_landscape_large":["https:\/\/elfederalmendoza.com.ar\/wp-content\/uploads\/2024\/05\/maltrato-infantil-brenda-avilajpg.webp",1200,675,false],"ultp_layout_landscape":["https:\/\/elfederalmendoza.com.ar\/wp-content\/uploads\/2024\/05\/maltrato-infantil-brenda-avilajpg-870x570.webp",870,570,true],"ultp_layout_portrait":["https:\/\/elfederalmendoza.com.ar\/wp-content\/uploads\/2024\/05\/maltrato-infantil-brenda-avilajpg-600x675.webp",600,675,true],"ultp_layout_square":["https:\/\/elfederalmendoza.com.ar\/wp-content\/uploads\/2024\/05\/maltrato-infantil-brenda-avilajpg-600x600.webp",600,600,true],"rpwe-thumbnail":["https:\/\/elfederalmendoza.com.ar\/wp-content\/uploads\/2024\/05\/maltrato-infantil-brenda-avilajpg-45x45.webp",45,45,true],"advps-thumb-one":["https:\/\/elfederalmendoza.com.ar\/wp-content\/uploads\/2024\/05\/maltrato-infantil-brenda-avilajpg-1200x420.webp",1200,420,true]},"rttpg_author":{"display_name":"Redacci\u00f3n El Federal","author_link":"https:\/\/elfederalmendoza.com.ar\/index.php\/author\/angelflores\/"},"rttpg_comment":0,"rttpg_category":"<a href=\"https:\/\/elfederalmendoza.com.ar\/index.php\/category\/mza\/\" rel=\"category tag\">Mendoza<\/a>","rttpg_excerpt":"Un nuevo caso de\u00a0maltrato infantil\u00a0comenz\u00f3 a investigarse en la Justicia y una\u00a0joven de 19 a\u00f1os qued\u00f3 detenida. La sospechosa fue filmada mientras golpeaba con un cintur\u00f3n y amenazaba a su hija de 4 a\u00f1os en un domicilio ubicado en\u00a0San Mart\u00edn. La pesquisa se inici\u00f3 luego de que el video lleg\u00f3 a manos de las autoridades&hellip;","_links":{"self":[{"href":"https:\/\/elfederalmendoza.com.ar\/index.php\/wp-json\/wp\/v2\/posts\/32788","targetHints":{"allow":["GET"]}}],"collection":[{"href":"https:\/\/elfederalmendoza.com.ar\/index.php\/wp-json\/wp\/v2\/posts"}],"about":[{"href":"https:\/\/elfederalmendoza.com.ar\/index.php\/wp-json\/wp\/v2\/types\/post"}],"author":[{"embeddable":true,"href":"https:\/\/elfederalmendoza.com.ar\/index.php\/wp-json\/wp\/v2\/users\/2"}],"replies":[{"embeddable":true,"href":"https:\/\/elfederalmendoza.com.ar\/index.php\/wp-json\/wp\/v2\/comments?post=32788"}],"version-history":[{"count":1,"href":"https:\/\/elfederalmendoza.com.ar\/index.php\/wp-json\/wp\/v2\/posts\/32788\/revisions"}],"predecessor-version":[{"id":32791,"href":"https:\/\/elfederalmendoza.com.ar\/index.php\/wp-json\/wp\/v2\/posts\/32788\/revisions\/32791"}],"wp:featuredmedia":[{"embeddable":true,"href":"https:\/\/elfederalmendoza.com.ar\/index.php\/wp-json\/wp\/v2\/media\/32790"}],"wp:attachment":[{"href":"https:\/\/elfederalmendoza.com.ar\/index.php\/wp-json\/wp\/v2\/media?parent=32788"}],"wp:term":[{"taxonomy":"category","embeddable":true,"href":"https:\/\/elfederalmendoza.com.ar\/index.php\/wp-json\/wp\/v2\/categories?post=32788"},{"taxonomy":"post_tag","embeddable":true,"href":"https:\/\/elfederalmendoza.com.ar\/index.php\/wp-json\/wp\/v2\/tags?post=32788"}],"curies":[{"name":"wp","href":"https:\/\/api.w.org\/{rel}","templated":true}]}}