{"id":32793,"date":"2024-05-13T18:25:54","date_gmt":"2024-05-13T21:25:54","guid":{"rendered":"https:\/\/elfederalmendoza.com\/?p=32793"},"modified":"2024-05-13T18:26:42","modified_gmt":"2024-05-13T21:26:42","slug":"estos-son-los-escandosos-chats-extorsivos-de-piqueteros-del-polo-obrero-y-otras-organizaciones","status":"publish","type":"post","link":"https:\/\/elfederalmendoza.com.ar\/index.php\/2024\/05\/13\/estos-son-los-escandosos-chats-extorsivos-de-piqueteros-del-polo-obrero-y-otras-organizaciones\/","title":{"rendered":"Estos son los escandosos chats extorsivos de piqueteros del Polo Obrero y otras organizaciones a beneficiarios de planes sociales"},"content":{"rendered":"\n<p><img loading=\"lazy\" decoding=\"async\" height=\"232\" width=\"789\" class=\"\" src=\"https:\/\/www.infobae.com\/new-resizer\/zqEsF2WU-6vo6oo41kZ-paPf1S8=\/arc-anglerfish-arc2-prod-infobae\/public\/TXA6VAVNQNEOBDVISLANZ3DD44.jpeg\" alt=\"Los chats de la causa que investiga a piqueteros por extorsi\u00f3n a beneficiarios de planes sociales\"><\/p>\n\n\n\n<p>Los chats de la causa que investiga a piqueteros por extorsi\u00f3n a beneficiarios de planes sociales<\/p>\n\n\n\n<p><strong>\u201cPatry, quer\u00eda saber si me toca la mercader\u00eda. Estoy castigada\u201d<\/strong>. El mensaje iba a destinado a Patry, o menor dicho Patricia Iramain, delegada, quien hab\u00eda advertido en mensaje de grupo la lista de nombres diciendo: \u201c<strong>Buenas noches compa\u00f1eros. Estos son los que no van a retirar la mercader\u00eda de Naci\u00f3n porque tienen cero movilizaciones<\/strong>\u201d.<a href=\"https:\/\/www.infobae.com\/judiciales\/2024\/05\/13\/el-presidente-de-la-asociacion-de-magistrados-se-reunio-con-el-papa-francisco\/\" target=\"_blank\" rel=\"noreferrer noopener\"><\/a><\/p>\n\n\n\n<p>Las frases, a las que accedi\u00f3 I<strong>nfobae,<\/strong>\u00a0forman parte de las pruebas que analiza el juez federal\u00a0<strong>Sebasti\u00e1n Casanello y el fiscal Gerardo Pollicita<\/strong>, en el marco de la investigaci\u00f3n que hoy se hizo p\u00fablica cuando se ordenaron una serie de\u00a0allanamientos a distintas agrupaciones\u00a0piqueteras. La denuncia analiza si se extorsion\u00f3 a personas vulnerables con la entrega de mercader\u00eda entregada por el Estado a cambio de asistir a marchas, bajo amenaza de perder el plan social.<\/p>\n\n\n\n<p>En diciembre de 2023, apenas comenz\u00f3 el gobierno de<strong>\u00a0Javier Milei<\/strong>, el Gobierno invit\u00f3 a denunciar a la l\u00ednea 134 del Ministerio de Seguridad de la Naci\u00f3n si los beneficiarios de planes sociales eran extorsionados por organizaciones piqueteras:\u00a0<strong>hubo 13.310 llamadas<\/strong>, de las cuales pudieron atenderse un total de 2.720. De ellas quedaron en pie 924 denuncias, divididas en todo el pa\u00eds: 45 en CABA, 159 que no detallaron el lugar y otras 720 en otras jurisdicciones. De esas 45 denuncias \u201cporte\u00f1as\u201d, el fiscal Pollicita, a cargo de la investigaci\u00f3n, cit\u00f3 a todos. Solo siete acudieron a los tribunales. Con miedo, declararon.<a href=\"https:\/\/www.infobae.com\/judiciales\/2024\/05\/13\/una-decision-judicial-pone-a-la-libertad-avanza-mas-cerca-de-ser-partido-nacional\/\" target=\"_blank\" rel=\"noreferrer noopener\"><\/a><\/p>\n\n\n\n<p><img loading=\"lazy\" decoding=\"async\" alt=\"Los chats analizados\" height=\"892\" width=\"981\" class=\"\" src=\"https:\/\/www.infobae.com\/new-resizer\/nEKoTbbkEVohLnU6_IOHJzPh3_Y=\/420x420\/filters:format(webp):quality(85)\/cloudfront-us-east-1.images.arcpublishing.com\/infobae\/4LOJHIXNDNHAXMDPI5NRKUMWUY.jpeg%20420w\" srcset=\"https:\/\/www.infobae.com\/new-resizer\/nEKoTbbkEVohLnU6_IOHJzPh3_Y=\/420x420\/filters:format(webp):quality(85)\/cloudfront-us-east-1.images.arcpublishing.com\/infobae\/4LOJHIXNDNHAXMDPI5NRKUMWUY.jpeg 420w,https:\/\/www.infobae.com\/new-resizer\/hOAgF_hG0q8arHgG7nORi00s0Ug=\/768x768\/filters:format(webp):quality(85)\/cloudfront-us-east-1.images.arcpublishing.com\/infobae\/4LOJHIXNDNHAXMDPI5NRKUMWUY.jpeg 768w,https:\/\/www.infobae.com\/new-resizer\/M7ToO7VMFloFaLEKReBbz5fTqC8=\/992x992\/filters:format(webp):quality(85)\/cloudfront-us-east-1.images.arcpublishing.com\/infobae\/4LOJHIXNDNHAXMDPI5NRKUMWUY.jpeg 992w,https:\/\/www.infobae.com\/new-resizer\/9V4FUmzzs0aQeY8JLwWYY7GuJq0=\/1200x1200\/filters:format(webp):quality(85)\/cloudfront-us-east-1.images.arcpublishing.com\/infobae\/4LOJHIXNDNHAXMDPI5NRKUMWUY.jpeg 1200w,https:\/\/www.infobae.com\/new-resizer\/Dz2h6XA2UoFU2ujeSYvfT_jChJw=\/1440x1440\/filters:format(webp):quality(85)\/cloudfront-us-east-1.images.arcpublishing.com\/infobae\/4LOJHIXNDNHAXMDPI5NRKUMWUY.jpeg 1440w\">Los chats analizados<\/p>\n\n\n\n<p>El Departamento de Crimen Organizado de la PFA efectu\u00f3 las tareas de investigaci\u00f3n, tanto en redes sociales y fuentes abiertas como en los domicilios vinculados, que permitieron identificar a los referentes denunciados, corroborar o descartar su condici\u00f3n de tales, determinar la vinculaci\u00f3n que tuvieren entre s\u00ed y localizar su lugar de actuaci\u00f3n y su domicilio particular.<\/p>\n\n\n\n<p>Mientras tanto, la Fiscal\u00eda obtuvo numerosos informes y expedientes administrativos provenientes de compa\u00f1\u00edas telef\u00f3nicas, del Ministerio de Capital Humano de la Naci\u00f3n, del Instituto Nacional de Asociativismo y Econom\u00eda Social (INAES) y de la AFIP. Todo ello, para la fiscal\u00eda, fue conformando un cuadro probatorio que sigui\u00f3 con intervenciones telef\u00f3nica de los sospechosos, con los listados de comunicaciones y activaci\u00f3n de antenas.<a href=\"https:\/\/www.infobae.com\/judiciales\/2024\/05\/12\/tras-los-reclamos-del-colegio-de-la-abogacia-el-gobierno-designo-al-titular-del-seclo\/\" target=\"_blank\" rel=\"noreferrer noopener\"><\/a><\/p>\n\n\n\n<p>En base a eso, la fiscal\u00eda estableci\u00f3 que \u201cal amparo de la apariencia de una actividad solidaria como es la administraci\u00f3n de un comedor popular, se montaron al menos tres grupos de personas que, vali\u00e9ndose de las facultades que les otorgara el ex Ministerio de Desarrollo Social de la Naci\u00f3n en el marco del Plan Potenciar Trabajo,&nbsp;<strong>se dedicaron sistem\u00e1ticamente a exigir dinero a los beneficiarios de dicha prestaci\u00f3n social.<\/strong><\/p>\n\n\n\n<p><strong>Se trata de personas en situaci\u00f3n de alta vulnerabilidad social, y dicha exigencia se hac\u00eda bajo diversos conceptos como \u201cc\u00e1pitas\u201d, \u201ccuotas\u201d, \u201calquiler de comedor\u201d. O para cobrarles por la entrega de alimento,&nbsp;<\/strong>pese a que los recib\u00edan gratuitamente del Gobierno Nacional, u obligarlos a vender por la zona la comida recibida del Estado Nacional, qued\u00e1ndose los acusados con la ganancia, y<strong>\/o forzarlos a participar de \u201cmovilizaciones\u201d&nbsp;<\/strong>de las agrupaciones pol\u00edticas a las que pertenecen, e incluso en alg\u00fan caso repartir volantes de candidatos a comicios electorales\u201d.<\/p>\n\n\n\n<p>Todo ello, dice el dictamen, ocurri\u00f3&nbsp;<strong>\u201cbajo la expresa amenaza de que, en caso de no cumplir con esas exigencias, se les dar\u00eda de baja de la prestaci\u00f3n social y\/o se les negar\u00edan los alimentos y la mercader\u00eda<\/strong>.\u201d<\/p>\n\n\n\n<p>A su vez, se comprob\u00f3 tambi\u00e9n que, para sostener la duraci\u00f3n en el tiempo y garantizar el funcionamiento de esta actividad, se implement\u00f3 u<strong>n sistema de control y de sanciones sobre las v\u00edctimas,&nbsp;<\/strong>que incluy\u00f3 l<strong>a toma de asistencia a las \u201cmovilizaciones\u201d&nbsp;<\/strong>\u2014al comienzo y al final\u2014,<strong>&nbsp;la confecci\u00f3n de \u201clistas de castigados\u201d<\/strong>&nbsp;\u2014que deb\u00edan \u201creparar\u201d su sanci\u00f3n mediante el cumplimiento de nuevas tareas\u2014,&nbsp;<strong>la imposici\u00f3n de multas<\/strong>&nbsp;por faltar a una \u201cmarcha\u201d \u2014de hasta $10.000 por cada ausencia\u2014, la exigencia de&nbsp;<strong>\u201cjustificar\u201d las ausencias<\/strong>&nbsp;a las \u201cmovilizaciones\u201d con \u201ccomprobantes\u201d de los respectivos impedimentos \u2014turnos m\u00e9dicos, tr\u00e1mites, etc.\u2014, y la&nbsp;<strong>prohibici\u00f3n de retirar raciones de comida&nbsp;<\/strong>o alimentos no perecederos \u2014por plazos determinados, seg\u00fan cada \u201cincumplimiento\u201d\u2014, entre otros mecanismos.<\/p>\n\n\n\n<p><img loading=\"lazy\" decoding=\"async\" alt=\"Gerardo Pollicita (Adri\u00e1n Escandar)\" height=\"1079\" width=\"1920\" class=\"\" src=\"https:\/\/www.infobae.com\/new-resizer\/2YiWsjMoZ4Qw2n4SQCAhlSR0oQM=\/420x236\/filters:format(webp):quality(85)\/cloudfront-us-east-1.images.arcpublishing.com\/infobae\/LDP5S2GSE5GEVIBNDRSTAB2IXA.jpg%20420w\" srcset=\"https:\/\/www.infobae.com\/new-resizer\/2YiWsjMoZ4Qw2n4SQCAhlSR0oQM=\/420x236\/filters:format(webp):quality(85)\/cloudfront-us-east-1.images.arcpublishing.com\/infobae\/LDP5S2GSE5GEVIBNDRSTAB2IXA.jpg 420w,https:\/\/www.infobae.com\/new-resizer\/UczVRCgeN6GroZZ7ME6Ng5pMlss=\/768x432\/filters:format(webp):quality(85)\/cloudfront-us-east-1.images.arcpublishing.com\/infobae\/LDP5S2GSE5GEVIBNDRSTAB2IXA.jpg 768w,https:\/\/www.infobae.com\/new-resizer\/WtbmMEm8gl2Gnab1obsOc9_szqA=\/992x558\/filters:format(webp):quality(85)\/cloudfront-us-east-1.images.arcpublishing.com\/infobae\/LDP5S2GSE5GEVIBNDRSTAB2IXA.jpg 992w,https:\/\/www.infobae.com\/new-resizer\/FLhK0Fl8Dy73r9qSwtk8CI8tpu8=\/1200x675\/filters:format(webp):quality(85)\/cloudfront-us-east-1.images.arcpublishing.com\/infobae\/LDP5S2GSE5GEVIBNDRSTAB2IXA.jpg 1200w,https:\/\/www.infobae.com\/new-resizer\/N4qT5e07uJFxjTyI2oU-m098eWs=\/1440x810\/filters:format(webp):quality(85)\/cloudfront-us-east-1.images.arcpublishing.com\/infobae\/LDP5S2GSE5GEVIBNDRSTAB2IXA.jpg 1440w\">Gerardo Pollicita (Adri\u00e1n Escandar)<\/p>\n\n\n\n<p>Pollicita afirm\u00f3 ante Casanello que existi\u00f3 una \u201cconformaci\u00f3n de&nbsp;<strong>estructuras jer\u00e1rquicas piramidales al interior de cada comedor,<\/strong>&nbsp;en cuyo estrato inferior se encuentran los integrantes de las \u2018listas de espera\u2019, personas de alta vulnerabilidad social que deb\u00edan cumplir determinada cantidad de \u2018movilizaciones\u2019 o un tiempo estipulado de asistencia a ellas para acceder al Plan Potenciar Trabajo\u201d.<\/p>\n\n\n\n<p>A eso le siguen los<strong>&nbsp;\u201cbeneficiarios comunes\u201d,&nbsp;<\/strong>que perciben la prestaci\u00f3n social y, a cambio, se les exige su dinero y su asistencia a las \u201cmovilizaciones\u201d, en un escal\u00f3n superior se hallan personas a las que se los anota como beneficiarios del doble de dicha prestaci\u00f3n social, a cambio de exigirles, adem\u00e1s del dinero y las \u201cmovilizaciones\u201d, m\u00e1s tareas a determinar en cada caso \u2014se los denomina \u201ccuadrilla\u201d, \u201cesenciales\u201d o \u201cnexo\u201d, seg\u00fan el caso\u2014.<\/p>\n\n\n\n<p>Encima de ellos se colocan los&nbsp;<strong>\u201cdelegados\u201d,&nbsp;<\/strong>que perciben a veces el doble, triple o cu\u00e1druple de dinero, transmiten las exigencias coactivas al resto, cobran las \u201ccuotas\u201d y dirigen los mecanismos de control y sanciones y, en el estrato superior, se encuentran los<strong>&nbsp;\u201creferentes\u201d,&nbsp;<\/strong>que dirigen la actuaci\u00f3n de los delegados, ejecutan por s\u00ed mismos o por terceros la intimidaci\u00f3n a las v\u00edctimas y controlan la recaudaci\u00f3n y la asistencia a las \u201cmovilizaciones\u201d.<\/p>\n\n\n\n<p><img loading=\"lazy\" decoding=\"async\" alt=\"Marcha del Polo Obrero \/Cr\u00e9dito: Ariel Torres\" height=\"1280\" width=\"1920\" class=\"\" src=\"https:\/\/www.infobae.com\/new-resizer\/3qGItWSWO95fnNgqSTX7SKGTHzQ=\/420x280\/filters:format(webp):quality(85)\/cloudfront-us-east-1.images.arcpublishing.com\/infobae\/BNLJIPNY7FBCBE2RYT26WOZHXA.JPG%20420w\" srcset=\"https:\/\/www.infobae.com\/new-resizer\/3qGItWSWO95fnNgqSTX7SKGTHzQ=\/420x280\/filters:format(webp):quality(85)\/cloudfront-us-east-1.images.arcpublishing.com\/infobae\/BNLJIPNY7FBCBE2RYT26WOZHXA.JPG 420w,https:\/\/www.infobae.com\/new-resizer\/KJgczoz2ffwgUfgMdOV-PikjG6o=\/768x512\/filters:format(webp):quality(85)\/cloudfront-us-east-1.images.arcpublishing.com\/infobae\/BNLJIPNY7FBCBE2RYT26WOZHXA.JPG 768w,https:\/\/www.infobae.com\/new-resizer\/dYBO_G9M4B2HE0HnoIIxtfBjXP0=\/992x661\/filters:format(webp):quality(85)\/cloudfront-us-east-1.images.arcpublishing.com\/infobae\/BNLJIPNY7FBCBE2RYT26WOZHXA.JPG 992w,https:\/\/www.infobae.com\/new-resizer\/Cinik1GqO13H8mh8J6V_6ue-jCE=\/1200x800\/filters:format(webp):quality(85)\/cloudfront-us-east-1.images.arcpublishing.com\/infobae\/BNLJIPNY7FBCBE2RYT26WOZHXA.JPG 1200w,https:\/\/www.infobae.com\/new-resizer\/d02LQLevtp5xsSIsIzkgBMdhlE0=\/1440x960\/filters:format(webp):quality(85)\/cloudfront-us-east-1.images.arcpublishing.com\/infobae\/BNLJIPNY7FBCBE2RYT26WOZHXA.JPG 1440w\">Marcha del Polo Obrero \/Cr\u00e9dito: Ariel Torres<\/p>\n\n\n\n<p>Seg\u00fan la fiscal\u00eda, adem\u00e1s, en el caso de la&nbsp;<strong>\u201cAsociaci\u00f3n Civil Polo Obrero\u201d<\/strong>&nbsp;se comprob\u00f3, en esta etapa, que hab\u00eda personas colocadas en un escal\u00f3n superior a los referentes de cada comedor, entre los cuales se individualiz\u00f3 a&nbsp;<strong>Jerem\u00edas Cantero,&nbsp;<\/strong>quien coordinaba el funcionamiento de varios comedores. A \u00e9l se lo se\u00f1ala quien extorsionaba a las v\u00edctimas.&nbsp;<strong>Elizabeth del Carmen Palma<\/strong>&nbsp;se ocupaba de cargar en el sistema inform\u00e1tico los datos que permit\u00edan que las v\u00edctimas cobraran o dejaran de cobrar el plan social.<\/p>\n\n\n\n<p>\u201cTanto Cantero como Palma tambi\u00e9n intervendr\u00edan en las decisiones sobre el destino del producto del delito\u201d, se sostuvo. El 27 de marzo de 2024, Palma y Cantero le manifiesta a Cantero su preocupaci\u00f3n respecto de la posibilidad de que se los investigue \u201cpor lavado\u201d en relaci\u00f3n a las \u201ccooperativas que est\u00e1n recibiendo las c\u00e1pitas\u201d . Cantero le propuso \u201cpensar un plan de ad\u00f3nde va eso\u201d. Para la fiscal\u00eda se debe investigar el destino de ese dinero.<\/p>\n\n\n\n<p><strong>Los chats que sostienen la acusaci\u00f3n<\/strong><\/p>\n\n\n\n<p><img loading=\"lazy\" decoding=\"async\" height=\"261\" width=\"775\" class=\"\" src=\"https:\/\/www.infobae.com\/new-resizer\/Zl74j3y_yp6xQ3b0fWgnhVqVi_U=\/arc-anglerfish-arc2-prod-infobae\/public\/JH25XUVTVNAIXDIPWQ7FP6SQ2U.jpeg\" alt=\"chats de la causa que investiga si se extorsionaba a beneficiarios de planes sociales\"><\/p>\n\n\n\n<p>Chats de la causa que investiga si se extorsionaba a beneficiarios de planes sociales<\/p>\n\n\n\n<p>Como parte de las pruebas, el fiscal evalu\u00f3 que Patricia Iramain public\u00f3 la lista de personas que<strong>&nbsp;no recibir\u00e1n mercader\u00eda por no ir a las \u201cmovilizaciones\u201d<\/strong>, o que ser\u00e1n degradadas a la \u00faltima categor\u00eda (\u201clista de espera\u201d) por la misma raz\u00f3n, mientras que otros \u201cingresan a comedor\u201d por haber cumplido con el tiempo fijado de asistencia a las \u201cmovilizaciones\u201d.<\/p>\n\n\n\n<p>En las siguientes capturas, se ve c\u00f3mo una de las v\u00edctimas pide que se le tenga por justificada la inasistencia a una \u201cmarcha\u201d y adjunta la respectiva constancia del turno m\u00e9dico y laboratorio que le impidi\u00f3 ir; en otra se advierte que una v\u00edctima pregunta si la falta justificada sirve o no como asistencia, y en la \u00faltima uno de los acusados, Gustavo V\u00e1squez,&nbsp;<strong>ante el aviso de ausencia a una \u201cmovilizaci\u00f3n\u201d, pide que aporten el \u201cjustificativo\u201d.<\/strong><\/p>\n\n\n\n<p><img loading=\"lazy\" decoding=\"async\" height=\"347\" width=\"769\" srcset=\"https:\/\/www.infobae.com\/new-resizer\/cvyYUTTAQZpIp7lJ-AELY7IV8Rw=\/420x187\/filters:format(webp):quality(85)\/cloudfront-us-east-1.images.arcpublishing.com\/infobae\/EI7JDLODWFCD3N745QVNULZSMI.jpeg 420w,https:\/\/www.infobae.com\/new-resizer\/RVvXFAFAOk7OmHk5oH_9xy4SmyM=\/768x341\/filters:format(webp):quality(85)\/cloudfront-us-east-1.images.arcpublishing.com\/infobae\/EI7JDLODWFCD3N745QVNULZSMI.jpeg 768w,https:\/\/www.infobae.com\/new-resizer\/-xU3INlhXU7TzpesrkzE7f86EIY=\/992x441\/filters:format(webp):quality(85)\/cloudfront-us-east-1.images.arcpublishing.com\/infobae\/EI7JDLODWFCD3N745QVNULZSMI.jpeg 992w,https:\/\/www.infobae.com\/new-resizer\/1ZfC-MGCpL_Ti593DwRkhHSKBPA=\/1200x533\/filters:format(webp):quality(85)\/cloudfront-us-east-1.images.arcpublishing.com\/infobae\/EI7JDLODWFCD3N745QVNULZSMI.jpeg 1200w\" class=\"\" src=\"https:\/\/www.infobae.com\/new-resizer\/cvyYUTTAQZpIp7lJ-AELY7IV8Rw=\/420x187\/filters:format(webp):quality(85)\/cloudfront-us-east-1.images.arcpublishing.com\/infobae\/EI7JDLODWFCD3N745QVNULZSMI.jpeg%20420w\" alt=\"Los chats que analiza el fiscal Pollicita y el juez Casanello\"><\/p>\n\n\n\n<p>Los chats que analiza el fiscal Pollicita y el juez Casanello<\/p>\n\n\n\n<p>En otra, una persona se queja porque a su hermana no le entregaron mercader\u00eda y adem\u00e1s le dieron de baja el plan, a pesar de que no pod\u00eda asistir a la \u201cmovilizaci\u00f3n\u201d porque se hab\u00eda operado.&nbsp;<strong>Aqu\u00ed, ante una pregunta puntual de una v\u00edctima, se le informa que est\u00e1 \u201csancionada\u201d por no pagar el \u201calquiler del comedor\u201d y que por eso no podr\u00e1 retirar mercader\u00eda en todo el mes.<\/strong><\/p>\n\n\n\n<p>Tambi\u00e9n se advierte que el sistema de \u201ccastigos\u201d por no cumplir con las exigencias de los imputados no s\u00f3lo inclu\u00eda la publicaci\u00f3n de \u201clistas de castigados\u201d o \u201csancionados\u201d, sino que tambi\u00e9n se les daba la posibilidad de \u201creparar\u201d ese \u201ccastigo\u201d a trav\u00e9s de la prestaci\u00f3n de tareas, como se ve en estas capturas.<\/p>\n\n\n\n<p>Otra mujer, Elizabeth Mamani, anuncia que&nbsp;<strong>estar\u00e1 cobrando las \u201cc\u00e1pitas\u201d&nbsp;<\/strong>y que deben ponerse al d\u00eda, de manera concordante con lo declarado por los denunciantes. En otro mensaje, ante la poca convocatoria que hab\u00eda generado una \u201cinvitaci\u00f3n\u201d, V\u00e1squez avisa que pasa a \u201ccontar como movilizaci\u00f3n\u201d.<\/p>\n\n\n\n<p>En otro di\u00e1logo, V\u00e1squez reconoce que \u201cson muy pocos los que movilizan por conciencia\u201d y, por eso,&nbsp;<strong>hace que la \u201cmarcha\u201d a la que antes \u201cinvitaba\u201d, pase a ser \u201cobligatoria\u201d&nbsp;<\/strong>y cuente \u201ccomo movilizaci\u00f3n\u201d. \u201c<strong>De ahora en m\u00e1s yo dejo de ser permisivo\u201d,&nbsp;<\/strong>escribi\u00f3. Tambi\u00e9n informaron que se iba a avanzar con una \u201crecategorizaci\u00f3n\u201d (de \u201cbeneficiario com\u00fan\u201d a \u201clista de espera\u201d). En esta otra captura se ve que se hab\u00eda compartido una \u201cinvitaci\u00f3n\u201d a una \u201cmovilizaci\u00f3n\u201d y, ante la duda, una de las v\u00edctimas pregunta si esa \u201cmovilizaci\u00f3n\u201d es \u201cobligatoria\u201d o \u201csolo para los interesados\u201d.<\/p>\n\n\n\n<p><img loading=\"lazy\" decoding=\"async\" height=\"787\" width=\"528\" srcset=\"https:\/\/www.infobae.com\/new-resizer\/cGCPgQX8J1TUSGUPpvVm5o5VhUk=\/420x630\/filters:format(webp):quality(85)\/cloudfront-us-east-1.images.arcpublishing.com\/infobae\/Q7FWYD75LJDARPTNDRGTSFT2Y4.jpeg 420w,https:\/\/www.infobae.com\/new-resizer\/Qr9RBtSuV9xGUnJikULNmf3gDdI=\/768x1152\/filters:format(webp):quality(85)\/cloudfront-us-east-1.images.arcpublishing.com\/infobae\/Q7FWYD75LJDARPTNDRGTSFT2Y4.jpeg 768w,https:\/\/www.infobae.com\/new-resizer\/LDnX0AJcxv0WebvFOKckadwKB84=\/992x1488\/filters:format(webp):quality(85)\/cloudfront-us-east-1.images.arcpublishing.com\/infobae\/Q7FWYD75LJDARPTNDRGTSFT2Y4.jpeg 992w,https:\/\/www.infobae.com\/new-resizer\/4aUJv6pkO70nnh7MxY4BA-5_Pnw=\/1200x1800\/filters:format(webp):quality(85)\/cloudfront-us-east-1.images.arcpublishing.com\/infobae\/Q7FWYD75LJDARPTNDRGTSFT2Y4.jpeg 1200w\" class=\"\" src=\"https:\/\/www.infobae.com\/new-resizer\/cGCPgQX8J1TUSGUPpvVm5o5VhUk=\/420x630\/filters:format(webp):quality(85)\/cloudfront-us-east-1.images.arcpublishing.com\/infobae\/Q7FWYD75LJDARPTNDRGTSFT2Y4.jpeg%20420w\" alt=\"Los chats que analiza la justicia\"><\/p>\n\n\n\n<p>Los chats que analiza la justicia<\/p>\n\n\n\n<p>En otra captura una de las v\u00edctimas se queja por el excesivo monto dinerario exigido para poder acceder a \u201clas 10 cajas\u201d con la mercader\u00eda del Estado Nacional, e incluso cuenta que en las \u201cmarchas\u201d les hacen preguntan acerca de si ellos les cobran algo. En otros di\u00e1logos, el imputado Lucca Philippe Quispe Rashuman invita a retirar mercader\u00eda s\u00f3lo a los \u201ccompa\u00f1eros que participan activamente\u201d \u2014e incluso les cobran un monto adicional a cada uno en concepto de \u201cflete\u201d\u2014 y que la acusada Gloria Jaramillo aclara que \u201c<strong>la repartici\u00f3n es como siempre solo los que tienen movilizaci\u00f3n\u201d.<\/strong><\/p>\n\n\n\n<p>Para la fiscal\u00eda, estas pruebas&nbsp;<strong>\u201c<\/strong>no hacen m\u00e1s que confirmar lo declarado por cada uno de los denunciantes que se explayaron sobre estas exigencias coactivas \u2014que no s\u00f3lo se transmit\u00edan por Whatsapp, sino tambi\u00e9n en persona\u2014 y sobre las las estructuras jer\u00e1rquicas piramidales de cada organizaci\u00f3n\u201d.<\/p>\n\n\n\n<p><img loading=\"lazy\" decoding=\"async\" height=\"514\" width=\"766\" srcset=\"https:\/\/www.infobae.com\/new-resizer\/sew9GR5o7d43bsReJ4QPLW_pQ7I=\/420x280\/filters:format(webp):quality(85)\/cloudfront-us-east-1.images.arcpublishing.com\/infobae\/V5FA6QCENNAU3NBUDYAXHL6R7A.jpeg 420w,https:\/\/www.infobae.com\/new-resizer\/IV4bSYYr1B0QCRWzYg_LTMBoT6c=\/768x512\/filters:format(webp):quality(85)\/cloudfront-us-east-1.images.arcpublishing.com\/infobae\/V5FA6QCENNAU3NBUDYAXHL6R7A.jpeg 768w,https:\/\/www.infobae.com\/new-resizer\/G9srbcdMVckyjAK6mO1hOa5_2OQ=\/992x661\/filters:format(webp):quality(85)\/cloudfront-us-east-1.images.arcpublishing.com\/infobae\/V5FA6QCENNAU3NBUDYAXHL6R7A.jpeg 992w,https:\/\/www.infobae.com\/new-resizer\/oSYvdQATmI4BmL6fBT8J6duU_3U=\/1200x800\/filters:format(webp):quality(85)\/cloudfront-us-east-1.images.arcpublishing.com\/infobae\/V5FA6QCENNAU3NBUDYAXHL6R7A.jpeg 1200w,https:\/\/www.infobae.com\/new-resizer\/WlCyLDjX9O1-a1VoeS-b3ZiiPGc=\/1440x960\/filters:format(webp):quality(85)\/cloudfront-us-east-1.images.arcpublishing.com\/infobae\/V5FA6QCENNAU3NBUDYAXHL6R7A.jpeg 1440w\" class=\"\" src=\"https:\/\/www.infobae.com\/new-resizer\/sew9GR5o7d43bsReJ4QPLW_pQ7I=\/420x280\/filters:format(webp):quality(85)\/cloudfront-us-east-1.images.arcpublishing.com\/infobae\/V5FA6QCENNAU3NBUDYAXHL6R7A.jpeg%20420w\" alt=\"los chats analizados por la justicia\"><\/p>\n\n\n\n<p>Los chats analizados por la justicia<\/p>\n\n\n\n<p>\u201cEs importante destacar&nbsp;<strong>la gravedad institucional que revisten los hechos investigados,<\/strong>&nbsp;por cuanto se habr\u00eda comprobado que una porci\u00f3n de los fondos p\u00fablicos que el Estado Nacional asignaba para la asistencia social fueron desviados del destino presupuestario que les correspond\u00eda y, en vez de aplicarse a la ayuda de las personas de alta vulnerabilidad social, fueron utilizados como veh\u00edculo coactivo por parte de los aqu\u00ed acusados quienes, a la hora de transmitir a las v\u00edctimas sus exigencias coactivas y extorsivas, parad\u00f3jicamente invocaban como consigna precisamente la \u2018lucha\u2019 en defensa de los m\u00e1s necesitados; pero en los hechos obtuvieron un lucro indebido a costa de dichas necesidades\u201d, advirti\u00f3 Pollicita al impulsar los allanamientos.<\/p>\n\n\n\n<p>Pollicita agreg\u00f3 otras citas de los testimonios recolectados. \u201cEn las reuniones Gianni y Tango les gritaban y amenazaban de una manera violenta a los integrantes del comedor que si no iban a las marchas les quitaban el Plan Potenciar Trabajo\u201d (&#8230;) y; \u201cLos beneficiarios del Plan Potenciar Trabajo ten\u00edamos que pagar 2500 pesos mensuales a los delegados, y a medida que ibas subiendo de nivel ten\u00edas que pagar m\u00e1s plata, dependiendo de la plata que recib\u00edas. Cuando no vas a las marchas y no pagas los 2500 pesos te bajan de categor\u00eda, por ejemplo, de \u201cCuadrilla\u201d a \u201cBeneficiario Com\u00fan (&#8230;)\u201d, se\u00f1al\u00f3.<\/p>\n\n\n\n<p>\u201cEsas amenazas las dicen verbalmente,&nbsp;<strong>a m\u00ed personalmente me amenazaron varias veces<\/strong>, grit\u00e1ndome\u201d (&#8230;); \u201cLa gente que trabaja en el comedor sale a vender por el barrio los alimentos que da el gobierno\u201d (&#8230;) \u201cLas m\u00e1ximas referentes del comedor son Gloria y Rossmery. Mucha gente del comedor les tiene miedo a Gloria y Rossmery\u201d (&#8230;); \u201cIba a manifestaciones y repart\u00eda volantes de los candidatos cuando hab\u00eda elecciones, por ejemplo, en las elecciones presidenciales repart\u00ed volantes de Massa por el barrio. Adem\u00e1s, a veces cocinaba pan casero, chipa, bizcochuelo, que despu\u00e9s vend\u00edan en el barrio y esa plata se la quedaba Gloria Paraguay, que es la coordinara del comedor. Todo esto lo hac\u00eda porque sino Gloria me dec\u00eda que me cortaban el plan\u201d, agreg\u00f3.<\/p>\n\n\n\n<p><img loading=\"lazy\" decoding=\"async\" alt=\"Los chats que analiza la justicia\" height=\"467\" width=\"1079\" class=\"\" src=\"https:\/\/www.infobae.com\/new-resizer\/jAbXz_oU0w2OAnSKn8IrLfvkXUY=\/420x187\/filters:format(webp):quality(85)\/cloudfront-us-east-1.images.arcpublishing.com\/infobae\/LDFUBVZNJZFVJHMQLTNMHIW6KE.jpeg%20420w\" srcset=\"https:\/\/www.infobae.com\/new-resizer\/jAbXz_oU0w2OAnSKn8IrLfvkXUY=\/420x187\/filters:format(webp):quality(85)\/cloudfront-us-east-1.images.arcpublishing.com\/infobae\/LDFUBVZNJZFVJHMQLTNMHIW6KE.jpeg 420w,https:\/\/www.infobae.com\/new-resizer\/luQA0WNlKBtRy5ERIfwIO81y-og=\/768x341\/filters:format(webp):quality(85)\/cloudfront-us-east-1.images.arcpublishing.com\/infobae\/LDFUBVZNJZFVJHMQLTNMHIW6KE.jpeg 768w,https:\/\/www.infobae.com\/new-resizer\/5yXfkMwZ8s-pruwwipsazeU_g5U=\/992x441\/filters:format(webp):quality(85)\/cloudfront-us-east-1.images.arcpublishing.com\/infobae\/LDFUBVZNJZFVJHMQLTNMHIW6KE.jpeg 992w,https:\/\/www.infobae.com\/new-resizer\/ZOBYpBiaq2C6vxivSW2CkrZuCW8=\/1200x533\/filters:format(webp):quality(85)\/cloudfront-us-east-1.images.arcpublishing.com\/infobae\/LDFUBVZNJZFVJHMQLTNMHIW6KE.jpeg 1200w\">Los chats que analiza la justicia<\/p>\n\n\n\n<p>\u201cPodemos retirar mercader\u00eda que le da el gobierno del comedor m\u00e1s o menos una vez por mes, pero cada vez que vamos tenemos que pagar 1500 pesos y nos dan una bolsa de mano con algunos productos, tales como aceite, harina, leche o arroz\u201d (&#8230;); \u201cCuando no vamos a las movilizaciones tenemos que justificar la inasistencia, por ejemplo, si vamos al m\u00e9dico tenemos que mandar comprobante al grupo de Whatsapp que tenemos alg\u00fan turno\u201d (&#8230;) y;\u201d<strong>Yo como en el comedor nada m\u00e1s el d\u00eda que cocino, el resto de los d\u00edas no me dan comida.&nbsp;<\/strong>(&#8230;)\u201dTuve que por lo menos ir un a\u00f1o al comedor y asistir a las movilizaciones para poder acceder al Plan Potenciar Trabajo Tuve que por lo menos ir un a\u00f1o al comedor y asistir a las movilizaciones para poder acceder al Plan Potenciar Trabajo\u201d (&#8230;) \u201c<strong>a todos los integrantes del comedor nos cobran un 2% del dinero que obtenemos del Plan Potenciar Trabajo<\/strong>&nbsp;y cada 15 d\u00edas tenemos que pagar 1000 pesos para que nos den las dos raciones de comida que recibo los d\u00edas que cocino\u201d (&#8230;); \u201c<strong>Cuando nos ausent\u00e1bamos a 3 marchas nos daban de baja el plan,<\/strong>&nbsp;yo conozco a una se\u00f1ora que le dieron de baja el plan porque se ausentaba a las marchas, ella se fue del barrio el a\u00f1o pasado, supuestamente era una de las fundadoras del comedor, nunca m\u00e1s se supo de ella.\u201d, refiri\u00f3 otro testimonio.<\/p>\n\n\n\n<p>\u201cDespu\u00e9s de un tiempo que estuve asistiendo a marchas, y cumpl\u00ed esa cantidad de asistencias, ellos me inscribieron en el Plan Potenciar y ah\u00ed tuve acceso a la tarjeta del Banco Naci\u00f3n, a mi nombre, a eso le llamaban \u201cascenso\u201d; (&#8230;)\u201d<strong>Hay que pagar en el comedor los primeros dos d\u00edas de cada mes los 2300 pesos por el alquiler del local, pasados esos dos d\u00edas sin pagar nos aplican una sanci\u00f3n&nbsp;<\/strong>que consta de no poder retirar comida en todo el mes\u201d\u201d, refiri\u00f3 otro testimonio. El \u00faltimo acot\u00f3: \u201c<strong>En caso de no pagar el aporte nos sancionaban sac\u00e1ndonos de la organizaci\u00f3n.<\/strong>&nbsp;Si yo no iba a las marchas nos pon\u00edan faltas, por cada marcha que no iba me cobraban $10.000 y a veces nos sacaban mercader\u00eda, dependiendo de la delegada (&#8230;)\u201d<\/p>\n","protected":false},"excerpt":{"rendered":"<p>Los chats de la causa que investiga a piqueteros por extorsi\u00f3n a beneficiarios de planes sociales \u201cPatry, quer\u00eda saber si me toca la mercader\u00eda. Estoy castigada\u201d. El mensaje iba a destinado a Patry, o menor dicho Patricia Iramain, delegada, quien hab\u00eda advertido en mensaje de grupo la lista de nombres diciendo: \u201cBuenas noches compa\u00f1eros. Estos<a class=\"read-more\" href=\"https:\/\/elfederalmendoza.com.ar\/index.php\/2024\/05\/13\/estos-son-los-escandosos-chats-extorsivos-de-piqueteros-del-polo-obrero-y-otras-organizaciones\/\"> [&hellip;]<\/a><\/p>\n","protected":false},"author":2,"featured_media":32795,"comment_status":"open","ping_status":"open","sticky":false,"template":"","format":"standard","meta":{"footnotes":""},"categories":[5618],"tags":[],"class_list":["post-32793","post","type-post","status-publish","format-standard","has-post-thumbnail","hentry","category-arg"],"rttpg_featured_image_url":{"full":["https:\/\/elfederalmendoza.com.ar\/wp-content\/uploads\/2024\/05\/polo-obrero.jpg",1082,759,false],"landscape":["https:\/\/elfederalmendoza.com.ar\/wp-content\/uploads\/2024\/05\/polo-obrero.jpg",1082,759,false],"portraits":["https:\/\/elfederalmendoza.com.ar\/wp-content\/uploads\/2024\/05\/polo-obrero.jpg",1082,759,false],"thumbnail":["https:\/\/elfederalmendoza.com.ar\/wp-content\/uploads\/2024\/05\/polo-obrero-150x150.jpg",150,150,true],"medium":["https:\/\/elfederalmendoza.com.ar\/wp-content\/uploads\/2024\/05\/polo-obrero-300x210.jpg",300,210,true],"large":["https:\/\/elfederalmendoza.com.ar\/wp-content\/uploads\/2024\/05\/polo-obrero-1024x718.jpg",640,449,true],"1536x1536":["https:\/\/elfederalmendoza.com.ar\/wp-content\/uploads\/2024\/05\/polo-obrero.jpg",1082,759,false],"2048x2048":["https:\/\/elfederalmendoza.com.ar\/wp-content\/uploads\/2024\/05\/polo-obrero.jpg",1082,759,false],"ultp_layout_landscape_large":["https:\/\/elfederalmendoza.com.ar\/wp-content\/uploads\/2024\/05\/polo-obrero.jpg",1082,759,false],"ultp_layout_landscape":["https:\/\/elfederalmendoza.com.ar\/wp-content\/uploads\/2024\/05\/polo-obrero-870x570.jpg",870,570,true],"ultp_layout_portrait":["https:\/\/elfederalmendoza.com.ar\/wp-content\/uploads\/2024\/05\/polo-obrero-600x759.jpg",600,759,true],"ultp_layout_square":["https:\/\/elfederalmendoza.com.ar\/wp-content\/uploads\/2024\/05\/polo-obrero-600x600.jpg",600,600,true],"rpwe-thumbnail":["https:\/\/elfederalmendoza.com.ar\/wp-content\/uploads\/2024\/05\/polo-obrero-45x45.jpg",45,45,true],"advps-thumb-one":["https:\/\/elfederalmendoza.com.ar\/wp-content\/uploads\/2024\/05\/polo-obrero-1082x420.jpg",1082,420,true]},"rttpg_author":{"display_name":"Redacci\u00f3n El Federal","author_link":"https:\/\/elfederalmendoza.com.ar\/index.php\/author\/angelflores\/"},"rttpg_comment":0,"rttpg_category":"<a href=\"https:\/\/elfederalmendoza.com.ar\/index.php\/category\/arg\/\" rel=\"category tag\">Argentina<\/a>","rttpg_excerpt":"Los chats de la causa que investiga a piqueteros por extorsi\u00f3n a beneficiarios de planes sociales \u201cPatry, quer\u00eda saber si me toca la mercader\u00eda. Estoy castigada\u201d. El mensaje iba a destinado a Patry, o menor dicho Patricia Iramain, delegada, quien hab\u00eda advertido en mensaje de grupo la lista de nombres diciendo: \u201cBuenas noches compa\u00f1eros. Estos&hellip;","_links":{"self":[{"href":"https:\/\/elfederalmendoza.com.ar\/index.php\/wp-json\/wp\/v2\/posts\/32793","targetHints":{"allow":["GET"]}}],"collection":[{"href":"https:\/\/elfederalmendoza.com.ar\/index.php\/wp-json\/wp\/v2\/posts"}],"about":[{"href":"https:\/\/elfederalmendoza.com.ar\/index.php\/wp-json\/wp\/v2\/types\/post"}],"author":[{"embeddable":true,"href":"https:\/\/elfederalmendoza.com.ar\/index.php\/wp-json\/wp\/v2\/users\/2"}],"replies":[{"embeddable":true,"href":"https:\/\/elfederalmendoza.com.ar\/index.php\/wp-json\/wp\/v2\/comments?post=32793"}],"version-history":[{"count":2,"href":"https:\/\/elfederalmendoza.com.ar\/index.php\/wp-json\/wp\/v2\/posts\/32793\/revisions"}],"predecessor-version":[{"id":32798,"href":"https:\/\/elfederalmendoza.com.ar\/index.php\/wp-json\/wp\/v2\/posts\/32793\/revisions\/32798"}],"wp:featuredmedia":[{"embeddable":true,"href":"https:\/\/elfederalmendoza.com.ar\/index.php\/wp-json\/wp\/v2\/media\/32795"}],"wp:attachment":[{"href":"https:\/\/elfederalmendoza.com.ar\/index.php\/wp-json\/wp\/v2\/media?parent=32793"}],"wp:term":[{"taxonomy":"category","embeddable":true,"href":"https:\/\/elfederalmendoza.com.ar\/index.php\/wp-json\/wp\/v2\/categories?post=32793"},{"taxonomy":"post_tag","embeddable":true,"href":"https:\/\/elfederalmendoza.com.ar\/index.php\/wp-json\/wp\/v2\/tags?post=32793"}],"curies":[{"name":"wp","href":"https:\/\/api.w.org\/{rel}","templated":true}]}}