{"id":32799,"date":"2024-05-14T11:10:48","date_gmt":"2024-05-14T14:10:48","guid":{"rendered":"https:\/\/elfederalmendoza.com\/?p=32799"},"modified":"2024-05-14T11:10:50","modified_gmt":"2024-05-14T14:10:50","slug":"se-realizo-el-iv-congreso-internacional-de-ufologia-en-rosario-y-mendoza-tuvo-un-lugar-destacado","status":"publish","type":"post","link":"https:\/\/elfederalmendoza.com.ar\/index.php\/2024\/05\/14\/se-realizo-el-iv-congreso-internacional-de-ufologia-en-rosario-y-mendoza-tuvo-un-lugar-destacado\/","title":{"rendered":"Se realiz\u00f3 el IV Congreso Internacional de Ufolog\u00eda en Rosario y Mendoza tuvo un lugar destacado"},"content":{"rendered":"\n<p>El encuentro, con entrada libre y gratuita, se desarroll\u00f3 en Corrientes 450. \u201cIncluso va a haber una persona que fue abducida por una nave con documentaci\u00f3n que los constata\u201d, detall\u00f3 en la previa la organizadora <strong>Mar\u00eda del Carmen Dionigi<\/strong>.<\/p>\n\n\n\n<p>Mendoza estuvo reprensentada por <strong><a href=\"https:\/\/www.facebook.com\/groups\/1461835174620071\/?hoisted_section_header_type=recently_seen&amp;multi_permalinks=1615058295964424\">Entes Lum\u00ednicos<\/a><\/strong>, donde present\u00f3 im\u00e1genes de ovnis capturados en video en la zona de Uspallata, (video al final de la nota). Adem\u00e1s detall\u00f3 el rol de la agrupaci\u00f3n en sus investigaciones de todos los casos documentados que existen en la provincia.<\/p>\n\n\n\n<p>El encuentro se desarroll\u00f3 en la ciudad de Rosario el\u00a0<strong>IV Congreso Internacional de Ufolog\u00eda y Contactismo<\/strong>\u00a0\u201cViajeros del Cosmos\u201d. El evento, con entrada libre y gratuita, tuvo lugar este s\u00e1bado en el teatro de la Asociaci\u00f3n de Empleados de Comercio de Corrientes 450.<\/p>\n\n\n\n<p>El encuentro fue organizado por Proyecto Colora y dirigido por la uf\u00f3loga Mar\u00eda del\u00a0<strong>Carmen Dionigi<\/strong>, conocida como \u201cNanni Luminarias\u201d. La\u00a0<strong>entrada es libre y gratuita<\/strong>\u00a0y solo solicitan un alimento no perecedero, que ser\u00e1 donado al Banco de Alimentos de la Ciudad de Rosario.<\/p>\n\n\n\n<figure class=\"wp-block-image size-full\"><img loading=\"lazy\" decoding=\"async\" width=\"809\" height=\"664\" src=\"https:\/\/elfederalmendoza.com\/wp-content\/uploads\/2024\/05\/ufo.jpg\" alt=\"\" class=\"wp-image-32801\" srcset=\"https:\/\/elfederalmendoza.com.ar\/wp-content\/uploads\/2024\/05\/ufo.jpg 809w, https:\/\/elfederalmendoza.com.ar\/wp-content\/uploads\/2024\/05\/ufo-300x246.jpg 300w, https:\/\/elfederalmendoza.com.ar\/wp-content\/uploads\/2024\/05\/ufo-768x630.jpg 768w\" sizes=\"auto, (max-width: 809px) 100vw, 809px\" \/><figcaption class=\"wp-element-caption\">Disertantes del Congreso<\/figcaption><\/figure>\n\n\n\n<p>\u201cNo estamos solos en el universo, no podemos estar solos. La idea de hacer estos congresos y las alertas OVNIs es para que&nbsp;el p\u00fablico tome conciencia de que hay otros seres en el universo y que esas naves que se ven en el cielo, en su mayor\u00eda, yo dir\u00eda en&nbsp;<strong>un 70% vienen con seres de las estrellas<\/strong>\u201d.<\/p>\n\n\n\n<p>El encuentro cont\u00f3 con disertaciones de investigadores, \u201cincluso<strong>\u00a0va a haber una persona que fue abducida por una nave<\/strong>. Todos los investigadores van a tener documentaci\u00f3n, incluso la persona que fue abducida tiene respaldo de lo sucedido.\u00a0Todo est\u00e1 exhaustivamente documentado, ya que nuestra investigaci\u00f3n se basa primero en lo cient\u00edfico, en lo t\u00e9cnico y tambi\u00e9n en lo hol\u00edstico\u201d.<\/p>\n\n\n\n<figure class=\"wp-block-embed is-type-video is-provider-youtube wp-block-embed-youtube wp-embed-aspect-16-9 wp-has-aspect-ratio\"><div class=\"wp-block-embed__wrapper\">\n<iframe loading=\"lazy\" title=\"IV Congreso Internacional de Ufolog\u00eda y Contactismo\" width=\"640\" height=\"360\" src=\"https:\/\/www.youtube.com\/embed\/t-ChzmutwPs?start=147&#038;feature=oembed\" frameborder=\"0\" allow=\"accelerometer; autoplay; clipboard-write; encrypted-media; gyroscope; picture-in-picture; web-share\" referrerpolicy=\"strict-origin-when-cross-origin\" allowfullscreen><\/iframe>\n<\/div><\/figure>\n\n\n\n<p>El evento se desarroll\u00f3 en dos etapas. La primera fue este viernes por la tarde, en donde realizaron una observaci\u00f3n del cielo nocturno en las barrancas del Paran\u00e1 y Dorrego a los fines de captar posibles fen\u00f3menos a\u00e9reos.<\/p>\n\n\n\n<p>El encuentro fue\u00a0<strong>declarado de Inter\u00e9s Tur\u00edstico por la Municipalidad de Rosario<\/strong>\u00a0y hubo sorteos de libros, mapas y artesan\u00eda alien\u00edgena.<\/p>\n\n\n\n<p>Las exposiciones estuvieron a cargo de Dante Franch, Ricardo G\u00f3mez Kenni, Antonio Galvagno, Alfa Bidondo, Jois Mantilla, Eudelio Martinez, Nanni Luminarias, Guillermo Aldunati, Gabriel C\u00f3rdoba, Antonio Pulido, Daniel Zapata, y por Mendoza disert\u00f3 <strong>Mart\u00edn Serafini<\/strong>, integrante de <strong><a href=\"https:\/\/www.instagram.com\/entes.luminicos\/\">Entes Lum\u00ednicos<\/a><\/strong>.<\/p>\n\n\n\n<figure class=\"wp-block-image size-large is-resized\"><img loading=\"lazy\" decoding=\"async\" width=\"621\" height=\"1024\" src=\"https:\/\/elfederalmendoza.com\/wp-content\/uploads\/2024\/05\/martin-serafini-621x1024.jpg\" alt=\"\" class=\"wp-image-32802\" style=\"width:840px;height:auto\" srcset=\"https:\/\/elfederalmendoza.com.ar\/wp-content\/uploads\/2024\/05\/martin-serafini-621x1024.jpg 621w, https:\/\/elfederalmendoza.com.ar\/wp-content\/uploads\/2024\/05\/martin-serafini-182x300.jpg 182w, https:\/\/elfederalmendoza.com.ar\/wp-content\/uploads\/2024\/05\/martin-serafini-768x1267.jpg 768w, https:\/\/elfederalmendoza.com.ar\/wp-content\/uploads\/2024\/05\/martin-serafini-931x1536.jpg 931w, https:\/\/elfederalmendoza.com.ar\/wp-content\/uploads\/2024\/05\/martin-serafini.jpg 970w\" sizes=\"auto, (max-width: 621px) 100vw, 621px\" \/><figcaption class=\"wp-element-caption\"><strong>Mart\u00edn Serafini<\/strong>, integrante de <strong><a href=\"https:\/\/www.instagram.com\/entes.luminicos\/\">Entes Lum\u00ednicos<\/a><\/strong><\/figcaption><\/figure>\n\n\n\n<p>En su exposici\u00f3n Serafini difundi\u00f3 videos de objetos voladores no identificados captados en video en zona de Uspallata.<\/p>\n\n\n\n<blockquote class=\"instagram-media\" data-instgrm-captioned data-instgrm-permalink=\"https:\/\/www.instagram.com\/reel\/C0lXICduQoP\/?utm_source=ig_embed&amp;utm_campaign=loading\" data-instgrm-version=\"14\" style=\" background:#FFF; border:0; border-radius:3px; box-shadow:0 0 1px 0 rgba(0,0,0,0.5),0 1px 10px 0 rgba(0,0,0,0.15); margin: 1px; max-width:540px; min-width:326px; padding:0; width:99.375%; width:-webkit-calc(100% - 2px); width:calc(100% - 2px);\"><div style=\"padding:16px;\"> <a href=\"https:\/\/www.instagram.com\/reel\/C0lXICduQoP\/?utm_source=ig_embed&amp;utm_campaign=loading\" style=\" background:#FFFFFF; line-height:0; padding:0 0; text-align:center; text-decoration:none; width:100%;\" target=\"_blank\" rel=\"noopener\"> <div style=\" display: flex; flex-direction: row; align-items: center;\"> <div style=\"background-color: #F4F4F4; border-radius: 50%; flex-grow: 0; height: 40px; margin-right: 14px; width: 40px;\"><\/div> <div style=\"display: flex; flex-direction: column; flex-grow: 1; justify-content: center;\"> <div style=\" background-color: #F4F4F4; border-radius: 4px; flex-grow: 0; height: 14px; margin-bottom: 6px; width: 100px;\"><\/div> <div style=\" background-color: #F4F4F4; border-radius: 4px; flex-grow: 0; height: 14px; width: 60px;\"><\/div><\/div><\/div><div style=\"padding: 19% 0;\"><\/div> <div style=\"display:block; height:50px; margin:0 auto 12px; width:50px;\"><svg width=\"50px\" height=\"50px\" viewBox=\"0 0 60 60\" version=\"1.1\" xmlns=\"https:\/\/www.w3.org\/2000\/svg\" xmlns:xlink=\"https:\/\/www.w3.org\/1999\/xlink\"><g stroke=\"none\" stroke-width=\"1\" fill=\"none\" fill-rule=\"evenodd\"><g transform=\"translate(-511.000000, -20.000000)\" fill=\"#000000\"><g><path d=\"M556.869,30.41 C554.814,30.41 553.148,32.076 553.148,34.131 C553.148,36.186 554.814,37.852 556.869,37.852 C558.924,37.852 560.59,36.186 560.59,34.131 C560.59,32.076 558.924,30.41 556.869,30.41 M541,60.657 C535.114,60.657 530.342,55.887 530.342,50 C530.342,44.114 535.114,39.342 541,39.342 C546.887,39.342 551.658,44.114 551.658,50 C551.658,55.887 546.887,60.657 541,60.657 M541,33.886 C532.1,33.886 524.886,41.1 524.886,50 C524.886,58.899 532.1,66.113 541,66.113 C549.9,66.113 557.115,58.899 557.115,50 C557.115,41.1 549.9,33.886 541,33.886 M565.378,62.101 C565.244,65.022 564.756,66.606 564.346,67.663 C563.803,69.06 563.154,70.057 562.106,71.106 C561.058,72.155 560.06,72.803 558.662,73.347 C557.607,73.757 556.021,74.244 553.102,74.378 C549.944,74.521 548.997,74.552 541,74.552 C533.003,74.552 532.056,74.521 528.898,74.378 C525.979,74.244 524.393,73.757 523.338,73.347 C521.94,72.803 520.942,72.155 519.894,71.106 C518.846,70.057 518.197,69.06 517.654,67.663 C517.244,66.606 516.755,65.022 516.623,62.101 C516.479,58.943 516.448,57.996 516.448,50 C516.448,42.003 516.479,41.056 516.623,37.899 C516.755,34.978 517.244,33.391 517.654,32.338 C518.197,30.938 518.846,29.942 519.894,28.894 C520.942,27.846 521.94,27.196 523.338,26.654 C524.393,26.244 525.979,25.756 528.898,25.623 C532.057,25.479 533.004,25.448 541,25.448 C548.997,25.448 549.943,25.479 553.102,25.623 C556.021,25.756 557.607,26.244 558.662,26.654 C560.06,27.196 561.058,27.846 562.106,28.894 C563.154,29.942 563.803,30.938 564.346,32.338 C564.756,33.391 565.244,34.978 565.378,37.899 C565.522,41.056 565.552,42.003 565.552,50 C565.552,57.996 565.522,58.943 565.378,62.101 M570.82,37.631 C570.674,34.438 570.167,32.258 569.425,30.349 C568.659,28.377 567.633,26.702 565.965,25.035 C564.297,23.368 562.623,22.342 560.652,21.575 C558.743,20.834 556.562,20.326 553.369,20.18 C550.169,20.033 549.148,20 541,20 C532.853,20 531.831,20.033 528.631,20.18 C525.438,20.326 523.257,20.834 521.349,21.575 C519.376,22.342 517.703,23.368 516.035,25.035 C514.368,26.702 513.342,28.377 512.574,30.349 C511.834,32.258 511.326,34.438 511.181,37.631 C511.035,40.831 511,41.851 511,50 C511,58.147 511.035,59.17 511.181,62.369 C511.326,65.562 511.834,67.743 512.574,69.651 C513.342,71.625 514.368,73.296 516.035,74.965 C517.703,76.634 519.376,77.658 521.349,78.425 C523.257,79.167 525.438,79.673 528.631,79.82 C531.831,79.965 532.853,80.001 541,80.001 C549.148,80.001 550.169,79.965 553.369,79.82 C556.562,79.673 558.743,79.167 560.652,78.425 C562.623,77.658 564.297,76.634 565.965,74.965 C567.633,73.296 568.659,71.625 569.425,69.651 C570.167,67.743 570.674,65.562 570.82,62.369 C570.966,59.17 571,58.147 571,50 C571,41.851 570.966,40.831 570.82,37.631\"><\/path><\/g><\/g><\/g><\/svg><\/div><div style=\"padding-top: 8px;\"> <div style=\" color:#3897f0; font-family:Arial,sans-serif; font-size:14px; font-style:normal; font-weight:550; line-height:18px;\">Ver esta publicaci\u00f3n en Instagram<\/div><\/div><div style=\"padding: 12.5% 0;\"><\/div> <div style=\"display: flex; flex-direction: row; margin-bottom: 14px; align-items: center;\"><div> <div style=\"background-color: #F4F4F4; border-radius: 50%; height: 12.5px; width: 12.5px; transform: translateX(0px) translateY(7px);\"><\/div> <div style=\"background-color: #F4F4F4; height: 12.5px; transform: rotate(-45deg) translateX(3px) translateY(1px); width: 12.5px; flex-grow: 0; margin-right: 14px; margin-left: 2px;\"><\/div> <div style=\"background-color: #F4F4F4; border-radius: 50%; height: 12.5px; width: 12.5px; transform: translateX(9px) translateY(-18px);\"><\/div><\/div><div style=\"margin-left: 8px;\"> <div style=\" background-color: #F4F4F4; border-radius: 50%; flex-grow: 0; height: 20px; width: 20px;\"><\/div> <div style=\" width: 0; height: 0; border-top: 2px solid transparent; border-left: 6px solid #f4f4f4; border-bottom: 2px solid transparent; transform: translateX(16px) translateY(-4px) rotate(30deg)\"><\/div><\/div><div style=\"margin-left: auto;\"> <div style=\" width: 0px; border-top: 8px solid #F4F4F4; border-right: 8px solid transparent; transform: translateY(16px);\"><\/div> <div style=\" background-color: #F4F4F4; flex-grow: 0; height: 12px; width: 16px; transform: translateY(-4px);\"><\/div> <div style=\" width: 0; height: 0; border-top: 8px solid #F4F4F4; border-left: 8px solid transparent; transform: translateY(-4px) translateX(8px);\"><\/div><\/div><\/div> <div style=\"display: flex; flex-direction: column; flex-grow: 1; justify-content: center; margin-bottom: 24px;\"> <div style=\" background-color: #F4F4F4; border-radius: 4px; flex-grow: 0; height: 14px; margin-bottom: 6px; width: 224px;\"><\/div> <div style=\" background-color: #F4F4F4; border-radius: 4px; flex-grow: 0; height: 14px; width: 144px;\"><\/div><\/div><\/a><p style=\" color:#c9c8cd; font-family:Arial,sans-serif; font-size:14px; line-height:17px; margin-bottom:0; margin-top:8px; overflow:hidden; padding:8px 0 7px; text-align:center; text-overflow:ellipsis; white-space:nowrap;\"><a href=\"https:\/\/www.instagram.com\/reel\/C0lXICduQoP\/?utm_source=ig_embed&amp;utm_campaign=loading\" style=\" color:#c9c8cd; font-family:Arial,sans-serif; font-size:14px; font-style:normal; font-weight:normal; line-height:17px; text-decoration:none;\" target=\"_blank\" rel=\"noopener\">Una publicaci\u00f3n compartida por @entes.luminicos<\/a><\/p><\/div><\/blockquote> <script async src=\"\/\/www.instagram.com\/embed.js\"><\/script>\n\n\n\n<p>En la oportunidad, Serafini indic\u00f3 que fue una gran experiencia mostrar el trabajo de la agrupaci\u00f3n de Mendoza, adelantando<strong> la posible realizaci\u00f3n de un evento similar en la provincia<\/strong>, invitando a todos para participar de las reuniones e investigaciones de los casos locales.<\/p>\n","protected":false},"excerpt":{"rendered":"<p>El encuentro, con entrada libre y gratuita, se desarroll\u00f3 en Corrientes 450. \u201cIncluso va a haber una persona que fue abducida por una nave con documentaci\u00f3n que los constata\u201d, detall\u00f3 en la previa la organizadora Mar\u00eda del Carmen Dionigi. Mendoza estuvo reprensentada por Entes Lum\u00ednicos, donde present\u00f3 im\u00e1genes de ovnis capturados en video en la<a class=\"read-more\" href=\"https:\/\/elfederalmendoza.com.ar\/index.php\/2024\/05\/14\/se-realizo-el-iv-congreso-internacional-de-ufologia-en-rosario-y-mendoza-tuvo-un-lugar-destacado\/\"> [&hellip;]<\/a><\/p>\n","protected":false},"author":2,"featured_media":32803,"comment_status":"open","ping_status":"open","sticky":false,"template":"","format":"standard","meta":{"footnotes":""},"categories":[1],"tags":[],"class_list":["post-32799","post","type-post","status-publish","format-standard","has-post-thumbnail","hentry","category-mza"],"rttpg_featured_image_url":{"full":["https:\/\/elfederalmendoza.com.ar\/wp-content\/uploads\/2024\/05\/ufo1.jpg",1053,890,false],"landscape":["https:\/\/elfederalmendoza.com.ar\/wp-content\/uploads\/2024\/05\/ufo1.jpg",1053,890,false],"portraits":["https:\/\/elfederalmendoza.com.ar\/wp-content\/uploads\/2024\/05\/ufo1.jpg",1053,890,false],"thumbnail":["https:\/\/elfederalmendoza.com.ar\/wp-content\/uploads\/2024\/05\/ufo1-150x150.jpg",150,150,true],"medium":["https:\/\/elfederalmendoza.com.ar\/wp-content\/uploads\/2024\/05\/ufo1-300x254.jpg",300,254,true],"large":["https:\/\/elfederalmendoza.com.ar\/wp-content\/uploads\/2024\/05\/ufo1-1024x865.jpg",640,541,true],"1536x1536":["https:\/\/elfederalmendoza.com.ar\/wp-content\/uploads\/2024\/05\/ufo1.jpg",1053,890,false],"2048x2048":["https:\/\/elfederalmendoza.com.ar\/wp-content\/uploads\/2024\/05\/ufo1.jpg",1053,890,false],"ultp_layout_landscape_large":["https:\/\/elfederalmendoza.com.ar\/wp-content\/uploads\/2024\/05\/ufo1-1053x800.jpg",1053,800,true],"ultp_layout_landscape":["https:\/\/elfederalmendoza.com.ar\/wp-content\/uploads\/2024\/05\/ufo1-870x570.jpg",870,570,true],"ultp_layout_portrait":["https:\/\/elfederalmendoza.com.ar\/wp-content\/uploads\/2024\/05\/ufo1-600x890.jpg",600,890,true],"ultp_layout_square":["https:\/\/elfederalmendoza.com.ar\/wp-content\/uploads\/2024\/05\/ufo1-600x600.jpg",600,600,true],"rpwe-thumbnail":["https:\/\/elfederalmendoza.com.ar\/wp-content\/uploads\/2024\/05\/ufo1-45x45.jpg",45,45,true],"advps-thumb-one":["https:\/\/elfederalmendoza.com.ar\/wp-content\/uploads\/2024\/05\/ufo1-1053x420.jpg",1053,420,true]},"rttpg_author":{"display_name":"Redacci\u00f3n El Federal","author_link":"https:\/\/elfederalmendoza.com.ar\/index.php\/author\/angelflores\/"},"rttpg_comment":0,"rttpg_category":"<a href=\"https:\/\/elfederalmendoza.com.ar\/index.php\/category\/mza\/\" rel=\"category tag\">Mendoza<\/a>","rttpg_excerpt":"El encuentro, con entrada libre y gratuita, se desarroll\u00f3 en Corrientes 450. \u201cIncluso va a haber una persona que fue abducida por una nave con documentaci\u00f3n que los constata\u201d, detall\u00f3 en la previa la organizadora Mar\u00eda del Carmen Dionigi. Mendoza estuvo reprensentada por Entes Lum\u00ednicos, donde present\u00f3 im\u00e1genes de ovnis capturados en video en la&hellip;","_links":{"self":[{"href":"https:\/\/elfederalmendoza.com.ar\/index.php\/wp-json\/wp\/v2\/posts\/32799","targetHints":{"allow":["GET"]}}],"collection":[{"href":"https:\/\/elfederalmendoza.com.ar\/index.php\/wp-json\/wp\/v2\/posts"}],"about":[{"href":"https:\/\/elfederalmendoza.com.ar\/index.php\/wp-json\/wp\/v2\/types\/post"}],"author":[{"embeddable":true,"href":"https:\/\/elfederalmendoza.com.ar\/index.php\/wp-json\/wp\/v2\/users\/2"}],"replies":[{"embeddable":true,"href":"https:\/\/elfederalmendoza.com.ar\/index.php\/wp-json\/wp\/v2\/comments?post=32799"}],"version-history":[{"count":1,"href":"https:\/\/elfederalmendoza.com.ar\/index.php\/wp-json\/wp\/v2\/posts\/32799\/revisions"}],"predecessor-version":[{"id":32804,"href":"https:\/\/elfederalmendoza.com.ar\/index.php\/wp-json\/wp\/v2\/posts\/32799\/revisions\/32804"}],"wp:featuredmedia":[{"embeddable":true,"href":"https:\/\/elfederalmendoza.com.ar\/index.php\/wp-json\/wp\/v2\/media\/32803"}],"wp:attachment":[{"href":"https:\/\/elfederalmendoza.com.ar\/index.php\/wp-json\/wp\/v2\/media?parent=32799"}],"wp:term":[{"taxonomy":"category","embeddable":true,"href":"https:\/\/elfederalmendoza.com.ar\/index.php\/wp-json\/wp\/v2\/categories?post=32799"},{"taxonomy":"post_tag","embeddable":true,"href":"https:\/\/elfederalmendoza.com.ar\/index.php\/wp-json\/wp\/v2\/tags?post=32799"}],"curies":[{"name":"wp","href":"https:\/\/api.w.org\/{rel}","templated":true}]}}