{"id":32821,"date":"2024-05-15T09:16:14","date_gmt":"2024-05-15T12:16:14","guid":{"rendered":"https:\/\/elfederalmendoza.com\/?p=32821"},"modified":"2024-05-15T09:16:15","modified_gmt":"2024-05-15T12:16:15","slug":"hallaron-a-un-joven-asesinado-de-un-disparo-en-un-descampado-de-las-heras","status":"publish","type":"post","link":"https:\/\/elfederalmendoza.com.ar\/index.php\/2024\/05\/15\/hallaron-a-un-joven-asesinado-de-un-disparo-en-un-descampado-de-las-heras\/","title":{"rendered":"Hallaron a un joven asesinado de un disparo en un descampado de Las Heras"},"content":{"rendered":"\n<p>Un<strong>&nbsp;ex convicto<\/strong>&nbsp;de 26 a\u00f1os fue&nbsp;<strong>asesinado&nbsp;<\/strong>de un balazo la tarde de este martes en un descampado de&nbsp;<strong>El Algarrobal<\/strong>,&nbsp;<strong>Las Heras<\/strong>. Fue identificado como&nbsp;<strong>Franco Emanuel Orosco<\/strong>, quien contaba con numerosos antecedentes y reciente pasado carcelario.<\/p>\n\n\n\n<p>A partir de las primeras averiguaciones en la escena, lideradas por la&nbsp;<strong>fiscal de Homicidios Claudia R\u00edos<\/strong>, los investigadores&nbsp;<mark>apuntan a un m\u00f3vil relacionado con el ambiente delictivo en el que se manejaba la v\u00edctima<\/mark>.<\/p>\n\n\n\n<p>La informaci\u00f3n policial sostiene que cerca de las 16.30 una chica, de 25 a\u00f1os, se comunic\u00f3 con la l\u00ednea de emergencias 911 y avis\u00f3 que acababa de encontrar a su hermano sin vida en un lote bald\u00edo de&nbsp;<strong>calles Bajada Blanca y Jorge Newbery<\/strong>.<\/p>\n\n\n\n<p>Al parecer, fue un adolescente de la zona quien l<mark>e avis\u00f3 a la muchacha que su hermano estaba tendido en ese lugar, ubicado en las cercan\u00edas de su casa, y cuando fue a buscarlo not\u00f3 que no ten\u00eda signos vitale<\/mark>s.<\/p>\n\n\n\n<p>Hasta el lugar se desplaz\u00f3 personal policial de la jurisdicci\u00f3n y una ambulancia del&nbsp;<strong>Servicio de Emergencias Coordinado&nbsp;<\/strong>(<strong>SEC<\/strong>), cuyo m\u00e9dico constat\u00f3 el deceso de Orosco.<\/p>\n\n\n\n<p>En un principio, los profesionales pensaron que estaban frente a un caso de muerte sin asistencia m\u00e9dica, SAM, como denominan estos casos la Polic\u00eda y la Justicia.<\/p>\n\n\n\n<p>No obstante, a los peritos de la<strong>&nbsp;Polic\u00eda Cient\u00edfica<\/strong>&nbsp;y del&nbsp;<strong>Grupo TEN<\/strong>&nbsp;(<strong>Traslado Examen Necroidentificaci\u00f3n<\/strong>) les llam\u00f3 la atenci\u00f3n la rigidez que presentaba el cad\u00e1ver y en una inspecci\u00f3n m\u00e1s exhaustiva&nbsp;<mark>advirtieron que ten\u00eda un orifico de bala en el lateral derecho del t\u00f3rax, por lo que se comenz\u00f3 a investigar como un crimen<\/mark>.<\/p>\n\n\n\n<p>R\u00e1pidamente, los pesquisas profundizaron sobre el perfil del joven ultimado y&nbsp;<mark>descubrieron que ten\u00eda varios antecedentes por resistencia a la autoridad, hurtos y robos<\/mark>. Incluso, ten\u00eda un reciente paso por prisi\u00f3n, producto de una de esas causas por las que fue investigado.<\/p>\n\n\n\n<p>A partir de eso y a las labores iniciales de los detectives en el teatro del hecho, se comenz\u00f3 a manejar una hip\u00f3tesis relacionada con el mundo delictivo en el que se encontraba inmerso Orosco y&nbsp;<mark>no descartaban un conflicto por tema de drogas, indicaron fuentes allegadas al caso<\/mark>.<\/p>\n\n\n\n<p><em>Fuente: Las Heras<\/em><\/p>\n","protected":false},"excerpt":{"rendered":"<p>Un&nbsp;ex convicto&nbsp;de 26 a\u00f1os fue&nbsp;asesinado&nbsp;de un balazo la tarde de este martes en un descampado de&nbsp;El Algarrobal,&nbsp;Las Heras. Fue identificado como&nbsp;Franco Emanuel Orosco, quien contaba con numerosos antecedentes y reciente pasado carcelario. A partir de las primeras averiguaciones en la escena, lideradas por la&nbsp;fiscal de Homicidios Claudia R\u00edos, los investigadores&nbsp;apuntan a un m\u00f3vil relacionado con<a class=\"read-more\" href=\"https:\/\/elfederalmendoza.com.ar\/index.php\/2024\/05\/15\/hallaron-a-un-joven-asesinado-de-un-disparo-en-un-descampado-de-las-heras\/\"> [&hellip;]<\/a><\/p>\n","protected":false},"author":2,"featured_media":32824,"comment_status":"open","ping_status":"open","sticky":false,"template":"","format":"standard","meta":{"footnotes":""},"categories":[1],"tags":[],"class_list":["post-32821","post","type-post","status-publish","format-standard","has-post-thumbnail","hentry","category-mza"],"rttpg_featured_image_url":{"full":["https:\/\/elfederalmendoza.com.ar\/wp-content\/uploads\/2024\/05\/PORTADA-Orosco.webp",1201,901,false],"landscape":["https:\/\/elfederalmendoza.com.ar\/wp-content\/uploads\/2024\/05\/PORTADA-Orosco.webp",1201,901,false],"portraits":["https:\/\/elfederalmendoza.com.ar\/wp-content\/uploads\/2024\/05\/PORTADA-Orosco.webp",1201,901,false],"thumbnail":["https:\/\/elfederalmendoza.com.ar\/wp-content\/uploads\/2024\/05\/PORTADA-Orosco-150x150.webp",150,150,true],"medium":["https:\/\/elfederalmendoza.com.ar\/wp-content\/uploads\/2024\/05\/PORTADA-Orosco-300x225.webp",300,225,true],"large":["https:\/\/elfederalmendoza.com.ar\/wp-content\/uploads\/2024\/05\/PORTADA-Orosco-1024x768.webp",640,480,true],"1536x1536":["https:\/\/elfederalmendoza.com.ar\/wp-content\/uploads\/2024\/05\/PORTADA-Orosco.webp",1201,901,false],"2048x2048":["https:\/\/elfederalmendoza.com.ar\/wp-content\/uploads\/2024\/05\/PORTADA-Orosco.webp",1201,901,false],"ultp_layout_landscape_large":["https:\/\/elfederalmendoza.com.ar\/wp-content\/uploads\/2024\/05\/PORTADA-Orosco-1200x800.webp",1200,800,true],"ultp_layout_landscape":["https:\/\/elfederalmendoza.com.ar\/wp-content\/uploads\/2024\/05\/PORTADA-Orosco-870x570.webp",870,570,true],"ultp_layout_portrait":["https:\/\/elfederalmendoza.com.ar\/wp-content\/uploads\/2024\/05\/PORTADA-Orosco-600x900.webp",600,900,true],"ultp_layout_square":["https:\/\/elfederalmendoza.com.ar\/wp-content\/uploads\/2024\/05\/PORTADA-Orosco-600x600.webp",600,600,true],"rpwe-thumbnail":["https:\/\/elfederalmendoza.com.ar\/wp-content\/uploads\/2024\/05\/PORTADA-Orosco-45x45.webp",45,45,true],"advps-thumb-one":["https:\/\/elfederalmendoza.com.ar\/wp-content\/uploads\/2024\/05\/PORTADA-Orosco-1200x420.webp",1200,420,true]},"rttpg_author":{"display_name":"Redacci\u00f3n El Federal","author_link":"https:\/\/elfederalmendoza.com.ar\/index.php\/author\/angelflores\/"},"rttpg_comment":0,"rttpg_category":"<a href=\"https:\/\/elfederalmendoza.com.ar\/index.php\/category\/mza\/\" rel=\"category tag\">Mendoza<\/a>","rttpg_excerpt":"Un&nbsp;ex convicto&nbsp;de 26 a\u00f1os fue&nbsp;asesinado&nbsp;de un balazo la tarde de este martes en un descampado de&nbsp;El Algarrobal,&nbsp;Las Heras. Fue identificado como&nbsp;Franco Emanuel Orosco, quien contaba con numerosos antecedentes y reciente pasado carcelario. A partir de las primeras averiguaciones en la escena, lideradas por la&nbsp;fiscal de Homicidios Claudia R\u00edos, los investigadores&nbsp;apuntan a un m\u00f3vil relacionado con&hellip;","_links":{"self":[{"href":"https:\/\/elfederalmendoza.com.ar\/index.php\/wp-json\/wp\/v2\/posts\/32821","targetHints":{"allow":["GET"]}}],"collection":[{"href":"https:\/\/elfederalmendoza.com.ar\/index.php\/wp-json\/wp\/v2\/posts"}],"about":[{"href":"https:\/\/elfederalmendoza.com.ar\/index.php\/wp-json\/wp\/v2\/types\/post"}],"author":[{"embeddable":true,"href":"https:\/\/elfederalmendoza.com.ar\/index.php\/wp-json\/wp\/v2\/users\/2"}],"replies":[{"embeddable":true,"href":"https:\/\/elfederalmendoza.com.ar\/index.php\/wp-json\/wp\/v2\/comments?post=32821"}],"version-history":[{"count":1,"href":"https:\/\/elfederalmendoza.com.ar\/index.php\/wp-json\/wp\/v2\/posts\/32821\/revisions"}],"predecessor-version":[{"id":32825,"href":"https:\/\/elfederalmendoza.com.ar\/index.php\/wp-json\/wp\/v2\/posts\/32821\/revisions\/32825"}],"wp:featuredmedia":[{"embeddable":true,"href":"https:\/\/elfederalmendoza.com.ar\/index.php\/wp-json\/wp\/v2\/media\/32824"}],"wp:attachment":[{"href":"https:\/\/elfederalmendoza.com.ar\/index.php\/wp-json\/wp\/v2\/media?parent=32821"}],"wp:term":[{"taxonomy":"category","embeddable":true,"href":"https:\/\/elfederalmendoza.com.ar\/index.php\/wp-json\/wp\/v2\/categories?post=32821"},{"taxonomy":"post_tag","embeddable":true,"href":"https:\/\/elfederalmendoza.com.ar\/index.php\/wp-json\/wp\/v2\/tags?post=32821"}],"curies":[{"name":"wp","href":"https:\/\/api.w.org\/{rel}","templated":true}]}}