{"id":32822,"date":"2024-05-15T09:30:19","date_gmt":"2024-05-15T12:30:19","guid":{"rendered":"https:\/\/elfederalmendoza.com\/?p=32822"},"modified":"2024-05-15T09:30:20","modified_gmt":"2024-05-15T12:30:20","slug":"segun-la-casa-rosada-mendoza-es-la-unica-provincia-sin-tolerancia-cero-que-no-redujo-la-siniestralidad-vial","status":"publish","type":"post","link":"https:\/\/elfederalmendoza.com.ar\/index.php\/2024\/05\/15\/segun-la-casa-rosada-mendoza-es-la-unica-provincia-sin-tolerancia-cero-que-no-redujo-la-siniestralidad-vial\/","title":{"rendered":"Seg\u00fan la Casa Rosada, Mendoza es la \u00fanica provincia sin tolerancia cero que no redujo la siniestralidad vial"},"content":{"rendered":"\n<p>El dato lo revel\u00f3 el jefe de Gabinete<strong>, Nicol\u00e1s Posse,\u00a0<\/strong>quien deber\u00e1 responder este mi\u00e9rcoles preguntas de los senadores sobre los 5 meses de gesti\u00f3n del presidente Javier Milei. Los legisladores le pasaron\u00a0<strong>1.286 preguntas<\/strong>\u00a0que respondi\u00f3 por escrito. Entre ellas, una de la mendocina\u00a0<strong>Mariana Juri<\/strong>\u00a0sobre\u00a0<strong>los accidentes tras la promulgaci\u00f3n de la ley de tolerancia cero<\/strong>.<\/p>\n\n\n\n<p>Aunque la normativa nacional entr\u00f3 en vigencia el 3 de mayo de 2023, el entonces gobernador de Mendoza,&nbsp;<strong>Rodolfo Suarez<\/strong>, con un fuerte respaldo del sector bodeguero, decidi\u00f3 que la Provincia continuar\u00eda aplicando el l\u00edmite de 0,5 gramos de alcohol en sangre.<\/p>\n\n\n\n<p>Por esta decisi\u00f3n,\u00a0<strong>Mendoza<\/strong>\u00a0est\u00e1 entre las jurisdicciones donde\u00a0<strong>se permite conducir despu\u00e9s de haber consumido alcohol,<\/strong>\u00a0junto con la Ciudad Aut\u00f3noma de Buenos Aires, Santa Fe, Corrientes, Misiones y San Juan.<\/p>\n\n\n\n<p>Sin embargo, de acuerdo a los datos brindados por la Direcci\u00f3n de Estad\u00edstica Vial -organismo nacional-,&nbsp;<strong>la provincia es la \u00fanica<\/strong>, entre las nombradas, que&nbsp;<strong>no redujo la siniestralidad vial con v\u00edctimas fatales.<\/strong><\/p>\n\n\n\n<p>En 2022 Mendoza registr\u00f3 108 muertos en accidentes viales y, un a\u00f1o despu\u00e9s, la cifra aument\u00f3 a 111. Los datos oficiales arrojaron que hubo un<strong>&nbsp;incremento del 3%,&nbsp;<\/strong>seg\u00fan el informe presentado por el jefe de Gabinete.<\/p>\n\n\n\n<p>Por otro lado, CABA redujo la cantidad de muertos en siniestros viales en el 34%, Santa Fe 16%, Corrientes 11%, Misiones 4% y San Juan 1%.<\/p>\n\n\n\n<h2 class=\"wp-block-heading\">Las provincias que adhirieron al alcohol cero bajaron m\u00e1s el porcentaje de muertes<\/h2>\n\n\n\n<p>Continuando con el informe brindado por el gobierno nacional, se desprende que entre las provincias que redujeron la tasa de mortalidad&nbsp;<strong>fueron m\u00e1s efectivas aquellas que s\u00ed adhirieron a la ley de alcohol cero.<\/strong><\/p>\n\n\n\n<p>En 2023, de las 24 jurisdicciones,\u00a0<strong>15 mermaron\u00a0<\/strong>las muertes por accidentes viales con respecto a 2022. De ellas,\u00a0<strong>10 adhirieron<\/strong>\u00a0y 5 no. Pero el\u00a0<strong>rendimiento\u00a0<\/strong>de las que s\u00ed tienen alcohol cero y bajaron los accidentes fatales fue mayor que las que no.<\/p>\n\n\n\n<p>En concreto, las que&nbsp;<strong>adhirieron&nbsp;<\/strong>a la ley nacional&nbsp;<strong>disminuyeron en promedio las muertes en 21,40%<\/strong>, mientras que<strong>&nbsp;las que no<\/strong>&nbsp;aceptaron la ley de alcohol cero solamente&nbsp;<strong>13%.<\/strong><\/p>\n\n\n\n<p>En el caso de las que adhirieron y redujeron est\u00e1n: San Luis (-32%), Formosa (-30%), La Pampa (-29%), Jujuy (-25%), Chubut (-23%), Santa Cruz (-22%), Neuqu\u00e9n (-17%), Tucum\u00e1n (-15%), Santiago del Estero (-11%) y Catamarca (-10%).<\/p>\n\n\n\n<h2 class=\"wp-block-heading\">Ocho provincias adhirieron a la ley tolerancia cero y aumentaron la siniestralidad<\/h2>\n\n\n\n<p>Por otra parte, est\u00e1n aquellas provincias que adhirieron y que, de igual forma, aumentaron la cantidad de muertos en accidentes de tr\u00e1nsito. Es el caso de Buenos Aires (2%), C\u00f3rdoba (3%), Entre R\u00edos (8%), Chaco (8%), R\u00edo Negro (11%), Salta (13%), La Rioja (18%) y Tierra del Fuego (25%).<\/p>\n","protected":false},"excerpt":{"rendered":"<p>El dato lo revel\u00f3 el jefe de Gabinete, Nicol\u00e1s Posse,\u00a0quien deber\u00e1 responder este mi\u00e9rcoles preguntas de los senadores sobre los 5 meses de gesti\u00f3n del presidente Javier Milei. Los legisladores le pasaron\u00a01.286 preguntas\u00a0que respondi\u00f3 por escrito. Entre ellas, una de la mendocina\u00a0Mariana Juri\u00a0sobre\u00a0los accidentes tras la promulgaci\u00f3n de la ley de tolerancia cero. Aunque la<a class=\"read-more\" href=\"https:\/\/elfederalmendoza.com.ar\/index.php\/2024\/05\/15\/segun-la-casa-rosada-mendoza-es-la-unica-provincia-sin-tolerancia-cero-que-no-redujo-la-siniestralidad-vial\/\"> [&hellip;]<\/a><\/p>\n","protected":false},"author":2,"featured_media":32827,"comment_status":"open","ping_status":"open","sticky":false,"template":"","format":"standard","meta":{"footnotes":""},"categories":[1],"tags":[],"class_list":["post-32822","post","type-post","status-publish","format-standard","has-post-thumbnail","hentry","category-mza"],"rttpg_featured_image_url":{"full":["https:\/\/elfederalmendoza.com.ar\/wp-content\/uploads\/2024\/05\/el-jueves-pasado-el-conductor-una-renault-duster-fallecio-la-ruta-153-las-catitas-chocar-contra-un-camion-los-primeros-131-dias-este-ano-han-muerto-75-personas-accidentes-viales.webp",1200,765,false],"landscape":["https:\/\/elfederalmendoza.com.ar\/wp-content\/uploads\/2024\/05\/el-jueves-pasado-el-conductor-una-renault-duster-fallecio-la-ruta-153-las-catitas-chocar-contra-un-camion-los-primeros-131-dias-este-ano-han-muerto-75-personas-accidentes-viales.webp",1200,765,false],"portraits":["https:\/\/elfederalmendoza.com.ar\/wp-content\/uploads\/2024\/05\/el-jueves-pasado-el-conductor-una-renault-duster-fallecio-la-ruta-153-las-catitas-chocar-contra-un-camion-los-primeros-131-dias-este-ano-han-muerto-75-personas-accidentes-viales.webp",1200,765,false],"thumbnail":["https:\/\/elfederalmendoza.com.ar\/wp-content\/uploads\/2024\/05\/el-jueves-pasado-el-conductor-una-renault-duster-fallecio-la-ruta-153-las-catitas-chocar-contra-un-camion-los-primeros-131-dias-este-ano-han-muerto-75-personas-accidentes-viales-150x150.webp",150,150,true],"medium":["https:\/\/elfederalmendoza.com.ar\/wp-content\/uploads\/2024\/05\/el-jueves-pasado-el-conductor-una-renault-duster-fallecio-la-ruta-153-las-catitas-chocar-contra-un-camion-los-primeros-131-dias-este-ano-han-muerto-75-personas-accidentes-viales-300x191.webp",300,191,true],"large":["https:\/\/elfederalmendoza.com.ar\/wp-content\/uploads\/2024\/05\/el-jueves-pasado-el-conductor-una-renault-duster-fallecio-la-ruta-153-las-catitas-chocar-contra-un-camion-los-primeros-131-dias-este-ano-han-muerto-75-personas-accidentes-viales-1024x653.webp",640,408,true],"1536x1536":["https:\/\/elfederalmendoza.com.ar\/wp-content\/uploads\/2024\/05\/el-jueves-pasado-el-conductor-una-renault-duster-fallecio-la-ruta-153-las-catitas-chocar-contra-un-camion-los-primeros-131-dias-este-ano-han-muerto-75-personas-accidentes-viales.webp",1200,765,false],"2048x2048":["https:\/\/elfederalmendoza.com.ar\/wp-content\/uploads\/2024\/05\/el-jueves-pasado-el-conductor-una-renault-duster-fallecio-la-ruta-153-las-catitas-chocar-contra-un-camion-los-primeros-131-dias-este-ano-han-muerto-75-personas-accidentes-viales.webp",1200,765,false],"ultp_layout_landscape_large":["https:\/\/elfederalmendoza.com.ar\/wp-content\/uploads\/2024\/05\/el-jueves-pasado-el-conductor-una-renault-duster-fallecio-la-ruta-153-las-catitas-chocar-contra-un-camion-los-primeros-131-dias-este-ano-han-muerto-75-personas-accidentes-viales.webp",1200,765,false],"ultp_layout_landscape":["https:\/\/elfederalmendoza.com.ar\/wp-content\/uploads\/2024\/05\/el-jueves-pasado-el-conductor-una-renault-duster-fallecio-la-ruta-153-las-catitas-chocar-contra-un-camion-los-primeros-131-dias-este-ano-han-muerto-75-personas-accidentes-viales-870x570.webp",870,570,true],"ultp_layout_portrait":["https:\/\/elfederalmendoza.com.ar\/wp-content\/uploads\/2024\/05\/el-jueves-pasado-el-conductor-una-renault-duster-fallecio-la-ruta-153-las-catitas-chocar-contra-un-camion-los-primeros-131-dias-este-ano-han-muerto-75-personas-accidentes-viales-600x765.webp",600,765,true],"ultp_layout_square":["https:\/\/elfederalmendoza.com.ar\/wp-content\/uploads\/2024\/05\/el-jueves-pasado-el-conductor-una-renault-duster-fallecio-la-ruta-153-las-catitas-chocar-contra-un-camion-los-primeros-131-dias-este-ano-han-muerto-75-personas-accidentes-viales-600x600.webp",600,600,true],"rpwe-thumbnail":["https:\/\/elfederalmendoza.com.ar\/wp-content\/uploads\/2024\/05\/el-jueves-pasado-el-conductor-una-renault-duster-fallecio-la-ruta-153-las-catitas-chocar-contra-un-camion-los-primeros-131-dias-este-ano-han-muerto-75-personas-accidentes-viales-45x45.webp",45,45,true],"advps-thumb-one":["https:\/\/elfederalmendoza.com.ar\/wp-content\/uploads\/2024\/05\/el-jueves-pasado-el-conductor-una-renault-duster-fallecio-la-ruta-153-las-catitas-chocar-contra-un-camion-los-primeros-131-dias-este-ano-han-muerto-75-personas-accidentes-viales-1200x420.webp",1200,420,true]},"rttpg_author":{"display_name":"Redacci\u00f3n El Federal","author_link":"https:\/\/elfederalmendoza.com.ar\/index.php\/author\/angelflores\/"},"rttpg_comment":0,"rttpg_category":"<a href=\"https:\/\/elfederalmendoza.com.ar\/index.php\/category\/mza\/\" rel=\"category tag\">Mendoza<\/a>","rttpg_excerpt":"El dato lo revel\u00f3 el jefe de Gabinete, Nicol\u00e1s Posse,\u00a0quien deber\u00e1 responder este mi\u00e9rcoles preguntas de los senadores sobre los 5 meses de gesti\u00f3n del presidente Javier Milei. Los legisladores le pasaron\u00a01.286 preguntas\u00a0que respondi\u00f3 por escrito. Entre ellas, una de la mendocina\u00a0Mariana Juri\u00a0sobre\u00a0los accidentes tras la promulgaci\u00f3n de la ley de tolerancia cero. Aunque la&hellip;","_links":{"self":[{"href":"https:\/\/elfederalmendoza.com.ar\/index.php\/wp-json\/wp\/v2\/posts\/32822","targetHints":{"allow":["GET"]}}],"collection":[{"href":"https:\/\/elfederalmendoza.com.ar\/index.php\/wp-json\/wp\/v2\/posts"}],"about":[{"href":"https:\/\/elfederalmendoza.com.ar\/index.php\/wp-json\/wp\/v2\/types\/post"}],"author":[{"embeddable":true,"href":"https:\/\/elfederalmendoza.com.ar\/index.php\/wp-json\/wp\/v2\/users\/2"}],"replies":[{"embeddable":true,"href":"https:\/\/elfederalmendoza.com.ar\/index.php\/wp-json\/wp\/v2\/comments?post=32822"}],"version-history":[{"count":1,"href":"https:\/\/elfederalmendoza.com.ar\/index.php\/wp-json\/wp\/v2\/posts\/32822\/revisions"}],"predecessor-version":[{"id":32828,"href":"https:\/\/elfederalmendoza.com.ar\/index.php\/wp-json\/wp\/v2\/posts\/32822\/revisions\/32828"}],"wp:featuredmedia":[{"embeddable":true,"href":"https:\/\/elfederalmendoza.com.ar\/index.php\/wp-json\/wp\/v2\/media\/32827"}],"wp:attachment":[{"href":"https:\/\/elfederalmendoza.com.ar\/index.php\/wp-json\/wp\/v2\/media?parent=32822"}],"wp:term":[{"taxonomy":"category","embeddable":true,"href":"https:\/\/elfederalmendoza.com.ar\/index.php\/wp-json\/wp\/v2\/categories?post=32822"},{"taxonomy":"post_tag","embeddable":true,"href":"https:\/\/elfederalmendoza.com.ar\/index.php\/wp-json\/wp\/v2\/tags?post=32822"}],"curies":[{"name":"wp","href":"https:\/\/api.w.org\/{rel}","templated":true}]}}