{"id":32835,"date":"2024-05-16T11:11:04","date_gmt":"2024-05-16T14:11:04","guid":{"rendered":"https:\/\/elfederalmendoza.com\/?p=32835"},"modified":"2024-05-16T11:11:06","modified_gmt":"2024-05-16T14:11:06","slug":"videos-ramiro-marra-y-juan-grabois-casi-a-las-pinas-te-lo-digo-en-la-cara-yo-no-le-robo-a-los-pobres","status":"publish","type":"post","link":"https:\/\/elfederalmendoza.com.ar\/index.php\/2024\/05\/16\/videos-ramiro-marra-y-juan-grabois-casi-a-las-pinas-te-lo-digo-en-la-cara-yo-no-le-robo-a-los-pobres\/","title":{"rendered":"-VIDEOS- Ramiro Marra y Juan Grabois casi a las pi\u00f1as: \u00abTe lo digo en la cara, yo no le robo a los pobres\u00bb"},"content":{"rendered":"\n<p>En una encendida discusi\u00f3n que sorprendi\u00f3 a los televidentes, el legislador porte\u00f1o por La Libertad Avanza,\u00a0<strong>Ramiro Marra<\/strong>, y el referente piquetero,\u00a0<strong>Juan Grabois<\/strong>, protagonizaron un\u00a0<strong>fuerte intercambio de palabras\u00a0<\/strong>en el programa \u00ab<em>A Dos Voces<\/em>\u00bb de TN.<\/p>\n\n\n\n<p>El enfrentamiento se produjo en medio del debate por la Ley Bases en el Senado y en un contexto de tensiones pol\u00edticas por las\u00a0denuncias contra los movimientos piqueteros. Marra y Grabois, con visiones antag\u00f3nicas sobre el modelo de pa\u00eds, se enfrascaron en una discusi\u00f3n que estuvo marcada por las\u00a0<strong>chicanas, insultos y graves acusaciones.<\/strong><\/p>\n\n\n\n<p>\u00abUn robo legal, de guante blanco, a trav\u00e9s de un\u00a0<strong>mecanismo de inflaci\u00f3n planificada<\/strong>\u00ab, acus\u00f3 Grabois. Marra, por su parte, respondi\u00f3 afirmando que \u00abahora empez\u00f3 una nueva gesti\u00f3n que est\u00e1 ordenando la econom\u00eda\u00bb, se\u00f1alando<strong>\u00a0logros como el super\u00e1vit financiero y la baja en la inflaci\u00f3n<\/strong>, mientras culpaba al gobierno anterior por la devaluaci\u00f3n y la situaci\u00f3n actual.<\/p>\n\n\n\n<blockquote class=\"twitter-tweet\" data-media-max-width=\"560\"><p lang=\"es\" dir=\"ltr\">\ud83d\udd25 Baile morboso de Marra a Grabois<br><br>\ud83d\udc49 Le hace admitir que la tomar de tierras est\u00e1 mal<br>\ud83d\udc49 Le hace admitir que usan impuestos para financiar su movimiento esclavista<br>\ud83d\udc49 Le hace admitir que no es pobre <a href=\"https:\/\/t.co\/mPjS2TImdg\">pic.twitter.com\/mPjS2TImdg<\/a><\/p>&mdash; Pregonero (@PregoneroL) <a href=\"https:\/\/twitter.com\/PregoneroL\/status\/1791061640139440591?ref_src=twsrc%5Etfw\">May 16, 2024<\/a><\/blockquote> <script async src=\"https:\/\/platform.twitter.com\/widgets.js\" charset=\"utf-8\"><\/script>\n\n\n\n<p>El cruce escal\u00f3 r\u00e1pidamente cuando Marra lanz\u00f3 una acusaci\u00f3n directa: \u00ab<strong>Lo \u00fanico que dejaron ustedes fue pobres<\/strong>\u00ab. Grabois defendi\u00f3 su postura, argumentando que su intenci\u00f3n es generar m\u00e1s trabajo en el sector privado y brindar ayuda a quienes m\u00e1s lo necesitan.<\/p>\n\n\n\n<p>&nbsp;La tensi\u00f3n no ces\u00f3 y se intensificaron las acusaciones personales. Grabois cuestion\u00f3 a Marra por sus ingresos como funcionario p\u00fablico, a lo que este respondi\u00f3 que su salario proviene del sector privado y es a\u00fan mayor. Adem\u00e1s, ambos dirigentes se refirieron a&nbsp;<strong>un cruce previo en redes sociales, donde Grabois envi\u00f3 una carta documento a Marra&nbsp;<\/strong>por sus declaraciones.<\/p>\n\n\n\n<p>Incluso cuando el conductor del programa intent\u00f3 mediar y propuso que se dieran la mano para concluir el debate, la discusi\u00f3n continu\u00f3.\u00a0<strong>Grabois lleg\u00f3 a calificar a Marra de \u00abgarca\u00bb,<\/strong>\u00a0mientras que el diputado lo acus\u00f3 de \u00abrobarle a los pobres\u00bb.<\/p>\n\n\n\n<blockquote class=\"twitter-tweet\" data-media-max-width=\"560\"><p lang=\"es\" dir=\"ltr\">HACELO PlJA MARRA \ud83e\udd4a\ud83e\udd4a\ud83e\udd4a<br><br>&#8211; Grabois: \u201cDar la mano blandita es de garca\u201d<br><br>+ Marra: \u201cDE GARCA ES ROBARLE A LOS POBRES, PEDAZO DE MAL EDUCADO\u201d<br><br>SE RE PICO \ud83d\udd25\ud83d\udd25\ud83d\udd25 <a href=\"https:\/\/t.co\/m35eJK3pXA\">pic.twitter.com\/m35eJK3pXA<\/a><\/p>&mdash; Milei SheIby (@TommyShelby_30) <a href=\"https:\/\/twitter.com\/TommyShelby_30\/status\/1790932628612243606?ref_src=twsrc%5Etfw\">May 16, 2024<\/a><\/blockquote> <script async src=\"https:\/\/platform.twitter.com\/widgets.js\" charset=\"utf-8\"><\/script>\n","protected":false},"excerpt":{"rendered":"<p>En una encendida discusi\u00f3n que sorprendi\u00f3 a los televidentes, el legislador porte\u00f1o por La Libertad Avanza,\u00a0Ramiro Marra, y el referente piquetero,\u00a0Juan Grabois, protagonizaron un\u00a0fuerte intercambio de palabras\u00a0en el programa \u00abA Dos Voces\u00bb de TN. El enfrentamiento se produjo en medio del debate por la Ley Bases en el Senado y en un contexto de tensiones<a class=\"read-more\" href=\"https:\/\/elfederalmendoza.com.ar\/index.php\/2024\/05\/16\/videos-ramiro-marra-y-juan-grabois-casi-a-las-pinas-te-lo-digo-en-la-cara-yo-no-le-robo-a-los-pobres\/\"> [&hellip;]<\/a><\/p>\n","protected":false},"author":2,"featured_media":32837,"comment_status":"open","ping_status":"open","sticky":false,"template":"","format":"standard","meta":{"footnotes":""},"categories":[5618],"tags":[],"class_list":["post-32835","post","type-post","status-publish","format-standard","has-post-thumbnail","hentry","category-arg"],"rttpg_featured_image_url":{"full":["https:\/\/elfederalmendoza.com.ar\/wp-content\/uploads\/2024\/05\/marra.jpg",1122,686,false],"landscape":["https:\/\/elfederalmendoza.com.ar\/wp-content\/uploads\/2024\/05\/marra.jpg",1122,686,false],"portraits":["https:\/\/elfederalmendoza.com.ar\/wp-content\/uploads\/2024\/05\/marra.jpg",1122,686,false],"thumbnail":["https:\/\/elfederalmendoza.com.ar\/wp-content\/uploads\/2024\/05\/marra-150x150.jpg",150,150,true],"medium":["https:\/\/elfederalmendoza.com.ar\/wp-content\/uploads\/2024\/05\/marra-300x183.jpg",300,183,true],"large":["https:\/\/elfederalmendoza.com.ar\/wp-content\/uploads\/2024\/05\/marra-1024x626.jpg",640,391,true],"1536x1536":["https:\/\/elfederalmendoza.com.ar\/wp-content\/uploads\/2024\/05\/marra.jpg",1122,686,false],"2048x2048":["https:\/\/elfederalmendoza.com.ar\/wp-content\/uploads\/2024\/05\/marra.jpg",1122,686,false],"ultp_layout_landscape_large":["https:\/\/elfederalmendoza.com.ar\/wp-content\/uploads\/2024\/05\/marra.jpg",1122,686,false],"ultp_layout_landscape":["https:\/\/elfederalmendoza.com.ar\/wp-content\/uploads\/2024\/05\/marra-870x570.jpg",870,570,true],"ultp_layout_portrait":["https:\/\/elfederalmendoza.com.ar\/wp-content\/uploads\/2024\/05\/marra-600x686.jpg",600,686,true],"ultp_layout_square":["https:\/\/elfederalmendoza.com.ar\/wp-content\/uploads\/2024\/05\/marra-600x600.jpg",600,600,true],"rpwe-thumbnail":["https:\/\/elfederalmendoza.com.ar\/wp-content\/uploads\/2024\/05\/marra-45x45.jpg",45,45,true],"advps-thumb-one":["https:\/\/elfederalmendoza.com.ar\/wp-content\/uploads\/2024\/05\/marra-1122x420.jpg",1122,420,true]},"rttpg_author":{"display_name":"Redacci\u00f3n El Federal","author_link":"https:\/\/elfederalmendoza.com.ar\/index.php\/author\/angelflores\/"},"rttpg_comment":0,"rttpg_category":"<a href=\"https:\/\/elfederalmendoza.com.ar\/index.php\/category\/arg\/\" rel=\"category tag\">Argentina<\/a>","rttpg_excerpt":"En una encendida discusi\u00f3n que sorprendi\u00f3 a los televidentes, el legislador porte\u00f1o por La Libertad Avanza,\u00a0Ramiro Marra, y el referente piquetero,\u00a0Juan Grabois, protagonizaron un\u00a0fuerte intercambio de palabras\u00a0en el programa \u00abA Dos Voces\u00bb de TN. El enfrentamiento se produjo en medio del debate por la Ley Bases en el Senado y en un contexto de tensiones&hellip;","_links":{"self":[{"href":"https:\/\/elfederalmendoza.com.ar\/index.php\/wp-json\/wp\/v2\/posts\/32835","targetHints":{"allow":["GET"]}}],"collection":[{"href":"https:\/\/elfederalmendoza.com.ar\/index.php\/wp-json\/wp\/v2\/posts"}],"about":[{"href":"https:\/\/elfederalmendoza.com.ar\/index.php\/wp-json\/wp\/v2\/types\/post"}],"author":[{"embeddable":true,"href":"https:\/\/elfederalmendoza.com.ar\/index.php\/wp-json\/wp\/v2\/users\/2"}],"replies":[{"embeddable":true,"href":"https:\/\/elfederalmendoza.com.ar\/index.php\/wp-json\/wp\/v2\/comments?post=32835"}],"version-history":[{"count":1,"href":"https:\/\/elfederalmendoza.com.ar\/index.php\/wp-json\/wp\/v2\/posts\/32835\/revisions"}],"predecessor-version":[{"id":32838,"href":"https:\/\/elfederalmendoza.com.ar\/index.php\/wp-json\/wp\/v2\/posts\/32835\/revisions\/32838"}],"wp:featuredmedia":[{"embeddable":true,"href":"https:\/\/elfederalmendoza.com.ar\/index.php\/wp-json\/wp\/v2\/media\/32837"}],"wp:attachment":[{"href":"https:\/\/elfederalmendoza.com.ar\/index.php\/wp-json\/wp\/v2\/media?parent=32835"}],"wp:term":[{"taxonomy":"category","embeddable":true,"href":"https:\/\/elfederalmendoza.com.ar\/index.php\/wp-json\/wp\/v2\/categories?post=32835"},{"taxonomy":"post_tag","embeddable":true,"href":"https:\/\/elfederalmendoza.com.ar\/index.php\/wp-json\/wp\/v2\/tags?post=32835"}],"curies":[{"name":"wp","href":"https:\/\/api.w.org\/{rel}","templated":true}]}}