{"id":32839,"date":"2024-05-17T11:25:42","date_gmt":"2024-05-17T14:25:42","guid":{"rendered":"https:\/\/elfederalmendoza.com\/?p=32839"},"modified":"2024-05-17T11:25:44","modified_gmt":"2024-05-17T14:25:44","slug":"el-gobierno-otorgo-un-permiso-a-una-empresa-especializada-en-turismo-para-explotar-los-penitentes","status":"publish","type":"post","link":"https:\/\/elfederalmendoza.com.ar\/index.php\/2024\/05\/17\/el-gobierno-otorgo-un-permiso-a-una-empresa-especializada-en-turismo-para-explotar-los-penitentes\/","title":{"rendered":"El Gobierno otorg\u00f3 un permiso a una empresa especializada en turismo para explotar Los Penitentes"},"content":{"rendered":"\n<p>El Gobierno de la provincia de Mendoza, a trav\u00e9s del Decreto 944, publicado este viernes a en el Bolet\u00edn Oficial, entreg\u00f3 un permiso a\u00a0<strong>Mapsa<\/strong>\u00a0<strong>Group S.A.<\/strong>\u00a0para manejar el\u00a0<strong>Centro de Esqu\u00ed Los Penitentes<\/strong>\u00a0durante la temporada invernal.<\/p>\n\n\n\n<p>El convenio implica que la compa\u00f1\u00eda que se dedica al turismo aventura y controla los emprendimientos Villavicencio Park, Potrerillos Park y Costa Norte Park puede hacer uso de los bienes inmuebles y dem\u00e1s instalaciones e infraestructura adherida a los mismos en el tradicional centro de esqu\u00ed.<\/p>\n\n\n\n<p>El edificio que si queda excluido del permiso es el que se conoce como \u00abEl Taller\u00bb, donde funciona el taller mec\u00e1nico, el taller de medios de elevaci\u00f3n y una Proveedur\u00eda; y el edificio denominado \u00abEl Quemado\u00bb los cuales quedar\u00e1n bajo custodia de la Provincia.<\/p>\n\n\n\n<figure class=\"wp-block-image is-resized\"><img decoding=\"async\" src=\"https:\/\/www.mendozapost.com\/files\/image\/490\/490833\/64947542f2916_570_321!.jpg?s=5182b4095d52dc355aba2aaaaf29c6b5&amp;d=1714501123\" alt=\"\" style=\"width:840px;height:auto\"\/><figcaption class=\"wp-element-caption\">La nevada en Penitentes en junio de 2023<\/figcaption><\/figure>\n\n\n\n<p>El permiso fue otorgado hasta el pr\u00f3ximo 31 de diciembre y la empresa deber\u00e1 abonar a la provincia el 3% del total de las ventas mensuales facturadas.&nbsp;<\/p>\n\n\n\n<p>Mendoza deja sujeta la conclusi\u00f3n de la autorizaci\u00f3n en caso de ser requerida para iniciar, avanzar o poder adjudicar por concurso o licitaci\u00f3n p\u00fablica la concesi\u00f3n del uso y explotaci\u00f3n tur\u00edstico definitivos de los bienes.<\/p>\n\n\n\n<figure class=\"wp-block-image is-resized\"><img decoding=\"async\" src=\"https:\/\/www.mendozapost.com\/files\/image\/457\/457299\/63e6b468accc6_570_309!.png?s=028d44f0e9188a2e40eaad1151e38d43&amp;d=1715954612\" alt=\"\" style=\"width:840px;height:auto\"\/><figcaption class=\"wp-element-caption\">Las perspectivas de nevadas son buenas para este invierno<\/figcaption><\/figure>\n\n\n\n<p>Mapsa tendr\u00e1 derecho a realizar mejoras en los bienes e infraestructura adherida a los mismos, sin que pueda reclamar a la provincia ninguna compensaci\u00f3n o indemnizaci\u00f3n por tal concepto.<\/p>\n\n\n\n<p>Asimismo, queda establecido que todas las mejoras que se introduzcan o realicen, desde el mismo momento de su realizaci\u00f3n, quedar\u00e1n definitivamente incorporadas a los bienes objeto del permiso otorgado, no teniendo derecho la empresa a retirar las mismas.<\/p>\n\n\n\n<iframe loading=\"lazy\" class=\"scribd_iframe_embed\" title=\"pedido_243092_16052024\" src=\"https:\/\/www.scribd.com\/embeds\/733473598\/content?start_page=1&#038;view_mode=scroll&#038;access_key=key-TsnbFiEWT7KX6LkMvKc4\" tabindex=\"0\" data-auto-height=\"true\" data-aspect-ratio=\"0.7080062794348508\" scrolling=\"no\" width=\"100%\" height=\"600\" frameborder=\"0\"><\/iframe><p  style=\"   margin: 12px auto 6px auto;   font-family: Helvetica,Arial,Sans-serif;   font-style: normal;   font-variant: normal;   font-weight: normal;   font-size: 14px;   line-height: normal;   font-size-adjust: none;   font-stretch: normal;   -x-system-font: none;   display: block;\"   ><a title=\"View pedido_243092_16052024 on Scribd\" href=\"https:\/\/www.scribd.com\/document\/733473598\/pedido-243092-16052024#from_embed\"  style=\"text-decoration: underline;\">pedido_243092_16052024<\/a> by <a title=\"View Andr\u00e9s Figueroa's profile on Scribd\" href=\"https:\/\/www.scribd.com\/user\/618092635\/Andres-Figueroa#from_embed\"  style=\"text-decoration: underline;\">Andr\u00e9s Figueroa<\/a><\/p>\n","protected":false},"excerpt":{"rendered":"<p>El Gobierno de la provincia de Mendoza, a trav\u00e9s del Decreto 944, publicado este viernes a en el Bolet\u00edn Oficial, entreg\u00f3 un permiso a\u00a0Mapsa\u00a0Group S.A.\u00a0para manejar el\u00a0Centro de Esqu\u00ed Los Penitentes\u00a0durante la temporada invernal. El convenio implica que la compa\u00f1\u00eda que se dedica al turismo aventura y controla los emprendimientos Villavicencio Park, Potrerillos Park y<a class=\"read-more\" href=\"https:\/\/elfederalmendoza.com.ar\/index.php\/2024\/05\/17\/el-gobierno-otorgo-un-permiso-a-una-empresa-especializada-en-turismo-para-explotar-los-penitentes\/\"> [&hellip;]<\/a><\/p>\n","protected":false},"author":2,"featured_media":32841,"comment_status":"open","ping_status":"open","sticky":false,"template":"","format":"standard","meta":{"footnotes":""},"categories":[1],"tags":[],"class_list":["post-32839","post","type-post","status-publish","format-standard","has-post-thumbnail","hentry","category-mza"],"rttpg_featured_image_url":{"full":["https:\/\/elfederalmendoza.com.ar\/wp-content\/uploads\/2024\/05\/penitentes.jpg",1629,1062,false],"landscape":["https:\/\/elfederalmendoza.com.ar\/wp-content\/uploads\/2024\/05\/penitentes.jpg",1629,1062,false],"portraits":["https:\/\/elfederalmendoza.com.ar\/wp-content\/uploads\/2024\/05\/penitentes.jpg",1629,1062,false],"thumbnail":["https:\/\/elfederalmendoza.com.ar\/wp-content\/uploads\/2024\/05\/penitentes-150x150.jpg",150,150,true],"medium":["https:\/\/elfederalmendoza.com.ar\/wp-content\/uploads\/2024\/05\/penitentes-300x196.jpg",300,196,true],"large":["https:\/\/elfederalmendoza.com.ar\/wp-content\/uploads\/2024\/05\/penitentes-1024x668.jpg",640,418,true],"1536x1536":["https:\/\/elfederalmendoza.com.ar\/wp-content\/uploads\/2024\/05\/penitentes-1536x1001.jpg",1536,1001,true],"2048x2048":["https:\/\/elfederalmendoza.com.ar\/wp-content\/uploads\/2024\/05\/penitentes.jpg",1629,1062,false],"ultp_layout_landscape_large":["https:\/\/elfederalmendoza.com.ar\/wp-content\/uploads\/2024\/05\/penitentes-1200x800.jpg",1200,800,true],"ultp_layout_landscape":["https:\/\/elfederalmendoza.com.ar\/wp-content\/uploads\/2024\/05\/penitentes-870x570.jpg",870,570,true],"ultp_layout_portrait":["https:\/\/elfederalmendoza.com.ar\/wp-content\/uploads\/2024\/05\/penitentes-600x900.jpg",600,900,true],"ultp_layout_square":["https:\/\/elfederalmendoza.com.ar\/wp-content\/uploads\/2024\/05\/penitentes-600x600.jpg",600,600,true],"rpwe-thumbnail":["https:\/\/elfederalmendoza.com.ar\/wp-content\/uploads\/2024\/05\/penitentes-45x45.jpg",45,45,true],"advps-thumb-one":["https:\/\/elfederalmendoza.com.ar\/wp-content\/uploads\/2024\/05\/penitentes-1200x420.jpg",1200,420,true]},"rttpg_author":{"display_name":"Redacci\u00f3n El Federal","author_link":"https:\/\/elfederalmendoza.com.ar\/index.php\/author\/angelflores\/"},"rttpg_comment":0,"rttpg_category":"<a href=\"https:\/\/elfederalmendoza.com.ar\/index.php\/category\/mza\/\" rel=\"category tag\">Mendoza<\/a>","rttpg_excerpt":"El Gobierno de la provincia de Mendoza, a trav\u00e9s del Decreto 944, publicado este viernes a en el Bolet\u00edn Oficial, entreg\u00f3 un permiso a\u00a0Mapsa\u00a0Group S.A.\u00a0para manejar el\u00a0Centro de Esqu\u00ed Los Penitentes\u00a0durante la temporada invernal. El convenio implica que la compa\u00f1\u00eda que se dedica al turismo aventura y controla los emprendimientos Villavicencio Park, Potrerillos Park y&hellip;","_links":{"self":[{"href":"https:\/\/elfederalmendoza.com.ar\/index.php\/wp-json\/wp\/v2\/posts\/32839","targetHints":{"allow":["GET"]}}],"collection":[{"href":"https:\/\/elfederalmendoza.com.ar\/index.php\/wp-json\/wp\/v2\/posts"}],"about":[{"href":"https:\/\/elfederalmendoza.com.ar\/index.php\/wp-json\/wp\/v2\/types\/post"}],"author":[{"embeddable":true,"href":"https:\/\/elfederalmendoza.com.ar\/index.php\/wp-json\/wp\/v2\/users\/2"}],"replies":[{"embeddable":true,"href":"https:\/\/elfederalmendoza.com.ar\/index.php\/wp-json\/wp\/v2\/comments?post=32839"}],"version-history":[{"count":1,"href":"https:\/\/elfederalmendoza.com.ar\/index.php\/wp-json\/wp\/v2\/posts\/32839\/revisions"}],"predecessor-version":[{"id":32842,"href":"https:\/\/elfederalmendoza.com.ar\/index.php\/wp-json\/wp\/v2\/posts\/32839\/revisions\/32842"}],"wp:featuredmedia":[{"embeddable":true,"href":"https:\/\/elfederalmendoza.com.ar\/index.php\/wp-json\/wp\/v2\/media\/32841"}],"wp:attachment":[{"href":"https:\/\/elfederalmendoza.com.ar\/index.php\/wp-json\/wp\/v2\/media?parent=32839"}],"wp:term":[{"taxonomy":"category","embeddable":true,"href":"https:\/\/elfederalmendoza.com.ar\/index.php\/wp-json\/wp\/v2\/categories?post=32839"},{"taxonomy":"post_tag","embeddable":true,"href":"https:\/\/elfederalmendoza.com.ar\/index.php\/wp-json\/wp\/v2\/tags?post=32839"}],"curies":[{"name":"wp","href":"https:\/\/api.w.org\/{rel}","templated":true}]}}