{"id":32859,"date":"2024-05-20T09:34:54","date_gmt":"2024-05-20T12:34:54","guid":{"rendered":"https:\/\/elfederalmendoza.com\/?p=32859"},"modified":"2024-05-20T09:34:56","modified_gmt":"2024-05-20T12:34:56","slug":"patitos-en-la-cabeza-que-significa-esta-nueva-tendencia","status":"publish","type":"post","link":"https:\/\/elfederalmendoza.com.ar\/index.php\/2024\/05\/20\/patitos-en-la-cabeza-que-significa-esta-nueva-tendencia\/","title":{"rendered":"Patitos en la cabeza: qu\u00e9 significa esta nueva tendencia"},"content":{"rendered":"\n<p>Podr\u00edamos decir que \u00ables pintaron pajaritos en el aire\u00bb. Tienen un nombre espec\u00edfico: patitos kawaii. Est\u00e1n disponibles en pl\u00e1sticos o peluches y hasta se venden entre los puestos de revistas. Su origen incierto y el boom que causaron en Jap\u00f3n y Per\u00fa.<\/p>\n\n\n\n<figure class=\"wp-block-image is-resized\"><img decoding=\"async\" src=\"https:\/\/www.mendozapost.com\/files\/image\/570\/570689\/664737dbab277_570_318!.jpg?s=5ddc9089431aba0006c7634b01c06644&amp;d=1715943390\" alt=\"\" style=\"width:840px;height:auto\"\/><\/figure>\n\n\n\n<p>Al principio, solo un pu\u00f1ado de valientes se animaban a usarlos, pero de a poco se fueron sumando otros tantos, hasta convertirse hoy en una tendencia, que ha capturado la atenci\u00f3n de transe\u00fantes y curiosos: estamos hablando de las&nbsp;<strong>personas que pasean con un peculiar adorno de patitos amarillos en la cabeza<\/strong>. Si bien es un fen\u00f3meno que se observa con mayor claridad en las grandes urbes, como la Ciudad de Buenos Aires, C\u00f3rdoba o Rosario, lo cierto es que los patitos est\u00e1n en todos lados. Pero, \u00bfde d\u00f3nde surgi\u00f3 nueva moda? \u00bflleg\u00f3 para quedarse?<\/p>\n\n\n\n<p>Estos patitos,&nbsp;<strong>disponibles en pl\u00e1stico y peluche<\/strong>, algunos personalizados con gafas de sol o pa\u00f1uelos y luces,&nbsp;<strong>se han convertido en un accesorio de moda en s\u00ed mismos<\/strong>, enganchados a la cabeza mediante un resorte y un ganchito que les permite balancearse de manera divertida.&nbsp;<\/p>\n\n\n\n<p>de las pantallas y parece instalarse en la vida cotidiana.&nbsp;<strong>Ya no resulta llamativo ver a gente caminar con patitos en la cabeza,<\/strong>&nbsp;particularmente en zonas porte\u00f1as como el Barrio Chino y en Belgrano, e incluso en los alrededores de la Feria del Libro.<\/p>\n\n\n\n<figure class=\"wp-block-image is-resized\"><img decoding=\"async\" src=\"https:\/\/www.mendozapost.com\/files\/image\/570\/570691\/664737eb76c52_570_428!.jpg?s=10b55e4200fbdab8ff7ad7439832439e&amp;d=1715943406\" alt=\"\" style=\"width:840px;height:auto\"\/><\/figure>\n\n\n\n<p>El origen de estos patitos es incierto, pero las teor\u00edas sugieren que&nbsp;<strong>su popularidad puede estar vinculada a influencias culturales de Jap\u00f3n<\/strong>, especialmente del anim\u00e9, donde los personajes a menudo llevan objetos adorables en la cabeza.<\/p>\n\n\n\n<p>Tambi\u00e9n, hay quienes creen que estos juguetes, conocidos tambi\u00e9n como patitos kawaii, tienen su origen en el ambiente art\u00edstico de Pa\u00edses Bajos. En tanto, otros sostienen que su uso,&nbsp;<strong>m\u00e1s all\u00e1 de la procedencia, trae buena suerte y alegr\u00eda.<\/strong><\/p>\n\n\n\n<p>El primer antecedente de esta moda se registr\u00f3 en 2023, en Per\u00fa: empezaron a verse en eventos gastron\u00f3micos y en ferias, donde los comerciantes los ofrec\u00edan por doquier. En la actualidad, tambi\u00e9n se pueden ver en distintas ciudades de M\u00e9xico.<\/p>\n\n\n\n<p>Esta din\u00e1mica no se limita a una simple hebilla en la cabeza:<strong>&nbsp;hay quienes optan por llevar los patitos en el hombro o en la solapa de la ropa.<\/strong>&nbsp;Estos accesorios se han convertido en una forma de expresar optimismo y alegr\u00eda. Es que, a cada paso, los patitos balance\u00e1ndose arrancan sonrisas y comentarios, convirti\u00e9ndose en un elemento disruptivo y alegre en la vestimenta diaria.<\/p>\n\n\n\n<p>Aunque pueda parecer una moda trivial o pasajera, lo cierto es que&nbsp;<strong>los patitos amarillos son una muestra de c\u00f3mo una idea puede propagarse r\u00e1pidamente y adaptarse a diferentes contextos culturales.<\/strong><\/p>\n\n\n\n<figure class=\"wp-block-image is-resized\"><img decoding=\"async\" src=\"https:\/\/www.mendozapost.com\/files\/image\/570\/570695\/6647381ec6559.jpg\" alt=\"\" style=\"width:840px;height:auto\"\/><\/figure>\n","protected":false},"excerpt":{"rendered":"<p>Podr\u00edamos decir que \u00ables pintaron pajaritos en el aire\u00bb. Tienen un nombre espec\u00edfico: patitos kawaii. Est\u00e1n disponibles en pl\u00e1sticos o peluches y hasta se venden entre los puestos de revistas. Su origen incierto y el boom que causaron en Jap\u00f3n y Per\u00fa. Al principio, solo un pu\u00f1ado de valientes se animaban a usarlos, pero de<a class=\"read-more\" href=\"https:\/\/elfederalmendoza.com.ar\/index.php\/2024\/05\/20\/patitos-en-la-cabeza-que-significa-esta-nueva-tendencia\/\"> [&hellip;]<\/a><\/p>\n","protected":false},"author":2,"featured_media":32861,"comment_status":"open","ping_status":"open","sticky":false,"template":"","format":"standard","meta":{"footnotes":""},"categories":[5618],"tags":[],"class_list":["post-32859","post","type-post","status-publish","format-standard","has-post-thumbnail","hentry","category-arg"],"rttpg_featured_image_url":{"full":["https:\/\/elfederalmendoza.com.ar\/wp-content\/uploads\/2024\/05\/PATITOS.jpg",1112,693,false],"landscape":["https:\/\/elfederalmendoza.com.ar\/wp-content\/uploads\/2024\/05\/PATITOS.jpg",1112,693,false],"portraits":["https:\/\/elfederalmendoza.com.ar\/wp-content\/uploads\/2024\/05\/PATITOS.jpg",1112,693,false],"thumbnail":["https:\/\/elfederalmendoza.com.ar\/wp-content\/uploads\/2024\/05\/PATITOS-150x150.jpg",150,150,true],"medium":["https:\/\/elfederalmendoza.com.ar\/wp-content\/uploads\/2024\/05\/PATITOS-300x187.jpg",300,187,true],"large":["https:\/\/elfederalmendoza.com.ar\/wp-content\/uploads\/2024\/05\/PATITOS-1024x638.jpg",640,399,true],"1536x1536":["https:\/\/elfederalmendoza.com.ar\/wp-content\/uploads\/2024\/05\/PATITOS.jpg",1112,693,false],"2048x2048":["https:\/\/elfederalmendoza.com.ar\/wp-content\/uploads\/2024\/05\/PATITOS.jpg",1112,693,false],"ultp_layout_landscape_large":["https:\/\/elfederalmendoza.com.ar\/wp-content\/uploads\/2024\/05\/PATITOS.jpg",1112,693,false],"ultp_layout_landscape":["https:\/\/elfederalmendoza.com.ar\/wp-content\/uploads\/2024\/05\/PATITOS-870x570.jpg",870,570,true],"ultp_layout_portrait":["https:\/\/elfederalmendoza.com.ar\/wp-content\/uploads\/2024\/05\/PATITOS-600x693.jpg",600,693,true],"ultp_layout_square":["https:\/\/elfederalmendoza.com.ar\/wp-content\/uploads\/2024\/05\/PATITOS-600x600.jpg",600,600,true],"rpwe-thumbnail":["https:\/\/elfederalmendoza.com.ar\/wp-content\/uploads\/2024\/05\/PATITOS-45x45.jpg",45,45,true],"advps-thumb-one":["https:\/\/elfederalmendoza.com.ar\/wp-content\/uploads\/2024\/05\/PATITOS-1112x420.jpg",1112,420,true]},"rttpg_author":{"display_name":"Redacci\u00f3n El Federal","author_link":"https:\/\/elfederalmendoza.com.ar\/index.php\/author\/angelflores\/"},"rttpg_comment":0,"rttpg_category":"<a href=\"https:\/\/elfederalmendoza.com.ar\/index.php\/category\/arg\/\" rel=\"category tag\">Argentina<\/a>","rttpg_excerpt":"Podr\u00edamos decir que \u00ables pintaron pajaritos en el aire\u00bb. Tienen un nombre espec\u00edfico: patitos kawaii. Est\u00e1n disponibles en pl\u00e1sticos o peluches y hasta se venden entre los puestos de revistas. Su origen incierto y el boom que causaron en Jap\u00f3n y Per\u00fa. Al principio, solo un pu\u00f1ado de valientes se animaban a usarlos, pero de&hellip;","_links":{"self":[{"href":"https:\/\/elfederalmendoza.com.ar\/index.php\/wp-json\/wp\/v2\/posts\/32859","targetHints":{"allow":["GET"]}}],"collection":[{"href":"https:\/\/elfederalmendoza.com.ar\/index.php\/wp-json\/wp\/v2\/posts"}],"about":[{"href":"https:\/\/elfederalmendoza.com.ar\/index.php\/wp-json\/wp\/v2\/types\/post"}],"author":[{"embeddable":true,"href":"https:\/\/elfederalmendoza.com.ar\/index.php\/wp-json\/wp\/v2\/users\/2"}],"replies":[{"embeddable":true,"href":"https:\/\/elfederalmendoza.com.ar\/index.php\/wp-json\/wp\/v2\/comments?post=32859"}],"version-history":[{"count":1,"href":"https:\/\/elfederalmendoza.com.ar\/index.php\/wp-json\/wp\/v2\/posts\/32859\/revisions"}],"predecessor-version":[{"id":32862,"href":"https:\/\/elfederalmendoza.com.ar\/index.php\/wp-json\/wp\/v2\/posts\/32859\/revisions\/32862"}],"wp:featuredmedia":[{"embeddable":true,"href":"https:\/\/elfederalmendoza.com.ar\/index.php\/wp-json\/wp\/v2\/media\/32861"}],"wp:attachment":[{"href":"https:\/\/elfederalmendoza.com.ar\/index.php\/wp-json\/wp\/v2\/media?parent=32859"}],"wp:term":[{"taxonomy":"category","embeddable":true,"href":"https:\/\/elfederalmendoza.com.ar\/index.php\/wp-json\/wp\/v2\/categories?post=32859"},{"taxonomy":"post_tag","embeddable":true,"href":"https:\/\/elfederalmendoza.com.ar\/index.php\/wp-json\/wp\/v2\/tags?post=32859"}],"curies":[{"name":"wp","href":"https:\/\/api.w.org\/{rel}","templated":true}]}}