{"id":32863,"date":"2024-05-20T09:48:48","date_gmt":"2024-05-20T12:48:48","guid":{"rendered":"https:\/\/elfederalmendoza.com\/?p=32863"},"modified":"2024-05-20T09:48:49","modified_gmt":"2024-05-20T12:48:49","slug":"el-gobierno-asegura-que-milei-no-se-va-a-disculpar-con-sanchez","status":"publish","type":"post","link":"https:\/\/elfederalmendoza.com.ar\/index.php\/2024\/05\/20\/el-gobierno-asegura-que-milei-no-se-va-a-disculpar-con-sanchez\/","title":{"rendered":"El Gobierno asegura que Milei no se va a disculpar con S\u00e1nchez"},"content":{"rendered":"\n<p>El presidente\u00a0Javier Milei\u00a0no va a pedir disculpas por sus dichos sobre la esposa de su par espa\u00f1ol, Pedro S\u00e1nchez, que\u00a0desataron una crisis diplom\u00e1tica con el pa\u00eds europeo, seg\u00fan indic\u00f3 este domingo el vocero presidencial\u00a0Manuel Adorni.<\/p>\n\n\n\n<p>\u00abEl presidente Milei no va a pedir disculpas porque no tiene de qu\u00e9 disculparse. Recordemos que el 3 de mayo el gobierno espa\u00f1ol trato al Presidente de &#8216;gente muy mala&#8217; y de &#8216;consumir sustancias&#8217;, dijeron que somos unos \u00b4negacionistas, odiadores, autoritarios\u00b4\u00bb, expres\u00f3 Adorni en declaraciones a&nbsp;<em><strong>La Naci\u00f3n+<\/strong><\/em>.<\/p>\n\n\n\n<p>Adorni hab\u00eda adelantado esa posici\u00f3n m\u00e1s temprano en un posteo en la red social X: \u00abLo trataron de odiador, de negacionista, de \u00b4ingerir sustancias\u00b4, de autoritario, de anti-democr\u00e1tico y de ser gente \u00b4muy mala\u00b4. Ojal\u00e1 en alg\u00fan momento reflexionen y pidan sinceras disculpas. Fin\u00bb, sostuvo el vocero, en alusi\u00f3n a descalificaciones hacia Mieli que partieron de dos ministros espa\u00f1oles.<\/p>\n\n\n\n<figure class=\"wp-block-embed is-type-video is-provider-youtube wp-block-embed-youtube wp-embed-aspect-16-9 wp-has-aspect-ratio\"><div class=\"wp-block-embed__wrapper\">\n<iframe loading=\"lazy\" title=\"Manuel Adorni: &quot;Milei no va a pedir disculpas&quot;\" width=\"640\" height=\"360\" src=\"https:\/\/www.youtube.com\/embed\/dWrJQYJ1W20?start=15&#038;feature=oembed\" frameborder=\"0\" allow=\"accelerometer; autoplay; clipboard-write; encrypted-media; gyroscope; picture-in-picture; web-share\" referrerpolicy=\"strict-origin-when-cross-origin\" allowfullscreen><\/iframe>\n<\/div><\/figure>\n\n\n\n<p>Tambi\u00e9n el subsecretario de prensa, Javier Lanari, se sum\u00f3 desde la red social para justificar la posici\u00f3n del Presidente. \u00abEl ministro de Transporte de Espa\u00f1a (\u00d3scar Puente) insult\u00f3 a Milei y lo trat\u00f3 de \u2018drogadicto&#8217;. No fue el \u00fanico: la ministra de Ciencia espa\u00f1ola (Diana Morant) tild\u00f3 a Milei de \u2018negacionista&#8217; y dijo que \u2018atenta contra la democracia&#8217;. Pero el que pone en riesgo las relaciones y debe disculparse es Milei&#8230;\u00bb, indic\u00f3.<\/p>\n\n\n\n<figure class=\"wp-block-image is-resized\"><img decoding=\"async\" src=\"https:\/\/www.mendozapost.com\/files\/image\/571\/571309\/664b1a894fc18_570_583!.png?s=c2759e50cc800634e5b36f90bdf55e5b&amp;d=1716198028\" alt=\"\" style=\"width:840px;height:auto\"\/><\/figure>\n\n\n\n<p>M\u00e1s temprano, el ministro de Asuntos Exteriores, Jos\u00e9 Manuel Albares, hab\u00eda exigido a Milei que emita unas \u00abdisculpas p\u00fablicas\u00bb tras su discurso de este domingo en Madrid en la que llam\u00f3 \u00abcorrupta\u00bb a la esposa de S\u00e1nchez durante un evento del partido ultraderechista VOX, en Madrid. Albares advirti\u00f3 que puede haber \u00abconsecuencias\u00bb si Milei no ofrece las dispensas del caso.<\/p>\n\n\n\n<p>\u00abLas palabras pronunciadas hoy por Javier Milei en Madrid sobrepasan cualquier tipo de diferencia pol\u00edtica e ideol\u00f3gica\u00bb, advirti\u00f3 Albares.<\/p>\n\n\n\n<p>Tambi\u00e9n consider\u00f3 que se trat\u00f3 de \u00abun ataque frontal\u00bb a la democracia y las instituciones de Espa\u00f1a. \u00abNo tienen precedentes en la historia de las relaciones entre dos pa\u00edses, dos pueblos unidos por lazos de hermandad\u00bb, agreg\u00f3.&nbsp;<\/p>\n","protected":false},"excerpt":{"rendered":"<p>El presidente\u00a0Javier Milei\u00a0no va a pedir disculpas por sus dichos sobre la esposa de su par espa\u00f1ol, Pedro S\u00e1nchez, que\u00a0desataron una crisis diplom\u00e1tica con el pa\u00eds europeo, seg\u00fan indic\u00f3 este domingo el vocero presidencial\u00a0Manuel Adorni. \u00abEl presidente Milei no va a pedir disculpas porque no tiene de qu\u00e9 disculparse. Recordemos que el 3 de mayo<a class=\"read-more\" href=\"https:\/\/elfederalmendoza.com.ar\/index.php\/2024\/05\/20\/el-gobierno-asegura-que-milei-no-se-va-a-disculpar-con-sanchez\/\"> [&hellip;]<\/a><\/p>\n","protected":false},"author":2,"featured_media":30537,"comment_status":"open","ping_status":"open","sticky":false,"template":"","format":"standard","meta":{"footnotes":""},"categories":[5618],"tags":[],"class_list":["post-32863","post","type-post","status-publish","format-standard","has-post-thumbnail","hentry","category-arg"],"rttpg_featured_image_url":{"full":["https:\/\/elfederalmendoza.com.ar\/wp-content\/uploads\/2023\/12\/adorni1.jpg",1167,827,false],"landscape":["https:\/\/elfederalmendoza.com.ar\/wp-content\/uploads\/2023\/12\/adorni1.jpg",1167,827,false],"portraits":["https:\/\/elfederalmendoza.com.ar\/wp-content\/uploads\/2023\/12\/adorni1.jpg",1167,827,false],"thumbnail":["https:\/\/elfederalmendoza.com.ar\/wp-content\/uploads\/2023\/12\/adorni1-150x150.jpg",150,150,true],"medium":["https:\/\/elfederalmendoza.com.ar\/wp-content\/uploads\/2023\/12\/adorni1-300x213.jpg",300,213,true],"large":["https:\/\/elfederalmendoza.com.ar\/wp-content\/uploads\/2023\/12\/adorni1-1024x726.jpg",640,454,true],"1536x1536":["https:\/\/elfederalmendoza.com.ar\/wp-content\/uploads\/2023\/12\/adorni1.jpg",1167,827,false],"2048x2048":["https:\/\/elfederalmendoza.com.ar\/wp-content\/uploads\/2023\/12\/adorni1.jpg",1167,827,false],"ultp_layout_landscape_large":["https:\/\/elfederalmendoza.com.ar\/wp-content\/uploads\/2023\/12\/adorni1-1167x800.jpg",1167,800,true],"ultp_layout_landscape":["https:\/\/elfederalmendoza.com.ar\/wp-content\/uploads\/2023\/12\/adorni1-870x570.jpg",870,570,true],"ultp_layout_portrait":["https:\/\/elfederalmendoza.com.ar\/wp-content\/uploads\/2023\/12\/adorni1-600x827.jpg",600,827,true],"ultp_layout_square":["https:\/\/elfederalmendoza.com.ar\/wp-content\/uploads\/2023\/12\/adorni1-600x600.jpg",600,600,true],"rpwe-thumbnail":["https:\/\/elfederalmendoza.com.ar\/wp-content\/uploads\/2023\/12\/adorni1-45x45.jpg",45,45,true],"advps-thumb-one":["https:\/\/elfederalmendoza.com.ar\/wp-content\/uploads\/2023\/12\/adorni1-1167x420.jpg",1167,420,true]},"rttpg_author":{"display_name":"Redacci\u00f3n El Federal","author_link":"https:\/\/elfederalmendoza.com.ar\/index.php\/author\/angelflores\/"},"rttpg_comment":0,"rttpg_category":"<a href=\"https:\/\/elfederalmendoza.com.ar\/index.php\/category\/arg\/\" rel=\"category tag\">Argentina<\/a>","rttpg_excerpt":"El presidente\u00a0Javier Milei\u00a0no va a pedir disculpas por sus dichos sobre la esposa de su par espa\u00f1ol, Pedro S\u00e1nchez, que\u00a0desataron una crisis diplom\u00e1tica con el pa\u00eds europeo, seg\u00fan indic\u00f3 este domingo el vocero presidencial\u00a0Manuel Adorni. \u00abEl presidente Milei no va a pedir disculpas porque no tiene de qu\u00e9 disculparse. Recordemos que el 3 de mayo&hellip;","_links":{"self":[{"href":"https:\/\/elfederalmendoza.com.ar\/index.php\/wp-json\/wp\/v2\/posts\/32863","targetHints":{"allow":["GET"]}}],"collection":[{"href":"https:\/\/elfederalmendoza.com.ar\/index.php\/wp-json\/wp\/v2\/posts"}],"about":[{"href":"https:\/\/elfederalmendoza.com.ar\/index.php\/wp-json\/wp\/v2\/types\/post"}],"author":[{"embeddable":true,"href":"https:\/\/elfederalmendoza.com.ar\/index.php\/wp-json\/wp\/v2\/users\/2"}],"replies":[{"embeddable":true,"href":"https:\/\/elfederalmendoza.com.ar\/index.php\/wp-json\/wp\/v2\/comments?post=32863"}],"version-history":[{"count":1,"href":"https:\/\/elfederalmendoza.com.ar\/index.php\/wp-json\/wp\/v2\/posts\/32863\/revisions"}],"predecessor-version":[{"id":32865,"href":"https:\/\/elfederalmendoza.com.ar\/index.php\/wp-json\/wp\/v2\/posts\/32863\/revisions\/32865"}],"wp:featuredmedia":[{"embeddable":true,"href":"https:\/\/elfederalmendoza.com.ar\/index.php\/wp-json\/wp\/v2\/media\/30537"}],"wp:attachment":[{"href":"https:\/\/elfederalmendoza.com.ar\/index.php\/wp-json\/wp\/v2\/media?parent=32863"}],"wp:term":[{"taxonomy":"category","embeddable":true,"href":"https:\/\/elfederalmendoza.com.ar\/index.php\/wp-json\/wp\/v2\/categories?post=32863"},{"taxonomy":"post_tag","embeddable":true,"href":"https:\/\/elfederalmendoza.com.ar\/index.php\/wp-json\/wp\/v2\/tags?post=32863"}],"curies":[{"name":"wp","href":"https:\/\/api.w.org\/{rel}","templated":true}]}}