{"id":32867,"date":"2024-05-20T11:04:56","date_gmt":"2024-05-20T14:04:56","guid":{"rendered":"https:\/\/elfederalmendoza.com\/?p=32867"},"modified":"2024-05-20T11:04:58","modified_gmt":"2024-05-20T14:04:58","slug":"la-caja-mas-sospechada-el-kirchnerismo-financio-con-casi-300-millones-de-dolares-a-cooperativas-piqueteras","status":"publish","type":"post","link":"https:\/\/elfederalmendoza.com.ar\/index.php\/2024\/05\/20\/la-caja-mas-sospechada-el-kirchnerismo-financio-con-casi-300-millones-de-dolares-a-cooperativas-piqueteras\/","title":{"rendered":"La caja m\u00e1s sospechada: El kirchnerismo financi\u00f3 con casi 300 millones de d\u00f3lares a cooperativas piqueteras"},"content":{"rendered":"\n<ul class=\"wp-block-list\">\n<li>Las transferencias discrecionales por US$ 283 millones se hicieron de 2020 a 2023, en el gobierno anterior.<\/li>\n\n\n\n<li>Juan Grabois, Emilio P\u00e9rsico, Esteban Castro, Juan Carlos Alderete y Eduardo Belliboni, los m\u00e1s favorecidos.<\/li>\n<\/ul>\n\n\n\n<p>El gobierno de Alberto Fern\u00e1ndez financi\u00f3 con casi&nbsp;<strong>300 millones de d\u00f3lares a cooperativas y asociaciones de piqueteros entre 2020 y 2023<\/strong>. Las transferencias fueron discrecionales, se hicieron desde el ex Ministerio de Desarrollo Social y las cobraron organizaciones que dependen de dirigentes sociales como&nbsp;<strong>Juan Grabois, Emilio P\u00e9rsico, Juan Carlos Alderete, Esteban Castro y Eduardo Belliboni<\/strong>, entre otros.<\/p>\n\n\n\n<p>La revelaci\u00f3n de\u00a0<strong>Clar\u00edn\u00a0<\/strong>se produce en medio de\u00a0las denuncias y los allanamientos por presunta extorsi\u00f3n a beneficiarios de planes sociales\u00a0que la Justicia tramita contra piqueteros y que involucra a referentes de distintas organizaciones sociales a partir de testimonios que se conocieron v\u00eda llamados a la l\u00ednea 134, que habilit\u00f3 el Ministerio de Seguridad de Patricia Bullrich apenas comenz\u00f3 el mandato de Javier Milei.<\/p>\n\n\n\n<p>Y se da adem\u00e1s en medio de la investigaci\u00f3n que\u00a0la Justicia lleva adelante contra las cooperativas de los piqueteros por el presunto desv\u00edo de dinero del Estado, al punto que pidi\u00f3 su intervenci\u00f3n durante tres meses. Todo forma parte de la causa madre que investigan el juez federal Sebasti\u00e1n Casanello y el fiscal Gerardo Pollicita y que tiene en la mira el funcionamiento de todo el engranaje social durante el gobierno de Fern\u00e1ndez.<\/p>\n\n\n\n<p>Seg\u00fan los datos que recab\u00f3 este medio,&nbsp;<strong>decenas de cooperativas y mutuales vinculadas a piqueteros K, de izquierda y de sectores alineados al gobierno anterior<\/strong>&nbsp;recibieron en los \u00faltimos cuatro a\u00f1os cientos de miles de millones de pesos&nbsp;<strong>de manera discrecional<\/strong>, que a d\u00f3lar oficial alcanzan los&nbsp;<strong>US$ 283 millones<\/strong>. El per\u00edodo comprende entre el primer semestre de 2020 y el primer semestre de 2023. No hay registros de segunda parte de ese a\u00f1o.<\/p>\n\n\n\n<p>En 2020, en plena pandemia, las transferencias a asociaciones fueron por US$ 38.886.554 y a cooperativas por US$ 58.215.129; en 2021 pasaron a ser por US$ 21.198.801 y US$ 22.805.260, respectivamente; en 2022 fueron por US$ 42.705.108 y por $ 57.293.214; y en el primer semestre de 2023, por US$ 42.452.830. El global da un total de US$ 283.556.896.<\/p>\n\n\n\n<h2 class=\"wp-block-heading\">El amplio universo de cooperativas K<\/h2>\n\n\n\n<p>El listado de las transferencias discrecionales a cooperativas durante el kirchnerismo lo lidera la Asociaci\u00f3n Civil El Amanecer de los Cartoneros, que responde directamente al Movimiento de Trabajadores Excluidos (MTE) y a la Confederaci\u00f3n de Trabajadores de la Econom\u00eda Popular (CTEP), que tiene a Grabois y a Esteban \u00abGringo\u00bb Castro como principales referentes.<\/p>\n\n\n\n<p>Es la que lidera el ranking de m\u00e1s dinero recibido de parte del Estado en<strong>&nbsp;un universo de 495 cooperativas y asociaciones<\/strong>&nbsp;que forman parte del listado al que accedi\u00f3&nbsp;<strong>Clar\u00edn<\/strong>. De ese total, con la excepci\u00f3n de algunas que no logran ser identificadas con organizaciones sociales o partidos pol\u00edticos, la mayor\u00eda est\u00e1n concentradas por agrupaciones vinculadas a piqueteros que trabajaron cerca del kirchnerismo o a grupos de izquierda.<\/p>\n\n\n\n<p>Domiciliada en la calle Baradero 524, Banfield, a El Amanecer se le pagaron en total $ 1.099,6 millones de la siguiente manera: $ 394,5 millones en 2020, $ 232,3 millones en 2021, $ 254,1 millones en 2022 y $ 218,7 millones en la primera mitad de 2023. Contemplando el tipo de cambio oficial de cada uno de esos per\u00edodos, a $ 70,6 (2020), $ 95,1 (2021), $ 137,1 (2022) y $ 212 (primer semestre de 2023), se llega a un global de US$ 7.266.380 cobrados.<\/p>\n\n\n\n<p><img decoding=\"async\" src=\"https:\/\/www.clarin.com\/img\/2022\/08\/11\/-9vqxurdg_720x0__1.jpg\" alt=\"Emilio P\u00c3\u00a9rsico, con el &quot;Gringo&quot; Castro. Foto: Federico Imas.\"><\/p>\n\n\n\n<p>Emilio P\u00e9rsico, con el \u00abGringo\u00bb Castro. Foto: Federico Imas.<\/p>\n\n\n\n<p>Le siguen las federaciones de cooperativas de Reciclado y Evita Limitada, dependientes del&nbsp;<strong>Movimiento Evita que tiene como l\u00edder central a P\u00e9rsico<\/strong>, el piquetero que adem\u00e1s fue secretario de Econom\u00eda Social en los cuatro a\u00f1os del gobierno de Alberto Fern\u00e1ndez y cuya firma autorizaba los pagos a beneficiarios del Potenciar Trabajo, un presupuesto superior al $ 1 bill\u00f3n durante el a\u00f1o pasado.<\/p>\n\n\n\n<p>Las de Reciclado y Evita Limitada son apenas dos de las tantas cooperativas y asociaciones que est\u00e1n vinculadas al movimiento piquetero m\u00e1s importante en t\u00e9rminos de afiliados, con cerca de 150.000 beneficiarios que cobran planes de all\u00ed. Entre ambas cobraron US$ 10.214.782 de fondos discrecionales en el mandato de Alberto Fern\u00e1ndez. La primera, pasados los env\u00edos a d\u00f3lar oficial en esos a\u00f1os, recibi\u00f3 US$ 5.347.597; la segunda, en tanto, cobr\u00f3 US$ 4.867.185. Ambas figuran con un domicilio en com\u00fan: Pedro Echag\u00fce 1265, en Capital Federal.<\/p>\n\n\n\n<p>Otra asociaci\u00f3n emblem\u00e1tica del Movimiento Evita es la Ser.Cu.Po, que recibi\u00f3 en cuatro a\u00f1os el equivalente a US$ 4.648.751. La Ser.Cu.Po est\u00e1 ubicada en Ocantos 579, en Monte Grande, y ha tenido vaivenes importantes en las transferencias seg\u00fan el a\u00f1o. Por caso, hasta 2022 era de las m\u00e1s favorecidas por el Gobierno, pero en 2023 apenas recibi\u00f3 $ 15 millones y su lugar de privilegio lo pasaron a ocupar otras.<\/p>\n\n\n\n<p>Parece ser un cambio de fichas porque, por ejemplo, a partir de ah\u00ed empez\u00f3 a tomar peso otra asociaci\u00f3n vinculada al Evita de P\u00e9rsico y Fernando \u00abChino\u00bb Navarro. Se trata de la Asociaci\u00f3n Civil Mujeres Evita, una filial rosarina del movimiento que cobr\u00f3 en ese primer semestre del a\u00f1o pasado $ 83.159.436, que en ese per\u00edodo, a un d\u00f3lar promedio de $ 212, correspond\u00edan a US$ 392.261 en apenas seis meses. Si se contabilizan los cuatro a\u00f1os, Mujeres Evita cobr\u00f3 US$ 3.024.160.<\/p>\n\n\n\n<p>Otra afortunada en el reparto fue la Asociaci\u00f3n Civil 18 de Mayo, del MP La Dignidad que tiene como principal referente a&nbsp;<strong>Rafael Klejzer, ex funcionario en Desarrollo Social y mano derecha de Grabois<\/strong>. Tambi\u00e9n recibi\u00f3 montos millonarios, que pasados a d\u00f3lares representan US$ 4.491.719.<\/p>\n\n\n\n<p>El universo de las asociaciones civiles y cooperativas que abarca el t\u00e1ndem que conforman el Movimiento Evita, la CTEP y la UTEP, todas dependientes de figuras como P\u00e9rsico, Navarro, Castro y Grabois es interminable. Entre las que se pueden identificar aparecen cerca de una veintena, casi todas ubicadas en Capital Federal o en diferentes puntos de la provincia de Buenos Aires.<\/p>\n\n\n\n<p>Adem\u00e1s de las mencionadas, est\u00e1n Emprender desde el Barrio por la Familia y el Trabajo, Manos Comunitarias de General Rodr\u00edguez, Evita Matanza Limitada, Pacha Limpia Limitada, Trabajadores Cooperativos Asociados, 2 de Septiembre Limitada, La Patriada Limitada, Mundo Reciclado Limitada, Los Obreros del Cart\u00f3n Limitada, Pachamama, El Puente 26, Senderos, Marketing y Servicios Limitada, y Comunicadores Populares. Todas, seg\u00fan los registros a los que accedi\u00f3&nbsp;<strong>Clar\u00edn<\/strong>, cobraron de US$ 2 millones a US$ 4 millones cada una con Alberto Fern\u00e1ndez.<\/p>\n\n\n\n<p>Finalmente, entre las aliadas al kirchnerismo tambi\u00e9n aparecen cooperativas vinculadas a la&nbsp;<strong>Corriente Clasista Combativa y a Barrios de Pie<\/strong>. En el caso de la CCC, de Juan Carlos Alderete, hay dos que sobresalen por los montos que recibieron en estos a\u00f1os: se trata de El Fort\u00edn de Encarnaci\u00f3n Limitada y Ren\u00e9 Salamanca. La primera tuvo asistencia del Estado por el equivalente a US$ 5.163.424; la segunda, por m\u00e1s de US$ 3,1 millones.<\/p>\n\n\n\n<p><img decoding=\"async\" src=\"https:\/\/www.clarin.com\/img\/2021\/04\/10\/epTTrJ2oX_720x0__1.jpg\" alt=\"La reuni\u00c3\u00b3n de Alberto Fern\u00c3\u00a1ndez con los referentes de la UTEP. Daniel Men\u00c3\u00a9ndez, de Barrios de Pie; Gildo Onorato, del Evita y Juan Carlos Alderete, de la CCC. Foto: Movimiento Evita.\"><\/p>\n\n\n\n<p>La reuni\u00f3n de Alberto Fern\u00e1ndez con los referentes de la UTEP. Daniel Men\u00e9ndez, de Barrios de Pie; Gildo Onorato, del Evita y Juan Carlos Alderete, de la CCC. Foto: Movimiento Evita.<\/p>\n\n\n\n<p>La CCC cuenta con al menos otras dos cooperativas que le reportan: Ni un pibe menos por la droga y Trabajemos Juntos. Cada una cobr\u00f3 entre US$ 1,5 millones y US$ 2 millones en el \u00faltimo gobierno kirchnerista. La semana pasada, Alderete\u00a0qued\u00f3 observado por estar incluido en una denuncia an\u00f3nima a la l\u00ednea 134.\u00a0\u00abTe voy a dar un nombre que resuena en las reuniones, que los protege. El apellido: Alderete. Ac\u00e1 se nombra en las reuniones a Alderete\u00bb, dice una denunciante de Chivilcoy en el audio que public\u00f3\u00a0<strong>Clar\u00edn,\u00a0<\/strong>que tambi\u00e9n revela que desde la CCC se pide $ 10.000 a sus beneficiarios como contraparte al cobro del plan mensual.<\/p>\n\n\n\n<p>En el caso de Barrios de Pie, su principal referente es&nbsp;<strong>Daniel Men\u00e9ndez, ex funcionario en Desarrollo Social<\/strong>, que tambi\u00e9n fue candidato a diputado nacional por el Frente de Todos y que ahora es subsecretario de Econom\u00eda Popular en el gobierno bonaerense de Axel Kicillof. Entre las cooperativas incluidas dentro de esa agrupaci\u00f3n aparecen Voces de Barrio, el Instituto de Investigaci\u00f3n Social, Econom\u00eda Pol\u00edtica y Ciudadana (Isepci) y Por los que Menos Tienen, de Bat\u00e1n, Mar del Plata. Entre las tres, percibieron casi US$ 5 millones en estos a\u00f1os.<\/p>\n\n\n\n<p>Barrios de Pie, no obstante, tuvo doble comando hasta hace poco, ya que la agrupaci\u00f3n se la divid\u00edan entre Men\u00e9ndez y Silvia Saravia, d\u00edscola frente a la conducci\u00f3n alineada al kirchnerismo y que este a\u00f1o pas\u00f3 a liderar el movimiento de izquierda Libres del Sur.<\/p>\n\n\n\n<h2 class=\"wp-block-heading\">Las cooperativas que controla la izquierda<\/h2>\n\n\n\n<p>En la denuncia de la Justicia sobre la presunta extorsi\u00f3n a beneficiarios sociales y acerca del manejo de las cooperativas se pone la mira especialmente en los grupos piqueteros de izquierda, como el Polo Obrero y el FOL. En estos a\u00f1os, esos grupos tambi\u00e9n recibieron fondos discrecionales de parte del gobierno de Alberto Fern\u00e1ndez, m\u00e1s all\u00e1 de haber estado enfrentados y de hacerle piquetes sistem\u00e1ticos.<\/p>\n\n\n\n<p>El&nbsp;<strong>Polo Obrero de Eduardo Belliboni y Gabriel Solano<\/strong>, entre otros, cobr\u00f3 a trav\u00e9s de su asociaci\u00f3n civil US$ 2.173.929 millones en concepto de pagos del Estado. Lo hizo a trav\u00e9s de dos CUIT diferentes, con domicilios en Mariano Moreno 69, Barrio Alberdi de C\u00f3rdoba, y en Monteagudo 730 y 15 de Noviembre de 1889 1662, en la ciudad de Buenos Aires.<\/p>\n\n\n\n<p>El FOL (Frente de Organizaciones de Lucha), en tanto, est\u00e1 relacionado con al menos tres cooperativas: Abriendo Caminos de Florencio Varela, Carlos Almir\u00f3n Limitada y Cienfuegos Limitada, las tres ubicadas en distintos domicilios del partido de Florencio Varela, en la provincia de Buenos Aires. Cobraron entre US$ 500.000 y US$ 1.500.000 en estos a\u00f1os a trav\u00e9s de transferencias discrecionales.<\/p>\n\n\n\n<p>El Polo Obrero tambi\u00e9n estuvo en la mira de la Justicia por haber reconocido que cobraban una suerte de peaje a sus beneficiarios, del 2% seg\u00fan sincer\u00f3 en 2022 el propio Gabriel Solano. \u00abLos compa\u00f1eros hacen un aporte para sostener la organizaci\u00f3n y as\u00ed el movimiento se organiza como puede\u00bb, hab\u00eda dicho el dirigente de izquierda, en ese momento.<\/p>\n\n\n\n<p><img decoding=\"async\" src=\"https:\/\/www.clarin.com\/img\/2024\/05\/19\/r5Vq_Lr2T_720x0__1.jpg\" alt=\"Eduardo Belliboni, dirigente del Polo Obrero. Foto: Maxi Faila.\"><\/p>\n\n\n\n<p>Eduardo Belliboni, dirigente del Polo Obrero. Foto: Maxi Faila.<\/p>\n\n\n\n<h2 class=\"wp-block-heading\">El Sue\u00f1o del Principito y otras cooperativas vinculadas al kirchnerismo<\/h2>\n\n\n\n<p>A lo largo de los diferentes reportes de transferencias discrecionales que&nbsp;<strong>Clar\u00edn&nbsp;<\/strong>hizo en los \u00faltimos a\u00f1os surgieron algunos casos espec\u00edficos con transferencias que se dieron de manera puntual en un semestre y que despu\u00e9s fueron desactivadas, la mayor\u00eda a cooperativas y asociaciones relacionadas al kirchnerismo.<\/p>\n\n\n\n<p>El caso m\u00e1s recordado es de 2023, cuando se conoci\u00f3 que\u00a0El Sue\u00f1o del Principito, una asociaci\u00f3n civil a cargo de una gremialista ligada a la entonces ministra de Desarrollo Social Victoria Tolosa Paz, hab\u00eda cobrado $ 1.019 millones durante todo 2022. Antes y despu\u00e9s de esas transferencias, la asociaci\u00f3n no recibi\u00f3 m\u00e1s fondos.<\/p>\n\n\n\n<p>Otro caso de transferencias que crecieron exponencialmente se dio con Manos Berissenses Limitada,\u00a0una agrupaci\u00f3n que lider\u00f3 los cobros en el primer semestre de 2023\u00a0y que recibi\u00f3 en ese per\u00edodo $ 578.625.600. Manos Berissenses Limitada ten\u00eda relaci\u00f3n con el kirchnerismo y puntualmente con el ministerio de Tolosa Paz, que ya le hab\u00eda adjudicado a esa cooperativa una orden de compra por $ 475 millones en juguetes por \u00abel d\u00eda de las ni\u00f1eces\u00bb.<\/p>\n\n\n\n<p>Tambi\u00e9n hab\u00eda sido noticia en La Naci\u00f3n entonces, porque Desarrollo Social le hab\u00eda adjudicado a esa cooperativa la provisi\u00f3n de 20.000 frazadas por las que ministerio pag\u00f3 sobreprecios: en total $ 193.600.000 de hace un a\u00f1o, casi tres veces m\u00e1s que el valor del mercado.<\/p>\n\n\n\n<p>Finalmente, tambi\u00e9n el a\u00f1o pasado, hubo un caso curioso revelado por\u00a0<strong>Clar\u00edn<\/strong>, de\u00a0un bar ultrakirchnerista que cobr\u00f3 $ 36 millones en subsidios y nunca prest\u00f3 servicios sociales. Se trata de \u00abLo de N\u00e9stor\u00bb, ubicado en San Telmo, un emprendimiento comercial de Leonardo Duva, dirigente gremial cercano al ex presidente Alberto Fern\u00e1ndez y al referente social Juan Grabois, que est\u00e1 a cargo de Gestara, el grupo de empresas sociales y trabajadores autogestionados de la Rep\u00fablica Argentina.<\/p>\n\n\n\n<p>Fuentes: Clar\u00edn.<\/p>\n","protected":false},"excerpt":{"rendered":"<p>El gobierno de Alberto Fern\u00e1ndez financi\u00f3 con casi&nbsp;300 millones de d\u00f3lares a cooperativas y asociaciones de piqueteros entre 2020 y 2023. Las transferencias fueron discrecionales, se hicieron desde el ex Ministerio de Desarrollo Social y las cobraron organizaciones que dependen de dirigentes sociales como&nbsp;Juan Grabois, Emilio P\u00e9rsico, Juan Carlos Alderete, Esteban Castro y Eduardo Belliboni,<a class=\"read-more\" href=\"https:\/\/elfederalmendoza.com.ar\/index.php\/2024\/05\/20\/la-caja-mas-sospechada-el-kirchnerismo-financio-con-casi-300-millones-de-dolares-a-cooperativas-piqueteras\/\"> [&hellip;]<\/a><\/p>\n","protected":false},"author":2,"featured_media":32869,"comment_status":"open","ping_status":"open","sticky":false,"template":"","format":"standard","meta":{"footnotes":""},"categories":[5618],"tags":[],"class_list":["post-32867","post","type-post","status-publish","format-standard","has-post-thumbnail","hentry","category-arg"],"rttpg_featured_image_url":{"full":["https:\/\/elfederalmendoza.com.ar\/wp-content\/uploads\/2024\/05\/piqueteros2.jpg",760,447,false],"landscape":["https:\/\/elfederalmendoza.com.ar\/wp-content\/uploads\/2024\/05\/piqueteros2.jpg",760,447,false],"portraits":["https:\/\/elfederalmendoza.com.ar\/wp-content\/uploads\/2024\/05\/piqueteros2.jpg",760,447,false],"thumbnail":["https:\/\/elfederalmendoza.com.ar\/wp-content\/uploads\/2024\/05\/piqueteros2-150x150.jpg",150,150,true],"medium":["https:\/\/elfederalmendoza.com.ar\/wp-content\/uploads\/2024\/05\/piqueteros2-300x176.jpg",300,176,true],"large":["https:\/\/elfederalmendoza.com.ar\/wp-content\/uploads\/2024\/05\/piqueteros2.jpg",640,376,false],"1536x1536":["https:\/\/elfederalmendoza.com.ar\/wp-content\/uploads\/2024\/05\/piqueteros2.jpg",760,447,false],"2048x2048":["https:\/\/elfederalmendoza.com.ar\/wp-content\/uploads\/2024\/05\/piqueteros2.jpg",760,447,false],"ultp_layout_landscape_large":["https:\/\/elfederalmendoza.com.ar\/wp-content\/uploads\/2024\/05\/piqueteros2.jpg",760,447,false],"ultp_layout_landscape":["https:\/\/elfederalmendoza.com.ar\/wp-content\/uploads\/2024\/05\/piqueteros2.jpg",760,447,false],"ultp_layout_portrait":["https:\/\/elfederalmendoza.com.ar\/wp-content\/uploads\/2024\/05\/piqueteros2-600x447.jpg",600,447,true],"ultp_layout_square":["https:\/\/elfederalmendoza.com.ar\/wp-content\/uploads\/2024\/05\/piqueteros2-600x447.jpg",600,447,true],"rpwe-thumbnail":["https:\/\/elfederalmendoza.com.ar\/wp-content\/uploads\/2024\/05\/piqueteros2-45x45.jpg",45,45,true],"advps-thumb-one":["https:\/\/elfederalmendoza.com.ar\/wp-content\/uploads\/2024\/05\/piqueteros2-760x420.jpg",760,420,true]},"rttpg_author":{"display_name":"Redacci\u00f3n El Federal","author_link":"https:\/\/elfederalmendoza.com.ar\/index.php\/author\/angelflores\/"},"rttpg_comment":0,"rttpg_category":"<a href=\"https:\/\/elfederalmendoza.com.ar\/index.php\/category\/arg\/\" rel=\"category tag\">Argentina<\/a>","rttpg_excerpt":"El gobierno de Alberto Fern\u00e1ndez financi\u00f3 con casi&nbsp;300 millones de d\u00f3lares a cooperativas y asociaciones de piqueteros entre 2020 y 2023. Las transferencias fueron discrecionales, se hicieron desde el ex Ministerio de Desarrollo Social y las cobraron organizaciones que dependen de dirigentes sociales como&nbsp;Juan Grabois, Emilio P\u00e9rsico, Juan Carlos Alderete, Esteban Castro y Eduardo Belliboni,&hellip;","_links":{"self":[{"href":"https:\/\/elfederalmendoza.com.ar\/index.php\/wp-json\/wp\/v2\/posts\/32867","targetHints":{"allow":["GET"]}}],"collection":[{"href":"https:\/\/elfederalmendoza.com.ar\/index.php\/wp-json\/wp\/v2\/posts"}],"about":[{"href":"https:\/\/elfederalmendoza.com.ar\/index.php\/wp-json\/wp\/v2\/types\/post"}],"author":[{"embeddable":true,"href":"https:\/\/elfederalmendoza.com.ar\/index.php\/wp-json\/wp\/v2\/users\/2"}],"replies":[{"embeddable":true,"href":"https:\/\/elfederalmendoza.com.ar\/index.php\/wp-json\/wp\/v2\/comments?post=32867"}],"version-history":[{"count":1,"href":"https:\/\/elfederalmendoza.com.ar\/index.php\/wp-json\/wp\/v2\/posts\/32867\/revisions"}],"predecessor-version":[{"id":32870,"href":"https:\/\/elfederalmendoza.com.ar\/index.php\/wp-json\/wp\/v2\/posts\/32867\/revisions\/32870"}],"wp:featuredmedia":[{"embeddable":true,"href":"https:\/\/elfederalmendoza.com.ar\/index.php\/wp-json\/wp\/v2\/media\/32869"}],"wp:attachment":[{"href":"https:\/\/elfederalmendoza.com.ar\/index.php\/wp-json\/wp\/v2\/media?parent=32867"}],"wp:term":[{"taxonomy":"category","embeddable":true,"href":"https:\/\/elfederalmendoza.com.ar\/index.php\/wp-json\/wp\/v2\/categories?post=32867"},{"taxonomy":"post_tag","embeddable":true,"href":"https:\/\/elfederalmendoza.com.ar\/index.php\/wp-json\/wp\/v2\/tags?post=32867"}],"curies":[{"name":"wp","href":"https:\/\/api.w.org\/{rel}","templated":true}]}}