{"id":32872,"date":"2024-05-20T11:44:37","date_gmt":"2024-05-20T14:44:37","guid":{"rendered":"https:\/\/elfederalmendoza.com\/?p=32872"},"modified":"2024-05-20T11:44:40","modified_gmt":"2024-05-20T14:44:40","slug":"el-neomenemismo-el-movimiento-de-jovenes-mendocinos-que-se-acercaron-a-milei-por-el-legado-de-carlos-menem","status":"publish","type":"post","link":"https:\/\/elfederalmendoza.com.ar\/index.php\/2024\/05\/20\/el-neomenemismo-el-movimiento-de-jovenes-mendocinos-que-se-acercaron-a-milei-por-el-legado-de-carlos-menem\/","title":{"rendered":"El neomenemismo: El movimiento de j\u00f3venes mendocinos que se acercaron a Milei por el legado de Carlos Menem"},"content":{"rendered":"\n<p>El\u00a0<strong>neomenemismo<\/strong>, un fen\u00f3meno que surgi\u00f3 en las redes sociales -especialmente entre j\u00f3venes menores de 30 a\u00f1os-, le dio al\u00a0presidente\u00a0<strong>Javier Milei<\/strong>\u00a0la oportunidad de revivir\u00a0una \u00e9pica nost\u00e1lgica, salpicada de an\u00e9cdotas de caf\u00e9. Aqu\u00ed, una primera aproximaci\u00f3n al rescate de\u00a0<strong>Carlos Sa\u00fal Menem<\/strong>\u00a0que hacen algunos j\u00f3venes mendocinos.<\/p>\n\n\n\n<p>\u00bfD\u00f3nde est\u00e1n los puentes entre Carlos y Javier? La&nbsp;<strong>melancol\u00eda<\/strong>, de historias de boca en boca -ya que ninguno vivi\u00f3 la etapa menemista-, por un periodo de \u00ab<strong>estabilidad<\/strong>\u00ab, fue capitalizada, seg\u00fan ellos, por el libertario, quien en los \u00faltimos d\u00edas coloc\u00f3 el busto del expresidente Menem en el Hall de Honor de la Casa Rosada,&nbsp;<strong>donde antes estaba el del exmandatario N\u00e9stor Kirchner<\/strong>.<\/p>\n\n\n\n<p>No es lo \u00fanico que hizo Milei. Tambi\u00e9n asegur\u00f3 en reiteradas ocasiones que \u00ab<strong>Menem fue el mejor presidente desde la vuelta de la democracia\u00bb.<\/strong><\/p>\n\n\n\n<p><strong>\u00abCuando era ni\u00f1o, jugaba a ser Menem con una Ferrari y le ped\u00eda al peluquero que me haga el corte de \u00e9l\u00bb (Pujol)<\/strong><\/p>\n\n\n\n<figure class=\"wp-block-image\"><img decoding=\"async\" src=\"https:\/\/media.diariouno.com.ar\/p\/93c6bfcfaa2809ea7b8ae285833ec378\/adjuntos\/298\/imagenes\/009\/339\/0009339386\/1200x0\/smart\/captura-pantalla-2024-05-19-164845png.png\" alt=\"Luis Pujol, hijo del reconocido m&eacute;dico peronista Jorge Pujol.\" title=\"Luis Pujol, hijo del reconocido m&eacute;dico peronista Jorge Pujol.\"\/><\/figure>\n\n\n\n<p>Luis Pujol, hijo del reconocido m\u00e9dico peronista Jorge Pujol.<\/p>\n\n\n\n<p>\u00abA los j\u00f3venes nos llev\u00f3 a ser&nbsp;<strong>nost\u00e1lgicos de los tiempos de Menem<\/strong>&nbsp;el hecho de que no tenemos recuerdos de vivir sin inflaci\u00f3n. Siempre nos pareci\u00f3 caro comprar bienes importados. En tiempos de Menem,&nbsp;<strong>la inflaci\u00f3n no era un problema<\/strong>, y el acceso a la vivienda era m\u00e1s sencillo\u00bb, afirm\u00f3&nbsp;<strong>Luis Pujol<\/strong>, hijo del m\u00e9dico Jorge Pujol, conocido en los c\u00edrculos del peronismo mendocino.<\/p>\n\n\n\n<figure class=\"wp-block-image\"><img decoding=\"async\" src=\"https:\/\/media.diariouno.com.ar\/p\/918cfabb2d85eeeea5fefa2c7dc095a0\/adjuntos\/298\/imagenes\/009\/339\/0009339384\/1200x0\/smart\/whatsapp-image-2024-05-19-at-163101jpeg.jpeg\" alt=\"Valentina Zenocratti, una de las menemistas, junto al presidente Javier Milei.\" title=\"Valentina Zenocratti, una de las menemistas, junto al presidente Javier Milei.\"\/><\/figure>\n\n\n\n<p>Valentina Zenocratti, una de las menemistas, junto al presidente Javier Milei.<\/p>\n\n\n\n<p>Y esta cuesti\u00f3n, seg\u00fan ellos, la viene a revivir el presidente. \u00abMenem, en su momento, llamaba a su plan econ\u00f3mico &#8216;<strong>econom\u00eda popular de mercado<\/strong>&#8216;, algo que es exactamente&nbsp;<strong>lo mismo que hace Milei<\/strong>, abrir la econom\u00eda y fomentar las libertades individuales\u00bb, se\u00f1al\u00f3&nbsp;<strong>Valentina Zenocratti<\/strong>, una de las voces femeninas de este fen\u00f3meno. Los paralelismos son bastante claros, acot\u00f3.<\/p>\n\n\n\n<p>Son j\u00f3venes, la mayor\u00eda est\u00e1 en la universidad o transitando sus primeros a\u00f1os en el mundo laboral. Apuestan por Menem, no solo por la&nbsp;<strong>est\u00e9tica&nbsp;<\/strong>\u2014la&nbsp;<strong>Ferrari&nbsp;<\/strong>roja, la&nbsp;<strong>F\u00f3rmula&nbsp;<\/strong>1, su&nbsp;<strong>carisma&nbsp;<\/strong>frente a las c\u00e1maras\u2014, sino tambi\u00e9n por lo que ellos mismos expresan como la \u00abmelancol\u00eda\u00bb de&nbsp;<strong>los \u00faltimos recuerdos de un pa\u00eds sin inflaci\u00f3n y que, seg\u00fan ellos, se caracteriz\u00f3 por ser un per\u00edodo de estabilidad<\/strong>.<\/p>\n\n\n\n<figure class=\"wp-block-image\"><img decoding=\"async\" src=\"https:\/\/media.diariouno.com.ar\/p\/5ee52309757c1ce941a055afff34be03\/adjuntos\/298\/imagenes\/007\/764\/0007764164\/carlos-menem-61jpg.jpg\" alt=\"La Ferrari 348 TB modelo 1990 de color rojo que manejaba Carlos Sa\u00fal Menem.\" title=\"La Ferrari 348 TB modelo 1990 de color rojo que manejaba Carlos Sa\u00fal Menem.\"\/><\/figure>\n\n\n\n<p>La Ferrari 348 TB modelo 1990 de color rojo que manejaba Carlos Sa\u00fal Menem.<\/p>\n\n\n\n<p>Foto: Gentileza<\/p>\n\n\n\n<p>Tambi\u00e9n por el \u00ab<strong>glamour de la \u00e9poca<\/strong>\u00ab, otra de las virtudes que a\u00f1oran. \u00abYo tengo esta idea liberal y cuando se ejecutaron, el presidente se sacaba fotos junto con los&nbsp;<strong>Rolling Stones<\/strong>, \u00bfentend\u00e9s? Tambi\u00e9n va por el lado del&nbsp;<strong>carisma&nbsp;<\/strong>que ten\u00eda o la est\u00e9tica que ten\u00eda\u00bb, dijo por su parte&nbsp;<strong>Juan Cruz Gim\u00e9nez,<\/strong>&nbsp;dirigente de la organizaci\u00f3n universitaria mile\u00edsta,&nbsp;<strong>Uni\u00f3n para la Apertura Universitaria (UPAU)<\/strong>.<\/p>\n\n\n\n<figure class=\"wp-block-image\"><img decoding=\"async\" src=\"https:\/\/media.diariouno.com.ar\/p\/911568de7f16bbb2727668a72f207d39\/adjuntos\/298\/imagenes\/009\/339\/0009339382\/1200x0\/smart\/whatsapp-image-2024-05-19-at-150113jpeg.jpeg\" alt=\"Juan Cruz Gim\u00e9nez en la sede del Partido Dem\u00f3crata de Ciudad.\" title=\"Juan Cruz Gim\u00e9nez en la sede del Partido Dem\u00f3crata de Ciudad.\"\/><\/figure>\n\n\n\n<p>Juan Cruz Gim\u00e9nez en la sede del Partido Dem\u00f3crata de Ciudad.<\/p>\n\n\n\n<p>\u00abQuiero&nbsp;<strong>salir de vacaciones<\/strong>, disfrutar afuera. Veo que mis amigos de repente van a otros pa\u00edses, donde se gana 4.000 d\u00f3lares en Estados Unidos, 2.000 d\u00f3lares en Europa, y dec\u00eds&nbsp;<strong>qu\u00e9 pobres estamos<\/strong>. Antes el&nbsp;<strong>salario<\/strong>&nbsp;promedio era de&nbsp;<strong>1.500 d\u00f3lares. Y fue con Menem<\/strong>\u00ab, continu\u00f3 ampliando la mirada de este fen\u00f3meno.<\/p>\n\n\n\n<p>A su turno,&nbsp;<strong>Valentina Zenocratti<\/strong>&nbsp;afirm\u00f3 que \u00abel acercamiento a la figura de Menem es el conocimiento, en mi caso, a trav\u00e9s de mi padre\u00bb.<\/p>\n\n\n\n<p>\u00abMi padre vivi\u00f3 en los &#8217;90,&nbsp;<strong>siempre cont\u00f3 c\u00f3mo era vivir en los &#8217;90<\/strong>, que fue el mejor gobierno que tuvimos desde la vuelta de la democracia\u00bb, asegur\u00f3.<\/p>\n\n\n\n<h2 class=\"wp-block-heading\">Carlos Menem, un \u00eddolo que se populariz\u00f3 entre los j\u00f3venes por an\u00e9cdotas familiares<\/h2>\n\n\n\n<p>El caso m\u00e1s cercano a vivir la d\u00e9cada menemista es el de Pujol. Aunque no tiene ning\u00fan recuerdo porque estaba en su ni\u00f1ez, cuenta que \u00ab<strong>jugaba a ser Menem con una Ferrari en la Shell&nbsp;<\/strong>y le ped\u00eda al peluquero que me haga el corte de \u00e9l\u00bb.<\/p>\n\n\n\n<figure class=\"wp-block-image\"><img decoding=\"async\" src=\"https:\/\/media.diariouno.com.ar\/p\/a9e38dcfa278264e624558035c22f261\/adjuntos\/298\/imagenes\/008\/269\/0008269173\/carlos-menem-jugando-al-golfjpg.jpg\" alt=\"Carlos Sa\u00fal Menem jugando al golf.\" title=\"Carlos Sa\u00fal Menem jugando al golf.\"\/><\/figure>\n\n\n\n<p>Carlos Sa\u00fal Menem jugando al golf.<\/p>\n\n\n\n<p>\u00abLo que vimos es que hay una manera de ir al frente, ser&nbsp;<strong>canchero<\/strong>, no ser un pol\u00edtico alejado de la realidad, sino estar cerca de los eventos culturales. Por ejemplo, el deporte, cuestiones del espect\u00e1culo;&nbsp;<strong>no ser tan sobrio<\/strong>&nbsp;como eran los presidentes antes, sino romper con eso; un tipo que&nbsp;<strong>retrucaba los chistes<\/strong>\u00ab, explic\u00f3 Pujol.<\/p>\n\n\n\n<p>En los recuerdos que tiene, siempre enlazados con&nbsp;<strong>an\u00e9cdotas familiares<\/strong>, explic\u00f3 que el apoyo a Menem proviene, sobre todo, del hecho de escuchar \u00abque nuestros padres se iban de<strong>&nbsp;vacaciones a Miami<\/strong>&nbsp;todos los a\u00f1os. O mi abuelo ten\u00eda una casa ac\u00e1 y otra en&nbsp;<strong>Chile<\/strong>\u00ab, detall\u00f3, y no dej\u00f3 pasar la t\u00edpica frase instalada en la jerga argentina: \u00ab<strong>Con Menem me hice la casa<\/strong>\u00ab.<\/p>\n\n\n\n<p>Juan Cruz Gim\u00e9nez aport\u00f3: \u00abEn mi caso particular, mis padres sacaron un&nbsp;<strong>cr\u00e9dito hipotecario&nbsp;<\/strong>y la casa que tengo hoy es consecuencia de eso\u00bb.<\/p>\n\n\n\n<p>Seg\u00fan Gim\u00e9nez, la gente se pod\u00eda ir de vacaciones afuera, ten\u00eda estabilidad, cr\u00e9ditos hipotecarios y una econom\u00eda pujante.<\/p>\n\n\n\n<h2 class=\"wp-block-heading\">Ser cercanos al peronismo pero liberales no es una contradicci\u00f3n para ellos<\/h2>\n\n\n\n<p>&#8211;<strong>\u00bfLas 20 verdades te parecen liberales?<\/strong><\/p>\n\n\n\n<p>Pujol- Totalmente. Por ejemplo, la verdad n\u00famero 5 de Per\u00f3n dice el \u00fanico tipo de hombre es el que trabaja. Y que se deber\u00edan por lo menos ganar el sustento. Eso&nbsp;<strong>me parece incre\u00edblemente liberal<\/strong>. Muchas cuestiones me parecen muy liberales de las 20 verdades. Yo no encuentro una gran contradicci\u00f3n en ese sentido.<\/p>\n\n\n\n<p>Se puede hacer un liberalismo&nbsp;<strong>no gorila.<\/strong>&nbsp;O decir, par\u00e1, el peronismo no es que est\u00e9 en contra del capitalismo. El&nbsp;<strong>segundo gobierno de Per\u00f3n iba en esa direcci\u00f3n<\/strong>, y antes de morir \u00e9l quer\u00eda hacer una reuni\u00f3n con Nixon. Es m\u00e1s:&nbsp;<strong>ech\u00f3 a los montoneros de la plaza<\/strong>.<\/p>\n\n\n\n<p>Para m\u00ed ser gorila es ser&nbsp;<strong>anti-peronista<\/strong>, y no importa si los peronistas hacen cosas buenas o malas, est\u00e1s en contra y yo me pregunto, \u00bfpor qu\u00e9 no puedo agarrar y hablar bien de&nbsp;<strong>Carlos Menem<\/strong>?<\/p>\n\n\n\n<figure class=\"wp-block-image\"><img decoding=\"async\" src=\"https:\/\/media.diariouno.com.ar\/p\/9b03d6d47cb4af192904ac86772fb27a\/adjuntos\/298\/imagenes\/009\/339\/0009339388\/1200x0\/smart\/whatsapp-image-2024-05-19-at-165433jpeg.jpeg\" alt=\"Figuritas que los j\u00f3venes mendocinos del neomenemismo pegaron por toda la ciudad en reivindicaci\u00f3n del expresidente.\" title=\"Figuritas que los j\u00f3venes mendocinos del neomenemismo pegaron por toda la ciudad en reivindicaci\u00f3n del expresidente.\"\/><\/figure>\n\n\n\n<p>Figuritas que los j\u00f3venes mendocinos del neomenemismo pegaron por toda la ciudad en reivindicaci\u00f3n del expresidente.<\/p>\n\n\n\n<p>En una perspectiva similar, Valentina asegur\u00f3 que \u00ab<strong>el radicalismo es muy gorila<\/strong>; todo lo que hace el peronismo est\u00e1 mal y todo lo que hacen ellos est\u00e1 bien, generando&nbsp;<strong>una polarizaci\u00f3n muy grande<\/strong>\u00ab, agreg\u00f3.<\/p>\n\n\n\n<p>Seg\u00fan ella, si vemos los n\u00fameros de Menem en t\u00e9rminos de calidad de vida, fue un gran gobierno y fue peronista.<\/p>\n\n\n\n<p>B\u00e1sicamente, \u00ab<strong>odiar al peronismo es ser gorila<\/strong>\u00ab, cerr\u00f3.<\/p>\n\n\n\n<h2 class=\"wp-block-heading\">La pr\u00e1xis del peronismo<\/h2>\n\n\n\n<p>Lo que rescatan del peronismo, conforme a lo que ellos creen, es que tiene una estructura fuerte -sobre todo muy pol\u00edtica- que le permite ganar elecciones, o al menos mantenerse en la arena cuando pierden. Tiene un modo de ejecuci\u00f3n pol\u00edtica y un modo de praxis pol\u00edtica que claramente -de acuerdo a las palabras de Pujol-&nbsp;<strong>es superior al resto de los partidos.<\/strong><\/p>\n\n\n\n<p>\u00abEn Argentina la regla, al menos en la democracia, es que&nbsp;<strong>gobierna el peronismo<\/strong>. Entonces yo creo que cuando&nbsp;<strong>se combina la ideolog\u00eda liberal con la praxis justicialista<\/strong>, te sale un gobierno como el de Menem\u00bb, asegur\u00f3, por otro lado, Gim\u00e9nez.<\/p>\n\n\n\n<h2 class=\"wp-block-heading\">C\u00f3mo empez\u00f3 la moda menemista entre estos j\u00f3venes<\/h2>\n\n\n\n<p>Todo comenz\u00f3&nbsp;<strong>casi como una tribu urbana<\/strong>, incluso como un chiste: chicos que sub\u00edan fotos de Menem por diversi\u00f3n, sobre todo porque ten\u00eda una impronta m\u00e1s medi\u00e1tica, con la Ferrari, el champagne. Esto mencionado por ellos mismos. Lo que termin\u00f3 convirti\u00e9ndose en un fen\u00f3meno, de peronistas o \u00abno gorilas\u00bb que se decantaron por Milei e incluso&nbsp;<strong>militando activamente en La Libertad Avanza.<\/strong><\/p>\n\n\n\n<p>\u00abHace por lo menos unos 8 a\u00f1os, hubo un&nbsp;<strong>revisionismo de Menem<\/strong>&nbsp;donde se empez\u00f3, al principio como un chiste, como una&nbsp;<strong>nostalgia menemista<\/strong>&nbsp;por los \u00faltimos recuerdos de una econom\u00eda capitalista bien vivida por cierta gente\u00bb, detall\u00f3 Pujol.<\/p>\n\n\n\n<figure class=\"wp-block-image\"><img decoding=\"async\" src=\"https:\/\/media.diariouno.com.ar\/p\/8198b591bcdb44c6b46a4a9a120a789b\/adjuntos\/298\/imagenes\/007\/764\/0007764104\/carlos-menem-60jpg.jpg\" alt=\"Carlos Sa\u00fal Menem junto al grupo de rock The Rolling Stones.\" title=\"Carlos Sa\u00fal Menem junto al grupo de rock The Rolling Stones.\"\/><\/figure>\n\n\n\n<p>Carlos Sa\u00fal Menem junto al grupo de rock The Rolling Stones.<\/p>\n\n\n\n<p>Foto: Gentileza<\/p>\n\n\n\n<p>Incluso varios de ellos aseguraron que provienen del&nbsp;<strong>Partido Justicialista.<\/strong><\/p>\n\n\n\n<p>\u00abNosotros reivindicamos las&nbsp;<strong>fases m\u00e1s procapitalistas del peronismo<\/strong>, es decir, cuestiones que surgen a partir del segundo mandato de Per\u00f3n, y sobre todo, a Menem\u00bb, asegur\u00f3 Luis.<\/p>\n\n\n\n<p>Si la juventud busca algo, explic\u00f3 Juan Cruz, el militante de UPAU, es estabilidad econ\u00f3mica. \u00abY la promesa de Milei es esa. Salir de este esquema, y esperamos que una vez que se hagan ciertos procesos, va a empezar a entrar una tendencia, una estabilidad macro como la de Menem.<\/p>\n\n\n\n<h2 class=\"wp-block-heading\">Las redes sociales motorizaron el discurso de que otros viven mejor y querer parecerse a ellos<\/h2>\n\n\n\n<p><strong>Internet<\/strong>&nbsp;y, sobre todo, la llegada de las redes sociales y su masificaci\u00f3n marcaron un quiebre para la juventud. Lo determinante fue la posibilidad de ver en&nbsp;<strong>tiempo real videos de personas que viven en el primer mundo<\/strong>, explic\u00f3 Pujol.<\/p>\n\n\n\n<p>\u00abCreo que es la juventud; ve todo el tiempo afuera,&nbsp;<strong>est\u00e1 conectada a internet y compara todo el tiempo<\/strong>, y quiere un poco de esa estabilidad\u00bb, remarc\u00f3.<\/p>\n\n\n\n<p>\u00abCuando entr\u00e1s en&nbsp;<strong>YouTube&nbsp;<\/strong>o en&nbsp;<strong>TikTok<\/strong>, ten\u00e9s la posibilidad de ver a personas comunes y corrientes de cualquier pa\u00eds y pod\u00e9s ver c\u00f3mo vive un&nbsp;<strong>chino,<\/strong>&nbsp;un&nbsp;<strong>brasile\u00f1o.<\/strong>&nbsp;Entonces, empez\u00e1s a comparar los est\u00e1ndares de vida\u00bb, explic\u00f3 Gim\u00e9nez.<\/p>\n\n\n\n<p>\u00abY cuando ves que un&nbsp;<strong>chileno,<\/strong>&nbsp;literalmente, puede comprarse una&nbsp;<strong>Play<\/strong>&nbsp;<strong>5<\/strong>&nbsp;de la nada, o un brasile\u00f1o tambi\u00e9n, o un paraguayo que consigue tecnolog\u00eda a mitad de precio, entonces te pregunt\u00e1s por qu\u00e9 en otros lugares s\u00ed, y ac\u00e1 no\u00bb, plante\u00f3 Gim\u00e9nez.<\/p>\n\n\n\n<p>\u00abY estamos&nbsp;<strong>hablando de cosas normales<\/strong>, ropa, o un auto\u00bb. Seg\u00fan Gim\u00e9nez, \u00abun joven de 20 a\u00f1os en Chile se puede comprar un veh\u00edculo, esto ac\u00e1 no existe\u00bb.<\/p>\n\n\n\n<p>\u00abQue no haya un Apple Store, que directamente ni siquiera tengamos esas posibilidades, hace que te preguntes si no nos estaremos perdiendo algo. De repente ves en internet que tienen los&nbsp;<strong>Tesla,<\/strong>&nbsp;tienen el \u00faltimo&nbsp;<strong>gadget tecnol\u00f3gico<\/strong>&nbsp;que ac\u00e1 ni siquiera aparece, y dec\u00eds \u00bfpor qu\u00e9 no est\u00e1? S\u00ed, no est\u00e1 porque lo traba la&nbsp;<strong>AFIP<\/strong>; o s\u00ed, pero ten\u00e9s que pagarla cuatro veces m\u00e1s que mi t\u00edo que se lo compr\u00f3 en Miami, o no s\u00e9 qu\u00e9. Che, \u00bfno nos estaremos quedando un poco?\u00bb, reflexion\u00f3 Gim\u00e9nez.<\/p>\n\n\n\n<h2 class=\"wp-block-heading\">Seg\u00fan los neomenemistas los datos negativos de Menem se pueden rebatir<\/h2>\n\n\n\n<p>Quiz\u00e1s una de las mayores cr\u00edticas a la d\u00e9cada de los &#8217;90 fue la alta cantidad de&nbsp;<strong>desempleo,<\/strong>&nbsp;consecuencia del cierre de f\u00e1bricas. Este argumento, que es una forma de percibir el menemismo, es&nbsp;<strong>rebatible,<\/strong>&nbsp;seg\u00fan Pujol.<\/p>\n\n\n\n<p>\u00abSi bien hubo desempleo, tambi\u00e9n hubo un crecimiento del&nbsp;<strong>PBI muy alto<\/strong>&nbsp;en esa \u00e9poca. No estoy seguro de que el empleo registrado en ese momento fuera tan alto como indicaban las estad\u00edsticas\u00bb, argument\u00f3.<\/p>\n\n\n\n<p>\u00ab<strong>No sabemos si los datos estaban tan bien antes como ahora<\/strong>\u00ab, continu\u00f3.<\/p>\n\n\n\n<h2 class=\"wp-block-heading\">C\u00f3mo nace el neomenemismo: la impronta de Maslat\u00f3n<\/h2>\n\n\n\n<p>Este fen\u00f3meno social que emergi\u00f3 en las redes sociales tuvo varios responsables, seg\u00fan ellos, en primer lugar el abogado financiero y panelista de programas de espect\u00e1culos,&nbsp;<strong>Carlos Maslat\u00f3n<\/strong>. \u00abLos chicos lo conocemos a Carlos. Ten\u00edamos mucho contacto\u00bb<\/p>\n\n\n\n<figure class=\"wp-block-image\"><img decoding=\"async\" src=\"https:\/\/media.diariouno.com.ar\/p\/1af2d1ea23259f7d321bed3e160097ef\/adjuntos\/298\/imagenes\/009\/339\/0009339383\/1200x0\/smart\/whatsapp-image-2024-05-19-at-150647jpeg.jpeg\" alt=\"Luis Pujol junto a Carlos Maslat\u00f3n, abogado financiero y panelista de programas de televisi\u00f3n.\" title=\"Luis Pujol junto a Carlos Maslat\u00f3n, abogado financiero y panelista de programas de televisi\u00f3n.\"\/><\/figure>\n\n\n\n<p>Luis Pujol junto a Carlos Maslat\u00f3n, abogado financiero y panelista de programas de televisi\u00f3n.<\/p>\n\n\n\n<p>\u00ab<strong>Maslat\u00f3n subi\u00f3 a un ring, no principal, pero s\u00ed importante, a Milei<\/strong>, es el primero que le hace las notas de radio y lo pone como panelista toda la semana y reci\u00e9n despu\u00e9s aparece en otros programas\u00bb, explic\u00f3 Pujol.<\/p>\n\n\n\n<p>Despu\u00e9s hay&nbsp;<strong>influencers<\/strong>.\u00bbInfluencers, que de alguna manera invocaron a este neomenemismo. Est\u00e1 sin ir m\u00e1s lejos una cuenta que se llama&nbsp;<strong>Ziberial en Twitter<\/strong>\u00ab.<\/p>\n\n\n\n<p>Ah\u00ed arrancamos, y empezamos a decir \u00ab<strong>juntemos fotos de Menem haciendo cosas<\/strong>. A ver quien encuentra la foto m\u00e1s raras de Menem y era entonces divertido. Y empezaron a aparecer&nbsp;<strong>cuentas que reivindican literalmente a Carlos Menem<\/strong>, otras que sin querer, subiendo memes de Menem y cosas as\u00ed, quedaron relacionadas\u00bb.<\/p>\n\n\n\n<p>\u00abY se fue&nbsp;<strong>armando<\/strong>&nbsp;una&nbsp;<strong>movida<\/strong>&nbsp;y nos dec\u00edamos: &#8216;a lo mejor es verdad que todo tiempo pasado fue mejor'\u00bb, cerr\u00f3.<\/p>\n","protected":false},"excerpt":{"rendered":"<p>El\u00a0neomenemismo, un fen\u00f3meno que surgi\u00f3 en las redes sociales -especialmente entre j\u00f3venes menores de 30 a\u00f1os-, le dio al\u00a0presidente\u00a0Javier Milei\u00a0la oportunidad de revivir\u00a0una \u00e9pica nost\u00e1lgica, salpicada de an\u00e9cdotas de caf\u00e9. Aqu\u00ed, una primera aproximaci\u00f3n al rescate de\u00a0Carlos Sa\u00fal Menem\u00a0que hacen algunos j\u00f3venes mendocinos. \u00bfD\u00f3nde est\u00e1n los puentes entre Carlos y Javier? La&nbsp;melancol\u00eda, de historias de<a class=\"read-more\" href=\"https:\/\/elfederalmendoza.com.ar\/index.php\/2024\/05\/20\/el-neomenemismo-el-movimiento-de-jovenes-mendocinos-que-se-acercaron-a-milei-por-el-legado-de-carlos-menem\/\"> [&hellip;]<\/a><\/p>\n","protected":false},"author":2,"featured_media":32874,"comment_status":"open","ping_status":"open","sticky":false,"template":"","format":"standard","meta":{"footnotes":""},"categories":[1],"tags":[],"class_list":["post-32872","post","type-post","status-publish","format-standard","has-post-thumbnail","hentry","category-mza"],"rttpg_featured_image_url":{"full":["https:\/\/elfederalmendoza.com.ar\/wp-content\/uploads\/2024\/05\/ferrari.jpg",1344,891,false],"landscape":["https:\/\/elfederalmendoza.com.ar\/wp-content\/uploads\/2024\/05\/ferrari.jpg",1344,891,false],"portraits":["https:\/\/elfederalmendoza.com.ar\/wp-content\/uploads\/2024\/05\/ferrari.jpg",1344,891,false],"thumbnail":["https:\/\/elfederalmendoza.com.ar\/wp-content\/uploads\/2024\/05\/ferrari-150x150.jpg",150,150,true],"medium":["https:\/\/elfederalmendoza.com.ar\/wp-content\/uploads\/2024\/05\/ferrari-300x199.jpg",300,199,true],"large":["https:\/\/elfederalmendoza.com.ar\/wp-content\/uploads\/2024\/05\/ferrari-1024x679.jpg",640,424,true],"1536x1536":["https:\/\/elfederalmendoza.com.ar\/wp-content\/uploads\/2024\/05\/ferrari.jpg",1344,891,false],"2048x2048":["https:\/\/elfederalmendoza.com.ar\/wp-content\/uploads\/2024\/05\/ferrari.jpg",1344,891,false],"ultp_layout_landscape_large":["https:\/\/elfederalmendoza.com.ar\/wp-content\/uploads\/2024\/05\/ferrari-1200x800.jpg",1200,800,true],"ultp_layout_landscape":["https:\/\/elfederalmendoza.com.ar\/wp-content\/uploads\/2024\/05\/ferrari-870x570.jpg",870,570,true],"ultp_layout_portrait":["https:\/\/elfederalmendoza.com.ar\/wp-content\/uploads\/2024\/05\/ferrari-600x891.jpg",600,891,true],"ultp_layout_square":["https:\/\/elfederalmendoza.com.ar\/wp-content\/uploads\/2024\/05\/ferrari-600x600.jpg",600,600,true],"rpwe-thumbnail":["https:\/\/elfederalmendoza.com.ar\/wp-content\/uploads\/2024\/05\/ferrari-45x45.jpg",45,45,true],"advps-thumb-one":["https:\/\/elfederalmendoza.com.ar\/wp-content\/uploads\/2024\/05\/ferrari-1200x420.jpg",1200,420,true]},"rttpg_author":{"display_name":"Redacci\u00f3n El Federal","author_link":"https:\/\/elfederalmendoza.com.ar\/index.php\/author\/angelflores\/"},"rttpg_comment":0,"rttpg_category":"<a href=\"https:\/\/elfederalmendoza.com.ar\/index.php\/category\/mza\/\" rel=\"category tag\">Mendoza<\/a>","rttpg_excerpt":"El\u00a0neomenemismo, un fen\u00f3meno que surgi\u00f3 en las redes sociales -especialmente entre j\u00f3venes menores de 30 a\u00f1os-, le dio al\u00a0presidente\u00a0Javier Milei\u00a0la oportunidad de revivir\u00a0una \u00e9pica nost\u00e1lgica, salpicada de an\u00e9cdotas de caf\u00e9. Aqu\u00ed, una primera aproximaci\u00f3n al rescate de\u00a0Carlos Sa\u00fal Menem\u00a0que hacen algunos j\u00f3venes mendocinos. \u00bfD\u00f3nde est\u00e1n los puentes entre Carlos y Javier? La&nbsp;melancol\u00eda, de historias de&hellip;","_links":{"self":[{"href":"https:\/\/elfederalmendoza.com.ar\/index.php\/wp-json\/wp\/v2\/posts\/32872","targetHints":{"allow":["GET"]}}],"collection":[{"href":"https:\/\/elfederalmendoza.com.ar\/index.php\/wp-json\/wp\/v2\/posts"}],"about":[{"href":"https:\/\/elfederalmendoza.com.ar\/index.php\/wp-json\/wp\/v2\/types\/post"}],"author":[{"embeddable":true,"href":"https:\/\/elfederalmendoza.com.ar\/index.php\/wp-json\/wp\/v2\/users\/2"}],"replies":[{"embeddable":true,"href":"https:\/\/elfederalmendoza.com.ar\/index.php\/wp-json\/wp\/v2\/comments?post=32872"}],"version-history":[{"count":1,"href":"https:\/\/elfederalmendoza.com.ar\/index.php\/wp-json\/wp\/v2\/posts\/32872\/revisions"}],"predecessor-version":[{"id":32875,"href":"https:\/\/elfederalmendoza.com.ar\/index.php\/wp-json\/wp\/v2\/posts\/32872\/revisions\/32875"}],"wp:featuredmedia":[{"embeddable":true,"href":"https:\/\/elfederalmendoza.com.ar\/index.php\/wp-json\/wp\/v2\/media\/32874"}],"wp:attachment":[{"href":"https:\/\/elfederalmendoza.com.ar\/index.php\/wp-json\/wp\/v2\/media?parent=32872"}],"wp:term":[{"taxonomy":"category","embeddable":true,"href":"https:\/\/elfederalmendoza.com.ar\/index.php\/wp-json\/wp\/v2\/categories?post=32872"},{"taxonomy":"post_tag","embeddable":true,"href":"https:\/\/elfederalmendoza.com.ar\/index.php\/wp-json\/wp\/v2\/tags?post=32872"}],"curies":[{"name":"wp","href":"https:\/\/api.w.org\/{rel}","templated":true}]}}