{"id":32877,"date":"2024-05-20T12:07:19","date_gmt":"2024-05-20T15:07:19","guid":{"rendered":"https:\/\/elfederalmendoza.com\/?p=32877"},"modified":"2024-05-20T12:08:26","modified_gmt":"2024-05-20T15:08:26","slug":"vuelve-el-frio-polar-a-mendoza-y-pronostican-nevadas-en-el-llano","status":"publish","type":"post","link":"https:\/\/elfederalmendoza.com.ar\/index.php\/2024\/05\/20\/vuelve-el-frio-polar-a-mendoza-y-pronostican-nevadas-en-el-llano\/","title":{"rendered":"Vuelve el fr\u00edo polar en Mendoza y pronostican nevadas en el llano"},"content":{"rendered":"\n<p>En alta monta\u00f1a contin\u00faa la presencia de un fen\u00f3meno atmosf\u00e9rico que har\u00e1 que el corredor fronterizo permanezca intransitable, al menos, hasta el pr\u00f3ximo viernes. Estiman que podr\u00eda acumularse m\u00e1s de un metro de nieve en Las Cuevas.<\/p>\n\n\n\n<p>Luego de la&nbsp;<strong>ola de fr\u00edo polar&nbsp;<\/strong>que se instal\u00f3 en&nbsp;<strong>Mendoza<\/strong>&nbsp;y que se extendi\u00f3 por varios d\u00edas,&nbsp;<mark>los especialistas advierten sobre un nuevo frente polar<\/mark>&nbsp;que se extender\u00eda por pocos d\u00edas y que podr\u00eda generar una&nbsp;<mark>posible ca\u00edda de aguanieve en el llano.<\/mark><\/p>\n\n\n\n<p>De acuerdo con lo indicado por el meteor\u00f3logo&nbsp;<strong>Fernando Jara<\/strong>, el&nbsp;<strong>jueves<\/strong>&nbsp;ser\u00eda la fecha clave.&nbsp;<em>\u201cEse d\u00eda rota el viento al sur, sureste, ingresa otro sistema de frente fr\u00edo polar que har\u00e1 descender considerablemente los registros t\u00e9rmicos\u201d,&nbsp;<\/em>dijo el especialista.<\/p>\n\n\n\n<p>La tendencia indica que \u201cesa jornada estar\u00e1 nublada, muy fr\u00eda, con precipitaciones en forma de llovizna o aguanieve en diferentes sectores de Mendoza como el Sur provincial, Valle de Uco, incluso, el Gran Mendoza\u201d, agreg\u00f3 el meteor\u00f3logo.<mark><strong>\u00a0La m\u00ednima ser\u00e1 de 0 grados y la m\u00e1xima llegar\u00eda a los 9.<\/strong><\/mark><\/p>\n\n\n\n<figure class=\"wp-block-image\"><img decoding=\"async\" src=\"https:\/\/i0.wp.com\/newspack-elsol.s3.amazonaws.com\/wp-content\/uploads\/2024\/05\/potrerillos-nevado-1024x578.png?resize=780%2C440&amp;ssl=1\" alt=\"\" class=\"wp-image-1958379\"\/><\/figure>\n\n\n\n<p>Adem\u00e1s,<mark>\u00a0contin\u00faa la inestabilidad en<strong>\u00a0alta monta\u00f1a<\/strong>, con nevadas intensas.\u00a0<\/mark>Los modelos indican que en\u00a0<strong>Las Cuevas<\/strong>\u00a0podr\u00eda acumularse m\u00e1s de un metro de nieve, por lo que no se prev\u00e9 que se pueda habilitar el paso a Chile antes del viernes.<\/p>\n\n\n\n<h2 class=\"wp-block-heading\" id=\"h-que-pasara-el-25-de-mayo\">Qu\u00e9 pasar\u00e1 el 25 de Mayo<\/h2>\n\n\n\n<p>Seg\u00fan los pron\u00f3sticos, el fr\u00edo continuar\u00e1 el&nbsp;<strong>viernes<\/strong>, con una m\u00ednima de 0 grados y una m\u00e1xima de 12<\/p>\n\n\n\n<p>El&nbsp;<strong>s\u00e1bado<\/strong>&nbsp;<strong>25 de Mayo,<\/strong>&nbsp;feriado en Argentina, por conmemorarse un nuevo aniversario de la Revoluci\u00f3n de Mayo, \u201cel cielo estar\u00e1 nublado, fr\u00edo, con precipitaciones que, en algunos sectores del llano, podr\u00eda registrarse en forma de&nbsp;<strong>aguanieve<\/strong>\u201c.&nbsp;<mark>La m\u00ednima ser\u00e1 de 0 grados y la m\u00e1xima de 9,<\/mark>&nbsp;explic\u00f3 Jara.<\/p>\n\n\n\n<p>En tanto, el&nbsp;<strong>domingo<\/strong>, habr\u00e1 nubosidad en disminuci\u00f3n e inestabilidad en cordillera.&nbsp;<mark>La m\u00ednima ser\u00e1 de 2 grados bajo cero y la m\u00e1xima de 11.<\/mark><\/p>\n\n\n\n<p>En redes sociales, incluso, se habl\u00f3 de posibles nevadas en sectores de la provincia de Buenos Aires.<\/p>\n\n\n\n<figure class=\"wp-block-image\"><img decoding=\"async\" src=\"https:\/\/i0.wp.com\/newspack-elsol.s3.amazonaws.com\/wp-content\/uploads\/2024\/05\/GN9nS2PXsAA2vBN-1024x856.jpg?resize=780%2C652&amp;ssl=1\" alt=\"\" class=\"wp-image-1960995\"\/><\/figure>\n\n\n\n<h3 class=\"wp-block-heading\"><\/h3>\n","protected":false},"excerpt":{"rendered":"<p>En alta monta\u00f1a contin\u00faa la presencia de un fen\u00f3meno atmosf\u00e9rico que har\u00e1 que el corredor fronterizo permanezca intransitable, al menos, hasta el pr\u00f3ximo viernes. Estiman que podr\u00eda acumularse m\u00e1s de un metro de nieve en Las Cuevas. Luego de la&nbsp;ola de fr\u00edo polar&nbsp;que se instal\u00f3 en&nbsp;Mendoza&nbsp;y que se extendi\u00f3 por varios d\u00edas,&nbsp;los especialistas advierten sobre<a class=\"read-more\" href=\"https:\/\/elfederalmendoza.com.ar\/index.php\/2024\/05\/20\/vuelve-el-frio-polar-a-mendoza-y-pronostican-nevadas-en-el-llano\/\"> [&hellip;]<\/a><\/p>\n","protected":false},"author":2,"featured_media":32879,"comment_status":"open","ping_status":"open","sticky":false,"template":"","format":"standard","meta":{"footnotes":""},"categories":[1],"tags":[],"class_list":["post-32877","post","type-post","status-publish","format-standard","has-post-thumbnail","hentry","category-mza"],"rttpg_featured_image_url":{"full":["https:\/\/elfederalmendoza.com.ar\/wp-content\/uploads\/2024\/05\/nieve.jpg",1024,768,false],"landscape":["https:\/\/elfederalmendoza.com.ar\/wp-content\/uploads\/2024\/05\/nieve.jpg",1024,768,false],"portraits":["https:\/\/elfederalmendoza.com.ar\/wp-content\/uploads\/2024\/05\/nieve.jpg",1024,768,false],"thumbnail":["https:\/\/elfederalmendoza.com.ar\/wp-content\/uploads\/2024\/05\/nieve-150x150.jpg",150,150,true],"medium":["https:\/\/elfederalmendoza.com.ar\/wp-content\/uploads\/2024\/05\/nieve-300x225.jpg",300,225,true],"large":["https:\/\/elfederalmendoza.com.ar\/wp-content\/uploads\/2024\/05\/nieve.jpg",640,480,false],"1536x1536":["https:\/\/elfederalmendoza.com.ar\/wp-content\/uploads\/2024\/05\/nieve.jpg",1024,768,false],"2048x2048":["https:\/\/elfederalmendoza.com.ar\/wp-content\/uploads\/2024\/05\/nieve.jpg",1024,768,false],"ultp_layout_landscape_large":["https:\/\/elfederalmendoza.com.ar\/wp-content\/uploads\/2024\/05\/nieve.jpg",1024,768,false],"ultp_layout_landscape":["https:\/\/elfederalmendoza.com.ar\/wp-content\/uploads\/2024\/05\/nieve-870x570.jpg",870,570,true],"ultp_layout_portrait":["https:\/\/elfederalmendoza.com.ar\/wp-content\/uploads\/2024\/05\/nieve-600x768.jpg",600,768,true],"ultp_layout_square":["https:\/\/elfederalmendoza.com.ar\/wp-content\/uploads\/2024\/05\/nieve-600x600.jpg",600,600,true],"rpwe-thumbnail":["https:\/\/elfederalmendoza.com.ar\/wp-content\/uploads\/2024\/05\/nieve-45x45.jpg",45,45,true],"advps-thumb-one":["https:\/\/elfederalmendoza.com.ar\/wp-content\/uploads\/2024\/05\/nieve-1024x420.jpg",1024,420,true]},"rttpg_author":{"display_name":"Redacci\u00f3n El Federal","author_link":"https:\/\/elfederalmendoza.com.ar\/index.php\/author\/angelflores\/"},"rttpg_comment":0,"rttpg_category":"<a href=\"https:\/\/elfederalmendoza.com.ar\/index.php\/category\/mza\/\" rel=\"category tag\">Mendoza<\/a>","rttpg_excerpt":"En alta monta\u00f1a contin\u00faa la presencia de un fen\u00f3meno atmosf\u00e9rico que har\u00e1 que el corredor fronterizo permanezca intransitable, al menos, hasta el pr\u00f3ximo viernes. Estiman que podr\u00eda acumularse m\u00e1s de un metro de nieve en Las Cuevas. Luego de la&nbsp;ola de fr\u00edo polar&nbsp;que se instal\u00f3 en&nbsp;Mendoza&nbsp;y que se extendi\u00f3 por varios d\u00edas,&nbsp;los especialistas advierten sobre&hellip;","_links":{"self":[{"href":"https:\/\/elfederalmendoza.com.ar\/index.php\/wp-json\/wp\/v2\/posts\/32877","targetHints":{"allow":["GET"]}}],"collection":[{"href":"https:\/\/elfederalmendoza.com.ar\/index.php\/wp-json\/wp\/v2\/posts"}],"about":[{"href":"https:\/\/elfederalmendoza.com.ar\/index.php\/wp-json\/wp\/v2\/types\/post"}],"author":[{"embeddable":true,"href":"https:\/\/elfederalmendoza.com.ar\/index.php\/wp-json\/wp\/v2\/users\/2"}],"replies":[{"embeddable":true,"href":"https:\/\/elfederalmendoza.com.ar\/index.php\/wp-json\/wp\/v2\/comments?post=32877"}],"version-history":[{"count":2,"href":"https:\/\/elfederalmendoza.com.ar\/index.php\/wp-json\/wp\/v2\/posts\/32877\/revisions"}],"predecessor-version":[{"id":32883,"href":"https:\/\/elfederalmendoza.com.ar\/index.php\/wp-json\/wp\/v2\/posts\/32877\/revisions\/32883"}],"wp:featuredmedia":[{"embeddable":true,"href":"https:\/\/elfederalmendoza.com.ar\/index.php\/wp-json\/wp\/v2\/media\/32879"}],"wp:attachment":[{"href":"https:\/\/elfederalmendoza.com.ar\/index.php\/wp-json\/wp\/v2\/media?parent=32877"}],"wp:term":[{"taxonomy":"category","embeddable":true,"href":"https:\/\/elfederalmendoza.com.ar\/index.php\/wp-json\/wp\/v2\/categories?post=32877"},{"taxonomy":"post_tag","embeddable":true,"href":"https:\/\/elfederalmendoza.com.ar\/index.php\/wp-json\/wp\/v2\/tags?post=32877"}],"curies":[{"name":"wp","href":"https:\/\/api.w.org\/{rel}","templated":true}]}}