{"id":32889,"date":"2024-05-21T10:20:08","date_gmt":"2024-05-21T13:20:08","guid":{"rendered":"https:\/\/elfederalmendoza.com\/?p=32889"},"modified":"2024-05-21T10:20:11","modified_gmt":"2024-05-21T13:20:11","slug":"una-mujer-policia-mato-de-varios-balazos-a-un-delincuente-en-las-heras","status":"publish","type":"post","link":"https:\/\/elfederalmendoza.com.ar\/index.php\/2024\/05\/21\/una-mujer-policia-mato-de-varios-balazos-a-un-delincuente-en-las-heras\/","title":{"rendered":"Una mujer polic\u00eda mat\u00f3 de varios balazos a un delincuente en Las Heras"},"content":{"rendered":"\n<p>Este martes por la ma\u00f1ana, una\u00a0<strong>polic\u00eda<\/strong>\u00a0mat\u00f3 a un presunto ladr\u00f3n en\u00a0<strong>Las Heras<\/strong>. El hecho ocurri\u00f3 a metros de una parada de colectivo de Panquehua, donde la mujer hab\u00eda dejado a su hijo. El sujeto estaba armado y lleg\u00f3 a golpear a la agente en la cabeza antes de ser baleado con el arma reglamentaria.<\/p>\n\n\n\n<p>Los disparos llegaron a o\u00eddos de los vecinos, que llamaron al 911 denunciando haber escuchado tiros y gritos de una mujer. Otro llamado luego inform\u00f3 que hab\u00eda un hombre tirado en la v\u00eda p\u00fablica. Los polic\u00edas llegaron al lugar y se enteraron de que la asaltada era una compa\u00f1era de la fuerza y de que el sospechoso de intentar robarle estaba tendido casi sin signos vitales.<\/p>\n\n\n\n<figure class=\"wp-block-image is-resized\"><img decoding=\"async\" src=\"https:\/\/www.mendozapost.com\/files\/image\/571\/571633\/664c9db42bf79.png\" alt=\"\" style=\"width:840px;height:auto\"\/><figcaption class=\"wp-element-caption\">Juan Ariel Azcurra.<\/figcaption><\/figure>\n\n\n\n<p>Seg\u00fan informaron fuentes del Ministerio de Seguridad, en un descampado sobre calle San Mart\u00edn y Bartolom\u00e9, la&nbsp;<strong>polic\u00eda<\/strong>&nbsp;volv\u00eda de dejar a su hijo en la parada de micro. Eran las 7.45 cuando se le aproxim\u00f3 un sujeto con intenciones de robarle. El siguiente mapa de Google muestra la zona exacta donde ocurri\u00f3 el hecho.<\/p>\n\n\n\n<p>El hombre estaba armado con un elemento similar a un pedazo de hierro. Siempre seg\u00fan la informaci\u00f3n policial, el sujeto se abalanz\u00f3 sobre la efectivo y comenz\u00f3 un forcejeo. La golpe\u00f3 con el fierro en la cabeza. <strong>La mujer entonces sac\u00f3 su arma reglamentaria y efectu\u00f3 varios disparos.<\/strong><\/p>\n\n\n\n<figure class=\"wp-block-image is-resized\"><img decoding=\"async\" src=\"https:\/\/www.mendozapost.com\/files\/image\/571\/571613\/664c944b0dc5f_570_259!.jpg?s=8d90a27a8d7a2d916a8183f62a12f53f&amp;d=1716294733\" alt=\"\" style=\"width:840px;height:auto\"\/><figcaption class=\"wp-element-caption\">Polic\u00eda Cient\u00edfica trabaj\u00f3 en la escena del hecho.<\/figcaption><\/figure>\n\n\n\n<p>El sujeto fallecido era\u00a0<strong>Juan Ariel Azcurra<\/strong>, de 31 a\u00f1os, con domicilio en Las Heras. <strong>Ten\u00eda antecedentes penales de todo tipo, seg\u00fan inform\u00f3 el Ministerio de Seguridad.<\/strong><\/p>\n\n\n\n<p>Estos inclu\u00edan agresiones, amenazas, amenazas con arma de fuego y tenencia ilegal de arma de fuego.<\/p>\n\n\n\n<figure class=\"wp-block-image is-resized\"><img decoding=\"async\" src=\"https:\/\/www.mendozapost.com\/files\/image\/571\/571625\/664c9ab8a0f02.jpg\" alt=\"\" style=\"width:840px;height:auto\"\/><figcaption class=\"wp-element-caption\">Juan Ariel Azcurra, el hombre abatido.<\/figcaption><\/figure>\n","protected":false},"excerpt":{"rendered":"<p>Este martes por la ma\u00f1ana, una\u00a0polic\u00eda\u00a0mat\u00f3 a un presunto ladr\u00f3n en\u00a0Las Heras. El hecho ocurri\u00f3 a metros de una parada de colectivo de Panquehua, donde la mujer hab\u00eda dejado a su hijo. El sujeto estaba armado y lleg\u00f3 a golpear a la agente en la cabeza antes de ser baleado con el arma reglamentaria. Los<a class=\"read-more\" href=\"https:\/\/elfederalmendoza.com.ar\/index.php\/2024\/05\/21\/una-mujer-policia-mato-de-varios-balazos-a-un-delincuente-en-las-heras\/\"> [&hellip;]<\/a><\/p>\n","protected":false},"author":2,"featured_media":32891,"comment_status":"open","ping_status":"open","sticky":false,"template":"","format":"standard","meta":{"footnotes":""},"categories":[1],"tags":[],"class_list":["post-32889","post","type-post","status-publish","format-standard","has-post-thumbnail","hentry","category-mza"],"rttpg_featured_image_url":{"full":["https:\/\/elfederalmendoza.com.ar\/wp-content\/uploads\/2024\/05\/mujer-policia.jpg",1154,713,false],"landscape":["https:\/\/elfederalmendoza.com.ar\/wp-content\/uploads\/2024\/05\/mujer-policia.jpg",1154,713,false],"portraits":["https:\/\/elfederalmendoza.com.ar\/wp-content\/uploads\/2024\/05\/mujer-policia.jpg",1154,713,false],"thumbnail":["https:\/\/elfederalmendoza.com.ar\/wp-content\/uploads\/2024\/05\/mujer-policia-150x150.jpg",150,150,true],"medium":["https:\/\/elfederalmendoza.com.ar\/wp-content\/uploads\/2024\/05\/mujer-policia-300x185.jpg",300,185,true],"large":["https:\/\/elfederalmendoza.com.ar\/wp-content\/uploads\/2024\/05\/mujer-policia-1024x633.jpg",640,396,true],"1536x1536":["https:\/\/elfederalmendoza.com.ar\/wp-content\/uploads\/2024\/05\/mujer-policia.jpg",1154,713,false],"2048x2048":["https:\/\/elfederalmendoza.com.ar\/wp-content\/uploads\/2024\/05\/mujer-policia.jpg",1154,713,false],"ultp_layout_landscape_large":["https:\/\/elfederalmendoza.com.ar\/wp-content\/uploads\/2024\/05\/mujer-policia.jpg",1154,713,false],"ultp_layout_landscape":["https:\/\/elfederalmendoza.com.ar\/wp-content\/uploads\/2024\/05\/mujer-policia-870x570.jpg",870,570,true],"ultp_layout_portrait":["https:\/\/elfederalmendoza.com.ar\/wp-content\/uploads\/2024\/05\/mujer-policia-600x713.jpg",600,713,true],"ultp_layout_square":["https:\/\/elfederalmendoza.com.ar\/wp-content\/uploads\/2024\/05\/mujer-policia-600x600.jpg",600,600,true],"rpwe-thumbnail":["https:\/\/elfederalmendoza.com.ar\/wp-content\/uploads\/2024\/05\/mujer-policia-45x45.jpg",45,45,true],"advps-thumb-one":["https:\/\/elfederalmendoza.com.ar\/wp-content\/uploads\/2024\/05\/mujer-policia-1154x420.jpg",1154,420,true]},"rttpg_author":{"display_name":"Redacci\u00f3n El Federal","author_link":"https:\/\/elfederalmendoza.com.ar\/index.php\/author\/angelflores\/"},"rttpg_comment":0,"rttpg_category":"<a href=\"https:\/\/elfederalmendoza.com.ar\/index.php\/category\/mza\/\" rel=\"category tag\">Mendoza<\/a>","rttpg_excerpt":"Este martes por la ma\u00f1ana, una\u00a0polic\u00eda\u00a0mat\u00f3 a un presunto ladr\u00f3n en\u00a0Las Heras. El hecho ocurri\u00f3 a metros de una parada de colectivo de Panquehua, donde la mujer hab\u00eda dejado a su hijo. El sujeto estaba armado y lleg\u00f3 a golpear a la agente en la cabeza antes de ser baleado con el arma reglamentaria. Los&hellip;","_links":{"self":[{"href":"https:\/\/elfederalmendoza.com.ar\/index.php\/wp-json\/wp\/v2\/posts\/32889","targetHints":{"allow":["GET"]}}],"collection":[{"href":"https:\/\/elfederalmendoza.com.ar\/index.php\/wp-json\/wp\/v2\/posts"}],"about":[{"href":"https:\/\/elfederalmendoza.com.ar\/index.php\/wp-json\/wp\/v2\/types\/post"}],"author":[{"embeddable":true,"href":"https:\/\/elfederalmendoza.com.ar\/index.php\/wp-json\/wp\/v2\/users\/2"}],"replies":[{"embeddable":true,"href":"https:\/\/elfederalmendoza.com.ar\/index.php\/wp-json\/wp\/v2\/comments?post=32889"}],"version-history":[{"count":1,"href":"https:\/\/elfederalmendoza.com.ar\/index.php\/wp-json\/wp\/v2\/posts\/32889\/revisions"}],"predecessor-version":[{"id":32892,"href":"https:\/\/elfederalmendoza.com.ar\/index.php\/wp-json\/wp\/v2\/posts\/32889\/revisions\/32892"}],"wp:featuredmedia":[{"embeddable":true,"href":"https:\/\/elfederalmendoza.com.ar\/index.php\/wp-json\/wp\/v2\/media\/32891"}],"wp:attachment":[{"href":"https:\/\/elfederalmendoza.com.ar\/index.php\/wp-json\/wp\/v2\/media?parent=32889"}],"wp:term":[{"taxonomy":"category","embeddable":true,"href":"https:\/\/elfederalmendoza.com.ar\/index.php\/wp-json\/wp\/v2\/categories?post=32889"},{"taxonomy":"post_tag","embeddable":true,"href":"https:\/\/elfederalmendoza.com.ar\/index.php\/wp-json\/wp\/v2\/tags?post=32889"}],"curies":[{"name":"wp","href":"https:\/\/api.w.org\/{rel}","templated":true}]}}