{"id":32902,"date":"2024-05-21T14:36:00","date_gmt":"2024-05-21T17:36:00","guid":{"rendered":"https:\/\/elfederalmendoza.com\/?p=32902"},"modified":"2024-05-21T15:41:40","modified_gmt":"2024-05-21T18:41:40","slug":"hallaron-una-arma-tumbera-que-pertenecia-al-hombre-abatido-por-la-mujer-policia-en-las-heras","status":"publish","type":"post","link":"https:\/\/elfederalmendoza.com.ar\/index.php\/2024\/05\/21\/hallaron-una-arma-tumbera-que-pertenecia-al-hombre-abatido-por-la-mujer-policia-en-las-heras\/","title":{"rendered":"Hallaron un arma tumbera que pertenec\u00eda al hombre abatido por la mujer polic\u00eda en Las Heras"},"content":{"rendered":"\n<p>En un violento\u00a0incidente\u00a0registrado a las 7 de la ma\u00f1ana del martes en la zona de Panquehua, departamento de\u00a0<strong>Las Heras,<\/strong>\u00a0una efectivo de la\u00a0<strong>Polic\u00eda de Mendoza\u00a0<\/strong>se vio obligada a utilizar su arma reglamentaria para repeler un intento de asalto. El agresor, identificado como\u00a0<strong>Juan Ariel Azcurra<\/strong>, fue abatido en el lugar. En las \u00faltimas horas se inform\u00f3 que durante una inspecci\u00f3n minuciosa en la escena del hecho, se<strong>\u00a0hall\u00f3<\/strong>\u00a0un\u00a0<strong>arma casera<\/strong>\u00a0tipo tumbera que, seg\u00fan las pericias de la Polic\u00eda Cient\u00edfica, pertenec\u00eda al presunto delincuente.<\/p>\n\n\n\n<p>La efectivo, cuyo nombre no fue revelado, regresaba de dejar a su hijo en una parada de colectivos cuando fue abordada a oscuras por Azcurra. En un intento de robarle, el hombre la amenaz\u00f3 con un arma blanca. Ante la agresi\u00f3n inminente, la polic\u00eda actu\u00f3 en defensa propia y dispar\u00f3, hiriendo de muerte al asaltante.<\/p>\n\n\n\n<p>La fiscal de Homicidios, Andrea Lazo, quien lidera la investigaci\u00f3n, inform\u00f3 recientemente sobre un avance significativo en el caso. Durante una inspecci\u00f3n minuciosa, se hall\u00f3 un arma casera tipo tumbera que, seg\u00fan las pericias de la Polic\u00eda Cient\u00edfica, pertenec\u00eda a Azcurra. Este<strong>&nbsp;hallazgo&nbsp;<\/strong>aporta m\u00e1s claridad sobre la peligrosidad del individuo en el momento del incidente.<\/p>\n\n\n\n<p><strong>Juan Ariel Azcurra\u00a0<\/strong>ten\u00eda un amplio prontuario criminal. Entre sus antecedentes penales se incluyen agresiones, coacciones agravadas por el uso de arma de fuego, amenazas simples y tenencia ilegal de armas de fuego.\u00a0<\/p>\n\n\n\n<p>Por su parte, la fiscal Andrea Lazo contin\u00faa recopilando evidencia y testimonios para cerrar el caso con claridad. Se espera que en los pr\u00f3ximos d\u00edas se presenten m\u00e1s detalles sobre el desarrollo de los acontecimientos y las conclusiones finales de la investigaci\u00f3n.<\/p>\n\n\n\n<p><em>Fuente: MDZ &#8211; Foto gentileza de Sitio Andino<\/em><\/p>\n","protected":false},"excerpt":{"rendered":"<p>En un violento\u00a0incidente\u00a0registrado a las 7 de la ma\u00f1ana del martes en la zona de Panquehua, departamento de\u00a0Las Heras,\u00a0una efectivo de la\u00a0Polic\u00eda de Mendoza\u00a0se vio obligada a utilizar su arma reglamentaria para repeler un intento de asalto. El agresor, identificado como\u00a0Juan Ariel Azcurra, fue abatido en el lugar. En las \u00faltimas horas se inform\u00f3 que<a class=\"read-more\" href=\"https:\/\/elfederalmendoza.com.ar\/index.php\/2024\/05\/21\/hallaron-una-arma-tumbera-que-pertenecia-al-hombre-abatido-por-la-mujer-policia-en-las-heras\/\"> [&hellip;]<\/a><\/p>\n","protected":false},"author":2,"featured_media":32906,"comment_status":"open","ping_status":"open","sticky":false,"template":"","format":"standard","meta":{"footnotes":""},"categories":[1],"tags":[],"class_list":["post-32902","post","type-post","status-publish","format-standard","has-post-thumbnail","hentry","category-mza"],"rttpg_featured_image_url":{"full":["https:\/\/elfederalmendoza.com.ar\/wp-content\/uploads\/2024\/05\/b2bc881f-4558-40cb-9845-7d6f2b8d2232jpeg.webp",790,528,false],"landscape":["https:\/\/elfederalmendoza.com.ar\/wp-content\/uploads\/2024\/05\/b2bc881f-4558-40cb-9845-7d6f2b8d2232jpeg.webp",790,528,false],"portraits":["https:\/\/elfederalmendoza.com.ar\/wp-content\/uploads\/2024\/05\/b2bc881f-4558-40cb-9845-7d6f2b8d2232jpeg.webp",790,528,false],"thumbnail":["https:\/\/elfederalmendoza.com.ar\/wp-content\/uploads\/2024\/05\/b2bc881f-4558-40cb-9845-7d6f2b8d2232jpeg-150x150.webp",150,150,true],"medium":["https:\/\/elfederalmendoza.com.ar\/wp-content\/uploads\/2024\/05\/b2bc881f-4558-40cb-9845-7d6f2b8d2232jpeg-300x201.webp",300,201,true],"large":["https:\/\/elfederalmendoza.com.ar\/wp-content\/uploads\/2024\/05\/b2bc881f-4558-40cb-9845-7d6f2b8d2232jpeg.webp",640,428,false],"1536x1536":["https:\/\/elfederalmendoza.com.ar\/wp-content\/uploads\/2024\/05\/b2bc881f-4558-40cb-9845-7d6f2b8d2232jpeg.webp",790,528,false],"2048x2048":["https:\/\/elfederalmendoza.com.ar\/wp-content\/uploads\/2024\/05\/b2bc881f-4558-40cb-9845-7d6f2b8d2232jpeg.webp",790,528,false],"ultp_layout_landscape_large":["https:\/\/elfederalmendoza.com.ar\/wp-content\/uploads\/2024\/05\/b2bc881f-4558-40cb-9845-7d6f2b8d2232jpeg.webp",790,528,false],"ultp_layout_landscape":["https:\/\/elfederalmendoza.com.ar\/wp-content\/uploads\/2024\/05\/b2bc881f-4558-40cb-9845-7d6f2b8d2232jpeg.webp",790,528,false],"ultp_layout_portrait":["https:\/\/elfederalmendoza.com.ar\/wp-content\/uploads\/2024\/05\/b2bc881f-4558-40cb-9845-7d6f2b8d2232jpeg-600x528.webp",600,528,true],"ultp_layout_square":["https:\/\/elfederalmendoza.com.ar\/wp-content\/uploads\/2024\/05\/b2bc881f-4558-40cb-9845-7d6f2b8d2232jpeg-600x528.webp",600,528,true],"rpwe-thumbnail":["https:\/\/elfederalmendoza.com.ar\/wp-content\/uploads\/2024\/05\/b2bc881f-4558-40cb-9845-7d6f2b8d2232jpeg-45x45.webp",45,45,true],"advps-thumb-one":["https:\/\/elfederalmendoza.com.ar\/wp-content\/uploads\/2024\/05\/b2bc881f-4558-40cb-9845-7d6f2b8d2232jpeg-790x420.webp",790,420,true]},"rttpg_author":{"display_name":"Redacci\u00f3n El Federal","author_link":"https:\/\/elfederalmendoza.com.ar\/index.php\/author\/angelflores\/"},"rttpg_comment":0,"rttpg_category":"<a href=\"https:\/\/elfederalmendoza.com.ar\/index.php\/category\/mza\/\" rel=\"category tag\">Mendoza<\/a>","rttpg_excerpt":"En un violento\u00a0incidente\u00a0registrado a las 7 de la ma\u00f1ana del martes en la zona de Panquehua, departamento de\u00a0Las Heras,\u00a0una efectivo de la\u00a0Polic\u00eda de Mendoza\u00a0se vio obligada a utilizar su arma reglamentaria para repeler un intento de asalto. El agresor, identificado como\u00a0Juan Ariel Azcurra, fue abatido en el lugar. En las \u00faltimas horas se inform\u00f3 que&hellip;","_links":{"self":[{"href":"https:\/\/elfederalmendoza.com.ar\/index.php\/wp-json\/wp\/v2\/posts\/32902","targetHints":{"allow":["GET"]}}],"collection":[{"href":"https:\/\/elfederalmendoza.com.ar\/index.php\/wp-json\/wp\/v2\/posts"}],"about":[{"href":"https:\/\/elfederalmendoza.com.ar\/index.php\/wp-json\/wp\/v2\/types\/post"}],"author":[{"embeddable":true,"href":"https:\/\/elfederalmendoza.com.ar\/index.php\/wp-json\/wp\/v2\/users\/2"}],"replies":[{"embeddable":true,"href":"https:\/\/elfederalmendoza.com.ar\/index.php\/wp-json\/wp\/v2\/comments?post=32902"}],"version-history":[{"count":2,"href":"https:\/\/elfederalmendoza.com.ar\/index.php\/wp-json\/wp\/v2\/posts\/32902\/revisions"}],"predecessor-version":[{"id":32909,"href":"https:\/\/elfederalmendoza.com.ar\/index.php\/wp-json\/wp\/v2\/posts\/32902\/revisions\/32909"}],"wp:featuredmedia":[{"embeddable":true,"href":"https:\/\/elfederalmendoza.com.ar\/index.php\/wp-json\/wp\/v2\/media\/32906"}],"wp:attachment":[{"href":"https:\/\/elfederalmendoza.com.ar\/index.php\/wp-json\/wp\/v2\/media?parent=32902"}],"wp:term":[{"taxonomy":"category","embeddable":true,"href":"https:\/\/elfederalmendoza.com.ar\/index.php\/wp-json\/wp\/v2\/categories?post=32902"},{"taxonomy":"post_tag","embeddable":true,"href":"https:\/\/elfederalmendoza.com.ar\/index.php\/wp-json\/wp\/v2\/tags?post=32902"}],"curies":[{"name":"wp","href":"https:\/\/api.w.org\/{rel}","templated":true}]}}