{"id":32910,"date":"2024-05-20T11:07:00","date_gmt":"2024-05-20T14:07:00","guid":{"rendered":"https:\/\/elfederalmendoza.com\/?p=32910"},"modified":"2024-05-22T11:41:05","modified_gmt":"2024-05-22T14:41:05","slug":"ex-funcionario-removido-tras-una-escandalosa-camara-oculta-es-el-nuevo-presidente-de-la-camara-minera-riojana","status":"publish","type":"post","link":"https:\/\/elfederalmendoza.com.ar\/index.php\/2024\/05\/20\/ex-funcionario-removido-tras-una-escandalosa-camara-oculta-es-el-nuevo-presidente-de-la-camara-minera-riojana\/","title":{"rendered":"Ex funcionario removido tras una escandalosa c\u00e1mara oculta es el nuevo presidente de la C\u00e1mara Minera Riojana"},"content":{"rendered":"\n<p><em>[REDACCI\u00d3N EL FEDERAL] <\/em>El ex secretario de Miner\u00eda, <strong>Oscar Lhez, <\/strong>fue elegido como presidente de la C\u00e1mara Minera Riojana. El funcionario del ri\u00f1\u00f3n bederista fue removido en su momento tiempo despu\u00e9s de una <strong>denuncia por el uso de maquinaria de Vialidad provincial <\/strong>para una obra realizada en secreto que lo beneficiaba.<\/p>\n\n\n\n<p>La presencia de Oscar Lhez llama la atenci\u00f3n, pues es probable que la C\u00e1mara Minera Riojana cobre protagonismo, a partir del <strong>reimpulso a la actividad minera que le est\u00e1n dando los gobiernos de Ricardo Quintela y de Javier Milei.<\/strong><\/p>\n\n\n\n<p class=\"has-vivid-red-color has-text-color has-link-color wp-elements-afdde215e366af9d69edba7775ee7b37\"><strong>La C\u00e1mara Minera<\/strong><\/p>\n\n\n\n<p>Con la presencia de m\u00e1s de 30 socios, Lhez fue elegido junto al resto de la comisi\u00f3n directiva: la secretaria <strong>Silvina D\u00edaz,<\/strong> el tesorero<strong> Luis Z\u00e1rate <\/strong>y la vocal primera <strong>Karina Vi\u00f1as. <\/strong>Esta \u00faltima fue compa\u00f1era de f\u00f3rmula de Beder Herrera. Tiene, adem\u00e1s, una consultora dedicada a la miner\u00eda, que <strong>hace un tiempo se present\u00f3 ante varios medios para hacer una encuesta supuestamente encargada por el Grupo Lundin, que est\u00e1 a cargo del proyecto Josemar\u00eda. La informaci\u00f3n fue desmentida por fuentes de la empresa ante la consulta de este medio.<\/strong><\/p>\n\n\n\n<p>En un breve comunicado publicado por <em>Radio F\u00e9nix,<\/em> Lhez fue definido como \u00ab<strong>un profesional id\u00f3neo <\/strong>que ya ocup\u00f3 la Secretaria de Miner\u00eda de la Provincia y <strong>con llegada a los principales actores de la miner\u00eda mundial\u00bb.<\/strong><\/p>\n\n\n\n<p class=\"has-vivid-red-color has-text-color has-link-color wp-elements-640b686fdf4fa5476b87f39043e405ca\"><strong>La c\u00e1mara oculta<\/strong><\/p>\n\n\n\n<p>En abril de 2017 sali\u00f3 a la luz una<strong> c\u00e1mara oculta realizada por miembros de la asamblea de Chilecito que fue noticia nacional.<\/strong> All\u00ed el entonces director de Vialidad, <strong>Miguel Bertolino,<\/strong> reconoci\u00f3 que su dependencia encar\u00f3, <strong>sin autorizaci\u00f3n ni respaldo legal, la construcci\u00f3n de un camino que atravesaba una propiedad que pertenc\u00eda a Lhez y que llegaba hasta una finca que el funcionario hab\u00eda construido, de acuerdo a la denuncia. <\/strong><\/p>\n\n\n\n<figure class=\"wp-block-embed is-type-video is-provider-youtube wp-block-embed-youtube wp-embed-aspect-16-9 wp-has-aspect-ratio\"><div class=\"wp-block-embed__wrapper\">\n<iframe loading=\"lazy\" title=\"ADM. de VIALIDAD BERTOLINO\" width=\"640\" height=\"360\" src=\"https:\/\/www.youtube.com\/embed\/UXyC7n1oBKs?feature=oembed\" frameborder=\"0\" allow=\"accelerometer; autoplay; clipboard-write; encrypted-media; gyroscope; picture-in-picture; web-share\" referrerpolicy=\"strict-origin-when-cross-origin\" allowfullscreen><\/iframe>\n<\/div><\/figure>\n\n\n\n<p>Los asamble\u00edstas realizaron otras dos c\u00e1maras ocultas, adem\u00e1s de la que hicieron con el Director de Vialidad. Una fue con\u00a0presidente de SAPEM Vial, porque supuestamente\u00a0<strong>hab\u00eda maquinarias de la compa\u00f1\u00eda trabajando en la zona<\/strong>. En la filmaci\u00f3n, el empresario aseguraba que Bertolino pag\u00f3 los trabajos, algo que el funcionario hab\u00eda negado.<\/p>\n\n\n\n<figure class=\"wp-block-embed is-type-video is-provider-youtube wp-block-embed-youtube wp-embed-aspect-16-9 wp-has-aspect-ratio\"><div class=\"wp-block-embed__wrapper\">\n<iframe loading=\"lazy\" title=\"GERENTE DE LA SAPEM VIAL\" width=\"640\" height=\"360\" src=\"https:\/\/www.youtube.com\/embed\/veIhWCNDuSQ?feature=oembed\" frameborder=\"0\" allow=\"accelerometer; autoplay; clipboard-write; encrypted-media; gyroscope; picture-in-picture; web-share\" referrerpolicy=\"strict-origin-when-cross-origin\" allowfullscreen><\/iframe>\n<\/div><\/figure>\n\n\n\n<p>La otra c\u00e1mara oculta tuvo que ver directamente con Lhez, ya que los asambleistas denunciaron que, adem\u00e1s de beneficiarse con el camino,\u00a0<strong>una empresa de su propiedad llamada Rocas Andinas se estaba quedando con material adquirido por la Secertar\u00eda de Miner\u00eda<\/strong>. En la c\u00e1mara oculta, un empleado de la firma admiti\u00f3 que su titular era el Lhez y que los remitos llegaban a nombre de la Secretar\u00eda de Miner\u00eda. <\/p>\n\n\n\n<figure class=\"wp-block-embed is-type-video is-provider-youtube wp-block-embed-youtube wp-embed-aspect-16-9 wp-has-aspect-ratio\"><div class=\"wp-block-embed__wrapper\">\n<iframe loading=\"lazy\" title=\"ROCASANDINAS OSCAR LEHZ\" width=\"640\" height=\"360\" src=\"https:\/\/www.youtube.com\/embed\/1Wz9oL5rXqI?feature=oembed\" frameborder=\"0\" allow=\"accelerometer; autoplay; clipboard-write; encrypted-media; gyroscope; picture-in-picture; web-share\" referrerpolicy=\"strict-origin-when-cross-origin\" allowfullscreen><\/iframe>\n<\/div><\/figure>\n\n\n\n<p>Luego de que se conoci\u00f3 la noticia, seg\u00fan recuerdan medios nacionales,<strong> hubo periodistas de Chilecito que recibieron amenazadas de empresarios privados. <\/strong>Y a la asamble\u00edsta Marcela Crabbe, una de las denunciantes, le habr\u00edan apedreado la casa.  <\/p>\n\n\n<div class=\"wp-block-image\">\n<figure class=\"aligncenter size-full\"><img loading=\"lazy\" decoding=\"async\" width=\"768\" height=\"576\" src=\"https:\/\/elfederalmendoza.com\/wp-content\/uploads\/2024\/05\/image.png\" alt=\"\" class=\"wp-image-32914\" srcset=\"https:\/\/elfederalmendoza.com.ar\/wp-content\/uploads\/2024\/05\/image.png 768w, https:\/\/elfederalmendoza.com.ar\/wp-content\/uploads\/2024\/05\/image-300x225.png 300w\" sizes=\"auto, (max-width: 768px) 100vw, 768px\" \/><\/figure><\/div>\n\n\n<p>Seg\u00fan los registro medi\u00e1ticos, pas\u00f3 m\u00e1s de un a\u00f1o hasta que <a href=\"https:\/\/web.archive.org\/web\/20180706163601\/http:\/\/www.elfederalonline.com:80\/2018\/07\/04\/sergio-casas-mando-retirar-las-maquinas-de-vialidad-de-las-actividades-mineras-de-oscar-lehz\/\">Sergio Casas mand\u00f3 a retirar las m\u00e1quinas de Vialidad<\/a> de la zona y apart\u00f3 de su cargo a Lhez, en julio de 2018.<\/p>\n\n\n\n<p><em>*Im\u00e1genes aportadas por los denunciantes<\/em><\/p>\n","protected":false},"excerpt":{"rendered":"<p>[REDACCI\u00d3N EL FEDERAL] El ex secretario de Miner\u00eda, Oscar Lhez, fue elegido como presidente de la C\u00e1mara Minera Riojana. El funcionario del ri\u00f1\u00f3n bederista fue removido en su momento tiempo despu\u00e9s de una denuncia por el uso de maquinaria de Vialidad provincial para una obra realizada en secreto que lo beneficiaba. La presencia de Oscar<a class=\"read-more\" href=\"https:\/\/elfederalmendoza.com.ar\/index.php\/2024\/05\/20\/ex-funcionario-removido-tras-una-escandalosa-camara-oculta-es-el-nuevo-presidente-de-la-camara-minera-riojana\/\"> [&hellip;]<\/a><\/p>\n","protected":false},"author":2,"featured_media":32915,"comment_status":"open","ping_status":"open","sticky":false,"template":"","format":"standard","meta":{"footnotes":""},"categories":[1],"tags":[],"class_list":["post-32910","post","type-post","status-publish","format-standard","has-post-thumbnail","hentry","category-mza"],"rttpg_featured_image_url":{"full":["https:\/\/elfederalmendoza.com.ar\/wp-content\/uploads\/2024\/05\/Camino-mina-La-Mejicana-Oscar-Lehz-SF-1.avif",768,576,false],"landscape":["https:\/\/elfederalmendoza.com.ar\/wp-content\/uploads\/2024\/05\/Camino-mina-La-Mejicana-Oscar-Lehz-SF-1.avif",768,576,false],"portraits":["https:\/\/elfederalmendoza.com.ar\/wp-content\/uploads\/2024\/05\/Camino-mina-La-Mejicana-Oscar-Lehz-SF-1.avif",768,576,false],"thumbnail":["https:\/\/elfederalmendoza.com.ar\/wp-content\/uploads\/2024\/05\/Camino-mina-La-Mejicana-Oscar-Lehz-SF-1-150x150.avif",150,150,true],"medium":["https:\/\/elfederalmendoza.com.ar\/wp-content\/uploads\/2024\/05\/Camino-mina-La-Mejicana-Oscar-Lehz-SF-1-300x225.avif",300,225,true],"large":["https:\/\/elfederalmendoza.com.ar\/wp-content\/uploads\/2024\/05\/Camino-mina-La-Mejicana-Oscar-Lehz-SF-1.avif",640,480,false],"1536x1536":["https:\/\/elfederalmendoza.com.ar\/wp-content\/uploads\/2024\/05\/Camino-mina-La-Mejicana-Oscar-Lehz-SF-1.avif",768,576,false],"2048x2048":["https:\/\/elfederalmendoza.com.ar\/wp-content\/uploads\/2024\/05\/Camino-mina-La-Mejicana-Oscar-Lehz-SF-1.avif",768,576,false],"ultp_layout_landscape_large":["https:\/\/elfederalmendoza.com.ar\/wp-content\/uploads\/2024\/05\/Camino-mina-La-Mejicana-Oscar-Lehz-SF-1.avif",768,576,false],"ultp_layout_landscape":["https:\/\/elfederalmendoza.com.ar\/wp-content\/uploads\/2024\/05\/Camino-mina-La-Mejicana-Oscar-Lehz-SF-1-768x570.avif",768,570,true],"ultp_layout_portrait":["https:\/\/elfederalmendoza.com.ar\/wp-content\/uploads\/2024\/05\/Camino-mina-La-Mejicana-Oscar-Lehz-SF-1-600x576.avif",600,576,true],"ultp_layout_square":["https:\/\/elfederalmendoza.com.ar\/wp-content\/uploads\/2024\/05\/Camino-mina-La-Mejicana-Oscar-Lehz-SF-1-600x576.avif",600,576,true],"rpwe-thumbnail":["https:\/\/elfederalmendoza.com.ar\/wp-content\/uploads\/2024\/05\/Camino-mina-La-Mejicana-Oscar-Lehz-SF-1-45x45.avif",45,45,true],"advps-thumb-one":["https:\/\/elfederalmendoza.com.ar\/wp-content\/uploads\/2024\/05\/Camino-mina-La-Mejicana-Oscar-Lehz-SF-1-768x420.avif",768,420,true]},"rttpg_author":{"display_name":"Redacci\u00f3n El Federal","author_link":"https:\/\/elfederalmendoza.com.ar\/index.php\/author\/angelflores\/"},"rttpg_comment":0,"rttpg_category":"<a href=\"https:\/\/elfederalmendoza.com.ar\/index.php\/category\/mza\/\" rel=\"category tag\">Mendoza<\/a>","rttpg_excerpt":"[REDACCI\u00d3N EL FEDERAL] El ex secretario de Miner\u00eda, Oscar Lhez, fue elegido como presidente de la C\u00e1mara Minera Riojana. El funcionario del ri\u00f1\u00f3n bederista fue removido en su momento tiempo despu\u00e9s de una denuncia por el uso de maquinaria de Vialidad provincial para una obra realizada en secreto que lo beneficiaba. La presencia de Oscar&hellip;","_links":{"self":[{"href":"https:\/\/elfederalmendoza.com.ar\/index.php\/wp-json\/wp\/v2\/posts\/32910","targetHints":{"allow":["GET"]}}],"collection":[{"href":"https:\/\/elfederalmendoza.com.ar\/index.php\/wp-json\/wp\/v2\/posts"}],"about":[{"href":"https:\/\/elfederalmendoza.com.ar\/index.php\/wp-json\/wp\/v2\/types\/post"}],"author":[{"embeddable":true,"href":"https:\/\/elfederalmendoza.com.ar\/index.php\/wp-json\/wp\/v2\/users\/2"}],"replies":[{"embeddable":true,"href":"https:\/\/elfederalmendoza.com.ar\/index.php\/wp-json\/wp\/v2\/comments?post=32910"}],"version-history":[{"count":4,"href":"https:\/\/elfederalmendoza.com.ar\/index.php\/wp-json\/wp\/v2\/posts\/32910\/revisions"}],"predecessor-version":[{"id":32925,"href":"https:\/\/elfederalmendoza.com.ar\/index.php\/wp-json\/wp\/v2\/posts\/32910\/revisions\/32925"}],"wp:featuredmedia":[{"embeddable":true,"href":"https:\/\/elfederalmendoza.com.ar\/index.php\/wp-json\/wp\/v2\/media\/32915"}],"wp:attachment":[{"href":"https:\/\/elfederalmendoza.com.ar\/index.php\/wp-json\/wp\/v2\/media?parent=32910"}],"wp:term":[{"taxonomy":"category","embeddable":true,"href":"https:\/\/elfederalmendoza.com.ar\/index.php\/wp-json\/wp\/v2\/categories?post=32910"},{"taxonomy":"post_tag","embeddable":true,"href":"https:\/\/elfederalmendoza.com.ar\/index.php\/wp-json\/wp\/v2\/tags?post=32910"}],"curies":[{"name":"wp","href":"https:\/\/api.w.org\/{rel}","templated":true}]}}